{"id":9263,"date":"2022-11-03T18:38:21","date_gmt":"2022-11-03T17:38:21","guid":{"rendered":"https:\/\/julienmarchal.fr\/?p=9263"},"modified":"2024-11-05T18:43:19","modified_gmt":"2024-11-05T17:43:19","slug":"temporada-2022-en-canada-2","status":"publish","type":"post","link":"https:\/\/julienmarchal.fr\/es\/saison-2022-au-canada-2\/","title":{"rendered":"Temporada 2022 en Canad\u00e1"},"content":{"rendered":"<div data-elementor-type=\"wp-post\" data-elementor-id=\"9263\" class=\"elementor elementor-9263\" data-elementor-post-type=\"post\">\n\t\t\t\t\t\t<section class=\"elementor-section elementor-top-section elementor-element elementor-element-b2d0059 elementor-section-boxed elementor-section-height-default elementor-section-height-default\" data-id=\"b2d0059\" data-element_type=\"section\" data-e-type=\"section\">\n\t\t\t\t\t\t<div class=\"elementor-container elementor-column-gap-default\">\n\t\t\t\t\t<div class=\"elementor-column elementor-col-100 elementor-top-column elementor-element elementor-element-107b1c7\" data-id=\"107b1c7\" data-element_type=\"column\" data-e-type=\"column\">\n\t\t\t<div class=\"elementor-widget-wrap elementor-element-populated\">\n\t\t\t\t\t\t<div class=\"elementor-element elementor-element-a2de1bf elementor-widget elementor-widget-heading\" data-id=\"a2de1bf\" data-element_type=\"widget\" data-e-type=\"widget\" data-widget_type=\"heading.default\">\n\t\t\t\t<div class=\"elementor-widget-container\">\n\t\t\t\t\t<h2 class=\"elementor-heading-title elementor-size-default\">Hola a todos,<\/h2>\t\t\t\t<\/div>\n\t\t\t\t<\/div>\n\t\t\t\t<div class=\"elementor-element elementor-element-b8ac11b elementor-widget elementor-widget-text-editor\" data-id=\"b8ac11b\" data-element_type=\"widget\" data-e-type=\"widget\" data-widget_type=\"text-editor.default\">\n\t\t\t\t<div class=\"elementor-widget-container\">\n\t\t\t\t\t\t\t\t\t<p>En la temporada de 2022, realic\u00e9 104 salidas durante el mes de agosto. Pude observar la ballena azul (<em>Balaenoptera musculus<\/em>), el rorcual com\u00fan (<span><em>Balaenoptera physalus<\/em>), el rorcual aliblanco (<em>Balaenoptera acutorostrata<\/em>), la ballena jorobada (<em>Megaptera novaeangliae<\/em>), la beluga (<em>Delphinapterus leucas<\/em>), la foca gris (<em>Halichoerus grypus<\/em>) y la marsopa (<em>Phocoena phocoena<\/em>). \u00a1Hubo una salida incre\u00edble en la que pudimos observar todas las especies de mam\u00edferos marinos durante el crucero de 2 horas! Este verano mi hija me acompa\u00f1\u00f3 casi todos los d\u00edas a la salida de las 08.30 horas. Para m\u00ed es muy importante compartir estos momentos con ella, mostrarle mi trabajo y el mundo marino.<\/span><\/p><p>N\u00famero de viajes a Essipit desde 2008 con una pausa entre 2017 y 2021 :<br \/>Temporada 2022: 104 cruceros<br \/>Temporada 2016: ? cruceros<br \/>Temporada 2015: 180 cruceros<br \/>Temporada 2014: 174 cruceros<br \/>Temporada 2013: 185 cruceros<br \/>Temporada 2012: 174 cruceros<br \/>Temporada 2011: 169 cruceros<br \/>Temporada 2010: 129 cruceros<br \/>Temporada 2008: ? cruceros (s\u00f3lo en junio)<\/p><p>Me hubiera gustado comparar con la temporada de 2008 porque me qued\u00e9 all\u00ed cerca de un mes como en 2022. De hecho, me iba para el <a href=\"https:\/\/julienmarchal.fr\/es\/ano-y-medio-en-polinesia-febrero-de-2010\/\" target=\"_blank\" rel=\"noopener\">Polinesia Francesa<\/a> en julio de 2008 y ya no se puede acceder al cuaderno de bit\u00e1cora.\u00a0<\/p><p>\u00a1Este a\u00f1o 2023 ser\u00e1 mi d\u00e9cima temporada!\u00a0<\/p>\t\t\t\t\t\t\t\t<\/div>\n\t\t\t\t<\/div>\n\t\t\t\t\t<\/div>\n\t\t<\/div>\n\t\t\t\t\t<\/div>\n\t\t<\/section>\n\t\t\t\t<section class=\"elementor-section elementor-top-section elementor-element elementor-element-545e77e elementor-section-boxed elementor-section-height-default elementor-section-height-default\" data-id=\"545e77e\" data-element_type=\"section\" data-e-type=\"section\">\n\t\t\t\t\t\t<div class=\"elementor-container elementor-column-gap-default\">\n\t\t\t\t\t<div class=\"elementor-column elementor-col-100 elementor-top-column elementor-element elementor-element-04f945d\" data-id=\"04f945d\" data-element_type=\"column\" data-e-type=\"column\">\n\t\t\t<div class=\"elementor-widget-wrap elementor-element-populated\">\n\t\t\t\t\t\t<div class=\"elementor-element elementor-element-5a0baa0 elementor-widget elementor-widget-gallery\" data-id=\"5a0baa0\" data-element_type=\"widget\" data-e-type=\"widget\" data-settings=\"{&quot;gallery_layout&quot;:&quot;justified&quot;,&quot;lazyload&quot;:&quot;yes&quot;,&quot;ideal_row_height&quot;:{&quot;unit&quot;:&quot;px&quot;,&quot;size&quot;:200,&quot;sizes&quot;:[]},&quot;ideal_row_height_tablet&quot;:{&quot;unit&quot;:&quot;px&quot;,&quot;size&quot;:150,&quot;sizes&quot;:[]},&quot;ideal_row_height_mobile&quot;:{&quot;unit&quot;:&quot;px&quot;,&quot;size&quot;:150,&quot;sizes&quot;:[]},&quot;gap&quot;:{&quot;unit&quot;:&quot;px&quot;,&quot;size&quot;:10,&quot;sizes&quot;:[]},&quot;gap_tablet&quot;:{&quot;unit&quot;:&quot;px&quot;,&quot;size&quot;:10,&quot;sizes&quot;:[]},&quot;gap_mobile&quot;:{&quot;unit&quot;:&quot;px&quot;,&quot;size&quot;:10,&quot;sizes&quot;:[]},&quot;link_to&quot;:&quot;file&quot;,&quot;overlay_background&quot;:&quot;yes&quot;,&quot;content_hover_animation&quot;:&quot;fade-in&quot;}\" data-widget_type=\"gallery.default\">\n\t\t\t\t<div class=\"elementor-widget-container\">\n\t\t\t\t\t\t\t<div class=\"elementor-gallery__container\">\n\t\t\t\t\t\t\t<a class=\"e-gallery-item elementor-gallery-item elementor-animated-content\" href=\"https:\/\/julienmarchal.fr\/wp-content\/uploads\/2023\/03\/croisiere-baleine-essipit-julien-marchal-2022.jpg\" data-elementor-open-lightbox=\"yes\" data-elementor-lightbox-slideshow=\"5a0baa0\" data-elementor-lightbox-title=\"croisiere-baleine-essipit-julien-marchal-2022\" data-e-action-hash=\"#elementor-action%3Aaction%3Dlightbox%26settings%3DeyJpZCI6OTI2MiwidXJsIjoiaHR0cHM6XC9cL2p1bGllbm1hcmNoYWwuZnJcL3dwLWNvbnRlbnRcL3VwbG9hZHNcLzIwMjNcLzAzXC9jcm9pc2llcmUtYmFsZWluZS1lc3NpcGl0LWp1bGllbi1tYXJjaGFsLTIwMjIuanBnIiwic2xpZGVzaG93IjoiNWEwYmFhMCJ9\">\n\t\t\t\t\t<div class=\"e-gallery-image elementor-gallery-item__image\" data-thumbnail=\"https:\/\/julienmarchal.fr\/wp-content\/uploads\/2023\/03\/croisiere-baleine-essipit-julien-marchal-2022-1024x1024.jpg\" data-width=\"1024\" data-height=\"1024\" aria-label=\"\" role=\"img\" ><\/div>\n\t\t\t\t\t\t\t\t\t\t\t<div class=\"elementor-gallery-item__overlay\"><\/div>\n\t\t\t\t\t\t\t\t\t\t\t\t\t\t<\/a>\n\t\t\t\t\t\t\t<a class=\"e-gallery-item elementor-gallery-item elementor-animated-content\" href=\"https:\/\/julienmarchal.fr\/wp-content\/uploads\/2023\/03\/croisiere-baleine-essipit-2022-scaled.jpg\" data-elementor-open-lightbox=\"yes\" data-elementor-lightbox-slideshow=\"5a0baa0\" data-elementor-lightbox-title=\"croisiere-baleine-essipit-2022\" data-e-action-hash=\"#elementor-action%3Aaction%3Dlightbox%26settings%3DeyJpZCI6OTI2MSwidXJsIjoiaHR0cHM6XC9cL2p1bGllbm1hcmNoYWwuZnJcL3dwLWNvbnRlbnRcL3VwbG9hZHNcLzIwMjNcLzAzXC9jcm9pc2llcmUtYmFsZWluZS1lc3NpcGl0LTIwMjItc2NhbGVkLmpwZyIsInNsaWRlc2hvdyI6IjVhMGJhYTAifQ%3D%3D\">\n\t\t\t\t\t<div class=\"e-gallery-image elementor-gallery-item__image\" data-thumbnail=\"https:\/\/julienmarchal.fr\/wp-content\/uploads\/2023\/03\/croisiere-baleine-essipit-2022-1024x536.jpg\" data-width=\"1024\" data-height=\"536\" aria-label=\"\" role=\"img\" ><\/div>\n\t\t\t\t\t\t\t\t\t\t\t<div class=\"elementor-gallery-item__overlay\"><\/div>\n\t\t\t\t\t\t\t\t\t\t\t\t\t\t<\/a>\n\t\t\t\t\t\t\t<a class=\"e-gallery-item elementor-gallery-item elementor-animated-content\" href=\"https:\/\/julienmarchal.fr\/wp-content\/uploads\/2023\/02\/croisieres-essipit-3-2022-scaled.jpg\" data-elementor-open-lightbox=\"yes\" data-elementor-lightbox-slideshow=\"5a0baa0\" data-elementor-lightbox-title=\"croisieres-essipit-3-2022\" data-e-action-hash=\"#elementor-action%3Aaction%3Dlightbox%26settings%3DeyJpZCI6OTE2OCwidXJsIjoiaHR0cHM6XC9cL2p1bGllbm1hcmNoYWwuZnJcL3dwLWNvbnRlbnRcL3VwbG9hZHNcLzIwMjNcLzAyXC9jcm9pc2llcmVzLWVzc2lwaXQtMy0yMDIyLXNjYWxlZC5qcGciLCJzbGlkZXNob3ciOiI1YTBiYWEwIn0%3D\">\n\t\t\t\t\t<div class=\"e-gallery-image elementor-gallery-item__image\" data-thumbnail=\"https:\/\/julienmarchal.fr\/wp-content\/uploads\/2023\/02\/croisieres-essipit-3-2022-1024x473.jpg\" data-width=\"1024\" data-height=\"473\" aria-label=\"\" role=\"img\" ><\/div>\n\t\t\t\t\t\t\t\t\t\t\t<div class=\"elementor-gallery-item__overlay\"><\/div>\n\t\t\t\t\t\t\t\t\t\t\t\t\t\t<\/a>\n\t\t\t\t\t<\/div>\n\t\t\t\t\t<\/div>\n\t\t\t\t<\/div>\n\t\t\t\t\t<\/div>\n\t\t<\/div>\n\t\t\t\t\t<\/div>\n\t\t<\/section>\n\t\t\t\t<section class=\"elementor-section elementor-top-section elementor-element elementor-element-4ed92c5d elementor-section-boxed elementor-section-height-default elementor-section-height-default\" data-id=\"4ed92c5d\" data-element_type=\"section\" data-e-type=\"section\">\n\t\t\t\t\t\t<div class=\"elementor-container elementor-column-gap-default\">\n\t\t\t\t\t<div class=\"elementor-column elementor-col-100 elementor-top-column elementor-element elementor-element-25f35b8a\" data-id=\"25f35b8a\" data-element_type=\"column\" data-e-type=\"column\">\n\t\t\t<div class=\"elementor-widget-wrap elementor-element-populated\">\n\t\t\t\t\t\t<div class=\"elementor-element elementor-element-55e8f500 elementor-widget__width-initial elementor-widget elementor-widget-text-editor\" data-id=\"55e8f500\" data-element_type=\"widget\" data-e-type=\"widget\" data-widget_type=\"text-editor.default\">\n\t\t\t\t<div class=\"elementor-widget-container\">\n\t\t\t\t\t\t\t\t\t<blockquote><p><span style=\"font-size: medium;\">Atentamente.<\/span><\/p><p><span style=\"font-size: large;\">Cap-aux-Meules - \u00cele de la Madeleine, Quebec\/Canad\u00e1, marzo de 2023<\/span><\/p><p><cite>Julien Marchal<\/cite><\/p><\/blockquote>\t\t\t\t\t\t\t\t<\/div>\n\t\t\t\t<\/div>\n\t\t\t\t\t<\/div>\n\t\t<\/div>\n\t\t\t\t\t<\/div>\n\t\t<\/section>\n\t\t\t\t<\/div>","protected":false},"excerpt":{"rendered":"<p>Tuve un buen mes en el agua durante la temporada 2023 con un total de 104 cruceros. Tuvimos algunos d\u00edas de niebla, pero en general el tiempo fue bueno. No hab\u00eda vuelto desde 2016 como capit\u00e1n, as\u00ed que estaba muy contento de volver al barco. <\/p>","protected":false},"author":3,"featured_media":9168,"comment_status":"closed","ping_status":"open","sticky":false,"template":"","format":"standard","meta":{"footnotes":""},"categories":[99],"tags":[],"class_list":["post-9263","post","type-post","status-publish","format-standard","has-post-thumbnail","hentry","category-blog-general"],"yoast_head":"<!-- This site is optimized with the Yoast SEO plugin v27.5 - https:\/\/yoast.com\/product\/yoast-seo-wordpress\/ -->\n<title>JULIEN MARCHAL &#8212; Saison 2022 au Canada<\/title>\n<meta name=\"description\" content=\"Saison 2022 pour les croisi\u00e8res aux baleines, b\u00e9lugas et phoques dans le parc marin du Saguenay-Saint-Laurent au Canada avec Julien Marchal\" \/>\n<meta name=\"robots\" content=\"index, follow, max-snippet:-1, max-image-preview:large, max-video-preview:-1\" \/>\n<link rel=\"canonical\" href=\"https:\/\/julienmarchal.fr\/es\/temporada-2022-en-canada-2\/\" \/>\n<meta property=\"og:locale\" content=\"es_ES\" \/>\n<meta property=\"og:type\" content=\"article\" \/>\n<meta property=\"og:title\" content=\"JULIEN MARCHAL &#8212; Saison 2022 au Canada\" \/>\n<meta property=\"og:description\" content=\"Saison 2022 pour les croisi\u00e8res aux baleines, b\u00e9lugas et phoques dans le parc marin du Saguenay-Saint-Laurent au Canada avec Julien Marchal\" \/>\n<meta property=\"og:url\" content=\"https:\/\/julienmarchal.fr\/es\/temporada-2022-en-canada-2\/\" \/>\n<meta property=\"og:site_name\" content=\"JULIEN MARCHAL\" \/>\n<meta property=\"article:published_time\" content=\"2022-11-03T17:38:21+00:00\" \/>\n<meta property=\"article:modified_time\" content=\"2024-11-05T17:43:19+00:00\" \/>\n<meta property=\"og:image\" content=\"https:\/\/julienmarchal.fr\/wp-content\/uploads\/2023\/02\/croisieres-essipit-3-2022-scaled.jpg\" \/>\n\t<meta property=\"og:image:width\" content=\"2560\" \/>\n\t<meta property=\"og:image:height\" content=\"1183\" \/>\n\t<meta property=\"og:image:type\" content=\"image\/jpeg\" \/>\n<meta name=\"author\" content=\"Julien Marchal\" \/>\n<meta name=\"twitter:card\" content=\"summary_large_image\" \/>\n<script type=\"application\/ld+json\" class=\"yoast-schema-graph\">{\"@context\":\"https:\\\/\\\/schema.org\",\"@graph\":[{\"@type\":\"Article\",\"@id\":\"https:\\\/\\\/julienmarchal.fr\\\/saison-2022-au-canada-2\\\/#article\",\"isPartOf\":{\"@id\":\"https:\\\/\\\/julienmarchal.fr\\\/saison-2022-au-canada-2\\\/\"},\"author\":{\"name\":\"Julien Marchal\",\"@id\":\"https:\\\/\\\/julienmarchal.fr\\\/#\\\/schema\\\/person\\\/9bad5d6d81f92720eaf6c4750c93b7c5\"},\"headline\":\"Saison 2022 au Canada\",\"datePublished\":\"2022-11-03T17:38:21+00:00\",\"dateModified\":\"2024-11-05T17:43:19+00:00\",\"mainEntityOfPage\":{\"@id\":\"https:\\\/\\\/julienmarchal.fr\\\/saison-2022-au-canada-2\\\/\"},\"wordCount\":213,\"publisher\":{\"@id\":\"https:\\\/\\\/julienmarchal.fr\\\/#\\\/schema\\\/person\\\/9bad5d6d81f92720eaf6c4750c93b7c5\"},\"image\":{\"@id\":\"https:\\\/\\\/julienmarchal.fr\\\/saison-2022-au-canada-2\\\/#primaryimage\"},\"thumbnailUrl\":\"https:\\\/\\\/julienmarchal.fr\\\/wp-content\\\/uploads\\\/2023\\\/02\\\/croisieres-essipit-3-2022-scaled.jpg\",\"articleSection\":[\"Blog g\u00e9n\u00e9ral\"],\"inLanguage\":\"es\"},{\"@type\":\"WebPage\",\"@id\":\"https:\\\/\\\/julienmarchal.fr\\\/saison-2022-au-canada-2\\\/\",\"url\":\"https:\\\/\\\/julienmarchal.fr\\\/saison-2022-au-canada-2\\\/\",\"name\":\"JULIEN MARCHAL &#8212; Saison 2022 au Canada\",\"isPartOf\":{\"@id\":\"https:\\\/\\\/julienmarchal.fr\\\/#website\"},\"primaryImageOfPage\":{\"@id\":\"https:\\\/\\\/julienmarchal.fr\\\/saison-2022-au-canada-2\\\/#primaryimage\"},\"image\":{\"@id\":\"https:\\\/\\\/julienmarchal.fr\\\/saison-2022-au-canada-2\\\/#primaryimage\"},\"thumbnailUrl\":\"https:\\\/\\\/julienmarchal.fr\\\/wp-content\\\/uploads\\\/2023\\\/02\\\/croisieres-essipit-3-2022-scaled.jpg\",\"datePublished\":\"2022-11-03T17:38:21+00:00\",\"dateModified\":\"2024-11-05T17:43:19+00:00\",\"description\":\"Saison 2022 pour les croisi\u00e8res aux baleines, b\u00e9lugas et phoques dans le parc marin du Saguenay-Saint-Laurent au Canada avec Julien Marchal\",\"breadcrumb\":{\"@id\":\"https:\\\/\\\/julienmarchal.fr\\\/saison-2022-au-canada-2\\\/#breadcrumb\"},\"inLanguage\":\"es\",\"potentialAction\":[{\"@type\":\"ReadAction\",\"target\":[\"https:\\\/\\\/julienmarchal.fr\\\/saison-2022-au-canada-2\\\/\"]}]},{\"@type\":\"ImageObject\",\"inLanguage\":\"es\",\"@id\":\"https:\\\/\\\/julienmarchal.fr\\\/saison-2022-au-canada-2\\\/#primaryimage\",\"url\":\"https:\\\/\\\/julienmarchal.fr\\\/wp-content\\\/uploads\\\/2023\\\/02\\\/croisieres-essipit-3-2022-scaled.jpg\",\"contentUrl\":\"https:\\\/\\\/julienmarchal.fr\\\/wp-content\\\/uploads\\\/2023\\\/02\\\/croisieres-essipit-3-2022-scaled.jpg\",\"width\":2560,\"height\":1183,\"caption\":\"saison-croisieres-baleines-2022\"},{\"@type\":\"BreadcrumbList\",\"@id\":\"https:\\\/\\\/julienmarchal.fr\\\/saison-2022-au-canada-2\\\/#breadcrumb\",\"itemListElement\":[{\"@type\":\"ListItem\",\"position\":1,\"name\":\"Accueil\",\"item\":\"https:\\\/\\\/julienmarchal.fr\\\/\"},{\"@type\":\"ListItem\",\"position\":2,\"name\":\"Saison 2022 au Canada\"}]},{\"@type\":\"WebSite\",\"@id\":\"https:\\\/\\\/julienmarchal.fr\\\/#website\",\"url\":\"https:\\\/\\\/julienmarchal.fr\\\/\",\"name\":\"JULIEN MARCHAL, Observateur de mammif\u00e8res marins\",\"description\":\"Observateur Mammif\u00e8res marins\",\"publisher\":{\"@id\":\"https:\\\/\\\/julienmarchal.fr\\\/#\\\/schema\\\/person\\\/9bad5d6d81f92720eaf6c4750c93b7c5\"},\"potentialAction\":[{\"@type\":\"SearchAction\",\"target\":{\"@type\":\"EntryPoint\",\"urlTemplate\":\"https:\\\/\\\/julienmarchal.fr\\\/?s={search_term_string}\"},\"query-input\":{\"@type\":\"PropertyValueSpecification\",\"valueRequired\":true,\"valueName\":\"search_term_string\"}}],\"inLanguage\":\"es\"},{\"@type\":[\"Person\",\"Organization\"],\"@id\":\"https:\\\/\\\/julienmarchal.fr\\\/#\\\/schema\\\/person\\\/9bad5d6d81f92720eaf6c4750c93b7c5\",\"name\":\"Julien Marchal\",\"image\":{\"@type\":\"ImageObject\",\"inLanguage\":\"es\",\"@id\":\"https:\\\/\\\/julienmarchal.fr\\\/wp-content\\\/uploads\\\/2023\\\/02\\\/julien-marchal-debuts.png\",\"url\":\"https:\\\/\\\/julienmarchal.fr\\\/wp-content\\\/uploads\\\/2023\\\/02\\\/julien-marchal-debuts.png\",\"contentUrl\":\"https:\\\/\\\/julienmarchal.fr\\\/wp-content\\\/uploads\\\/2023\\\/02\\\/julien-marchal-debuts.png\",\"width\":1239,\"height\":711,\"caption\":\"Julien Marchal\"},\"logo\":{\"@id\":\"https:\\\/\\\/julienmarchal.fr\\\/wp-content\\\/uploads\\\/2023\\\/02\\\/julien-marchal-debuts.png\"},\"sameAs\":[\"https:\\\/\\\/www.instagram.com\\\/julienligniermarchal\\\/\",\"https:\\\/\\\/www.linkedin.com\\\/in\\\/julien-lignier-marchal\\\/\"]}]}<\/script>\n<!-- \/ Yoast SEO plugin. -->","yoast_head_json":{"title":"JULIEN MARCHAL - Temporada 2022 en Canad\u00e1","description":"Temporada 2022 de cruceros de observaci\u00f3n de ballenas, belugas y focas en el Parque Marino Saguenay-Saint-Laurent de Canad\u00e1 con Julien Marchal","robots":{"index":"index","follow":"follow","max-snippet":"max-snippet:-1","max-image-preview":"max-image-preview:large","max-video-preview":"max-video-preview:-1"},"canonical":"https:\/\/julienmarchal.fr\/es\/temporada-2022-en-canada-2\/","og_locale":"es_ES","og_type":"article","og_title":"JULIEN MARCHAL &#8212; Saison 2022 au Canada","og_description":"Saison 2022 pour les croisi\u00e8res aux baleines, b\u00e9lugas et phoques dans le parc marin du Saguenay-Saint-Laurent au Canada avec Julien Marchal","og_url":"https:\/\/julienmarchal.fr\/es\/temporada-2022-en-canada-2\/","og_site_name":"JULIEN MARCHAL","article_published_time":"2022-11-03T17:38:21+00:00","article_modified_time":"2024-11-05T17:43:19+00:00","og_image":[{"width":2560,"height":1183,"url":"https:\/\/julienmarchal.fr\/wp-content\/uploads\/2023\/02\/croisieres-essipit-3-2022-scaled.jpg","type":"image\/jpeg"}],"author":"Julien Marchal","twitter_card":"summary_large_image","schema":{"@context":"https:\/\/schema.org","@graph":[{"@type":"Article","@id":"https:\/\/julienmarchal.fr\/saison-2022-au-canada-2\/#article","isPartOf":{"@id":"https:\/\/julienmarchal.fr\/saison-2022-au-canada-2\/"},"author":{"name":"Julien Marchal","@id":"https:\/\/julienmarchal.fr\/#\/schema\/person\/9bad5d6d81f92720eaf6c4750c93b7c5"},"headline":"Saison 2022 au Canada","datePublished":"2022-11-03T17:38:21+00:00","dateModified":"2024-11-05T17:43:19+00:00","mainEntityOfPage":{"@id":"https:\/\/julienmarchal.fr\/saison-2022-au-canada-2\/"},"wordCount":213,"publisher":{"@id":"https:\/\/julienmarchal.fr\/#\/schema\/person\/9bad5d6d81f92720eaf6c4750c93b7c5"},"image":{"@id":"https:\/\/julienmarchal.fr\/saison-2022-au-canada-2\/#primaryimage"},"thumbnailUrl":"https:\/\/julienmarchal.fr\/wp-content\/uploads\/2023\/02\/croisieres-essipit-3-2022-scaled.jpg","articleSection":["Blog g\u00e9n\u00e9ral"],"inLanguage":"es"},{"@type":"WebPage","@id":"https:\/\/julienmarchal.fr\/saison-2022-au-canada-2\/","url":"https:\/\/julienmarchal.fr\/saison-2022-au-canada-2\/","name":"JULIEN MARCHAL - Temporada 2022 en Canad\u00e1","isPartOf":{"@id":"https:\/\/julienmarchal.fr\/#website"},"primaryImageOfPage":{"@id":"https:\/\/julienmarchal.fr\/saison-2022-au-canada-2\/#primaryimage"},"image":{"@id":"https:\/\/julienmarchal.fr\/saison-2022-au-canada-2\/#primaryimage"},"thumbnailUrl":"https:\/\/julienmarchal.fr\/wp-content\/uploads\/2023\/02\/croisieres-essipit-3-2022-scaled.jpg","datePublished":"2022-11-03T17:38:21+00:00","dateModified":"2024-11-05T17:43:19+00:00","description":"Temporada 2022 de cruceros de observaci\u00f3n de ballenas, belugas y focas en el Parque Marino Saguenay-Saint-Laurent de Canad\u00e1 con Julien Marchal","breadcrumb":{"@id":"https:\/\/julienmarchal.fr\/saison-2022-au-canada-2\/#breadcrumb"},"inLanguage":"es","potentialAction":[{"@type":"ReadAction","target":["https:\/\/julienmarchal.fr\/saison-2022-au-canada-2\/"]}]},{"@type":"ImageObject","inLanguage":"es","@id":"https:\/\/julienmarchal.fr\/saison-2022-au-canada-2\/#primaryimage","url":"https:\/\/julienmarchal.fr\/wp-content\/uploads\/2023\/02\/croisieres-essipit-3-2022-scaled.jpg","contentUrl":"https:\/\/julienmarchal.fr\/wp-content\/uploads\/2023\/02\/croisieres-essipit-3-2022-scaled.jpg","width":2560,"height":1183,"caption":"saison-croisieres-baleines-2022"},{"@type":"BreadcrumbList","@id":"https:\/\/julienmarchal.fr\/saison-2022-au-canada-2\/#breadcrumb","itemListElement":[{"@type":"ListItem","position":1,"name":"Accueil","item":"https:\/\/julienmarchal.fr\/"},{"@type":"ListItem","position":2,"name":"Saison 2022 au Canada"}]},{"@type":"WebSite","@id":"https:\/\/julienmarchal.fr\/#website","url":"https:\/\/julienmarchal.fr\/","name":"JULIEN MARCHAL, Observador de mam\u00edferos marinos","description":"Observador de mam\u00edferos marinos","publisher":{"@id":"https:\/\/julienmarchal.fr\/#\/schema\/person\/9bad5d6d81f92720eaf6c4750c93b7c5"},"potentialAction":[{"@type":"SearchAction","target":{"@type":"EntryPoint","urlTemplate":"https:\/\/julienmarchal.fr\/?s={search_term_string}"},"query-input":{"@type":"PropertyValueSpecification","valueRequired":true,"valueName":"search_term_string"}}],"inLanguage":"es"},{"@type":["Person","Organization"],"@id":"https:\/\/julienmarchal.fr\/#\/schema\/person\/9bad5d6d81f92720eaf6c4750c93b7c5","name":"Julien Marchal","image":{"@type":"ImageObject","inLanguage":"es","@id":"https:\/\/julienmarchal.fr\/wp-content\/uploads\/2023\/02\/julien-marchal-debuts.png","url":"https:\/\/julienmarchal.fr\/wp-content\/uploads\/2023\/02\/julien-marchal-debuts.png","contentUrl":"https:\/\/julienmarchal.fr\/wp-content\/uploads\/2023\/02\/julien-marchal-debuts.png","width":1239,"height":711,"caption":"Julien Marchal"},"logo":{"@id":"https:\/\/julienmarchal.fr\/wp-content\/uploads\/2023\/02\/julien-marchal-debuts.png"},"sameAs":["https:\/\/www.instagram.com\/julienligniermarchal\/","https:\/\/www.linkedin.com\/in\/julien-lignier-marchal\/"]}]}},"_links":{"self":[{"href":"https:\/\/julienmarchal.fr\/es\/wp-json\/wp\/v2\/posts\/9263","targetHints":{"allow":["GET"]}}],"collection":[{"href":"https:\/\/julienmarchal.fr\/es\/wp-json\/wp\/v2\/posts"}],"about":[{"href":"https:\/\/julienmarchal.fr\/es\/wp-json\/wp\/v2\/types\/post"}],"author":[{"embeddable":true,"href":"https:\/\/julienmarchal.fr\/es\/wp-json\/wp\/v2\/users\/3"}],"replies":[{"embeddable":true,"href":"https:\/\/julienmarchal.fr\/es\/wp-json\/wp\/v2\/comments?post=9263"}],"version-history":[{"count":6,"href":"https:\/\/julienmarchal.fr\/es\/wp-json\/wp\/v2\/posts\/9263\/revisions"}],"predecessor-version":[{"id":11022,"href":"https:\/\/julienmarchal.fr\/es\/wp-json\/wp\/v2\/posts\/9263\/revisions\/11022"}],"wp:featuredmedia":[{"embeddable":true,"href":"https:\/\/julienmarchal.fr\/es\/wp-json\/wp\/v2\/media\/9168"}],"wp:attachment":[{"href":"https:\/\/julienmarchal.fr\/es\/wp-json\/wp\/v2\/media?parent=9263"}],"wp:term":[{"taxonomy":"category","embeddable":true,"href":"https:\/\/julienmarchal.fr\/es\/wp-json\/wp\/v2\/categories?post=9263"},{"taxonomy":"post_tag","embeddable":true,"href":"https:\/\/julienmarchal.fr\/es\/wp-json\/wp\/v2\/tags?post=9263"}],"curies":[{"name":"wp","href":"https:\/\/api.w.org\/{rel}","templated":true}]}}