{"id":8477,"date":"2006-12-17T00:38:52","date_gmt":"2006-12-16T23:38:52","guid":{"rendered":"https:\/\/julienmarchal.fr\/?p=8477"},"modified":"2023-03-06T23:43:05","modified_gmt":"2023-03-06T22:43:05","slug":"precaucion-con-la-expedicion-a-la-isla-en-diciembre-de-2006","status":"publish","type":"post","link":"https:\/\/julienmarchal.fr\/es\/prudence-avec-lassociation-island-expedition-dec-2006\/","title":{"rendered":"Precauci\u00f3n con la asociaci\u00f3n Island Expedition (diciembre de 2006)"},"content":{"rendered":"<div data-elementor-type=\"wp-post\" data-elementor-id=\"8477\" class=\"elementor elementor-8477\" data-elementor-post-type=\"post\">\n\t\t\t\t\t\t<section class=\"elementor-section elementor-top-section elementor-element elementor-element-0bf4e19 elementor-section-boxed elementor-section-height-default elementor-section-height-default\" data-id=\"0bf4e19\" data-element_type=\"section\" data-e-type=\"section\">\n\t\t\t\t\t\t<div class=\"elementor-container elementor-column-gap-default\">\n\t\t\t\t\t<div class=\"elementor-column elementor-col-100 elementor-top-column elementor-element elementor-element-0f3ff9f\" data-id=\"0f3ff9f\" data-element_type=\"column\" data-e-type=\"column\">\n\t\t\t<div class=\"elementor-widget-wrap elementor-element-populated\">\n\t\t\t\t\t\t<div class=\"elementor-element elementor-element-3363522 elementor-widget elementor-widget-heading\" data-id=\"3363522\" data-element_type=\"widget\" data-e-type=\"widget\" data-widget_type=\"heading.default\">\n\t\t\t\t<div class=\"elementor-widget-container\">\n\t\t\t\t\t<h4 class=\"elementor-heading-title elementor-size-default\">Estimados visitantes,<\/h4>\t\t\t\t<\/div>\n\t\t\t\t<\/div>\n\t\t\t\t<div class=\"elementor-element elementor-element-3f2f2f3 elementor-widget elementor-widget-text-editor\" data-id=\"3f2f2f3\" data-element_type=\"widget\" data-e-type=\"widget\" data-widget_type=\"text-editor.default\">\n\t\t\t\t<div class=\"elementor-widget-container\">\n\t\t\t\t\t\t\t\t\t<p>Iba a hablar de mi aventura en las Bahamas en 2001 con la asociaci\u00f3n Island Expedition.<br \/>De hecho, mucha gente me pide que vaya a este archipi\u00e9lago caribe\u00f1o por su ubicaci\u00f3n y sus playas.<\/p><p>Esta asociaci\u00f3n se ofrece a subir a bordo de sus barcos y ayudarles en su trabajo para que puedan continuar sus aventuras. La idea es traer a ni\u00f1os de todo el mundo, para concienciar a las generaciones futuras sobre el medio ambiente. Es un concepto fabuloso.<\/p><p>As\u00ed que me un\u00ed al equipo como gu\u00eda acompa\u00f1ante, aportando mis conocimientos sobre mam\u00edferos marinos y biolog\u00eda marina.<\/p><p>La asociaci\u00f3n fue creada por dos hermanos, uno de los cuales vive en Nassau, la capital de Bahamas, y el otro en Londres.<\/p><p>Habiendo vivido con uno de los hermanos durante casi un mes, puedo asegurar que la experiencia no fue buena. \u00c9ramos dos personas (dos franceses) que llegamos al lugar, ambos conmocionados por este hermano. Al principio todo iba bien, pero sus exigencias y sus tediosas e ingratas tareas diarias se convirtieron en un verdadero calvario.<\/p><p>Por ejemplo, antes de salir al mar con el grupo, ten\u00edamos que ir a buscar comida para nosotros y el grupo y pedirla gratis. En otras palabras, \u00a1pedirla con el pretexto de una buena causa! Pero nunca era f\u00e1cil. A menudo, las empresas empezaban a quejarse de este tiovivo y encontraban estos juegos un poco \"f\u00e1ciles\". En el d\u00eda a d\u00eda, nos convertimos en aut\u00e9nticos \"esclavos\" de un hombre que carec\u00eda de inteligencia y personalidad. Siempre estaba buscando patrocinadores para financiar su asociaci\u00f3n, pidiendo dinero a todo el mundo, haciendo publicidad para todas las empresas, con un objetivo muy concreto: \u00a1financiar su organizaci\u00f3n!<\/p><p>Ese mes, j\u00f3venes estudiantes de Colorado, acompa\u00f1ados por sus profesores, pagaron mucho dinero para visitar las Bahamas. Por desgracia para ellos, fue un fracaso y una decepci\u00f3n ante la realidad. La log\u00edstica fue catastr\u00f3fica e incluso peligrosa. El primer d\u00eda en barco, \u00e9ramos demasiados en un peque\u00f1o velero y, al cabo de unas horas, el motor se incendi\u00f3. Vuelta a empezar y un segundo viaje en un magn\u00edfico barco, m\u00e1s seguro y protegido, a cargo de la asociaci\u00f3n (normal). Los profesores decidieron dejar de trabajar juntos tras una serie de problemas con la organizaci\u00f3n, robos, etc. M\u00e1s tarde me enter\u00e9 de que se hab\u00eda presentado una denuncia contra la asociaci\u00f3n.<\/p><p>Mi amigo ya hab\u00eda puesto fin a su acuerdo con el hermano y se hab\u00eda quedado en Nassau para visitar la isla y reunirse con un par de amigos en su velero. Hab\u00eda decidido continuar el viaje con la esperanza de ver algunos delfines y aguantar hasta volver a la capital. Pero era dif\u00edcil, porque ten\u00eda la mala costumbre de ser prepotente, ego\u00edsta, mentiroso y ladr\u00f3n. Tuve que pagarle una peque\u00f1a cantidad de dinero por varios gastos (que obviamente iba a pagar), pero me confisc\u00f3 la c\u00e1mara. No me lo pod\u00eda creer.<\/p><p>De todos modos, en cuanto regres\u00e9 a la capital, me dirig\u00ed a reunirme con mi amigo y disfrutar de mis \u00faltimos d\u00edas en la isla. Fue maravilloso.<\/p><p>He querido escribir este texto (quiz\u00e1s un poco tarde), para no presentarme voluntario a esta asociaci\u00f3n y, sobre todo, para saber qu\u00e9 hermano estar\u00e1 all\u00ed. Si me pides consejo, y a cual elegir, estar\u00e9 encantado de d\u00e1rtelo.<br \/>Pero debe saber que hay gente ah\u00ed fuera que puede aprovecharse de usted para promocionar su asociaci\u00f3n en todo el mundo.<\/p><p>Hay que tener cuidado con el voluntariado y no dejarse obligar a hacer cosas dif\u00edciles o aceptar que no te quieran s\u00f3lo por ser voluntario. Ten cuidado, porque ocurre. En detrimento de tu objetivo y del medio ambiente.<\/p>\t\t\t\t\t\t\t\t<\/div>\n\t\t\t\t<\/div>\n\t\t\t\t\t<\/div>\n\t\t<\/div>\n\t\t\t\t\t<\/div>\n\t\t<\/section>\n\t\t\t\t<section class=\"elementor-section elementor-top-section elementor-element elementor-element-99b16de elementor-section-boxed elementor-section-height-default elementor-section-height-default\" data-id=\"99b16de\" data-element_type=\"section\" data-e-type=\"section\">\n\t\t\t\t\t\t<div class=\"elementor-container elementor-column-gap-default\">\n\t\t\t\t\t<div class=\"elementor-column elementor-col-100 elementor-top-column elementor-element elementor-element-76ae63da\" data-id=\"76ae63da\" data-element_type=\"column\" data-e-type=\"column\">\n\t\t\t<div class=\"elementor-widget-wrap elementor-element-populated\">\n\t\t\t\t\t\t<div class=\"elementor-element elementor-element-3a726733 elementor-widget__width-initial elementor-widget elementor-widget-text-editor\" data-id=\"3a726733\" data-element_type=\"widget\" data-e-type=\"widget\" data-widget_type=\"text-editor.default\">\n\t\t\t\t<div class=\"elementor-widget-container\">\n\t\t\t\t\t\t\t\t\t<blockquote><p><span style=\"font-size: medium;\">Atentamente.<\/span><\/p><p><span style=\"font-size: large;\">Montreal, Quebec, Canad\u00e1, diciembre de 2006.<\/span><\/p><p><cite>Julien Marchal<\/cite><\/p><\/blockquote>\t\t\t\t\t\t\t\t<\/div>\n\t\t\t\t<\/div>\n\t\t\t\t\t<\/div>\n\t\t<\/div>\n\t\t\t\t\t<\/div>\n\t\t<\/section>\n\t\t\t\t<\/div>","protected":false},"excerpt":{"rendered":"<p>Chers visiteurs, Je devais parler de mon aventure au Bahamas en 2001 avec l\u2019association Island Expedition. En effet, beaucoup de monde me demande d\u2019aller dans cet archipel des Cara\u00efbes pour le lieu et ses plages. Justement, cette association propose d\u2019embarquer sur leurs bateaux et de les aider dans leurs travaux afin de continuer leurs aventures. [&hellip;]<\/p>\n","protected":false},"author":1,"featured_media":8485,"comment_status":"closed","ping_status":"open","sticky":false,"template":"","format":"standard","meta":{"footnotes":""},"categories":[99],"tags":[],"class_list":["post-8477","post","type-post","status-publish","format-standard","has-post-thumbnail","hentry","category-blog-general"],"yoast_head":"<!-- This site is optimized with the Yoast SEO plugin v27.3 - https:\/\/yoast.com\/product\/yoast-seo-wordpress\/ -->\n<title>JULIEN MARCHAL &#8212; Prudence avec l&#039;association Island Expedition (dec 2006)<\/title>\n<meta name=\"robots\" content=\"index, follow, max-snippet:-1, max-image-preview:large, max-video-preview:-1\" \/>\n<link rel=\"canonical\" href=\"https:\/\/julienmarchal.fr\/es\/precaucion-con-la-expedicion-a-la-isla-en-diciembre-de-2006\/\" \/>\n<meta property=\"og:locale\" content=\"es_ES\" \/>\n<meta property=\"og:type\" content=\"article\" \/>\n<meta property=\"og:title\" content=\"JULIEN MARCHAL &#8212; Prudence avec l&#039;association Island Expedition (dec 2006)\" \/>\n<meta property=\"og:description\" content=\"Chers visiteurs, Je devais parler de mon aventure au Bahamas en 2001 avec l\u2019association Island Expedition. En effet, beaucoup de monde me demande d\u2019aller dans cet archipel des Cara\u00efbes pour le lieu et ses plages. Justement, cette association propose d\u2019embarquer sur leurs bateaux et de les aider dans leurs travaux afin de continuer leurs aventures. [&hellip;]\" \/>\n<meta property=\"og:url\" content=\"https:\/\/julienmarchal.fr\/es\/precaucion-con-la-expedicion-a-la-isla-en-diciembre-de-2006\/\" \/>\n<meta property=\"og:site_name\" content=\"JULIEN MARCHAL\" \/>\n<meta property=\"article:published_time\" content=\"2006-12-16T23:38:52+00:00\" \/>\n<meta property=\"article:modified_time\" content=\"2023-03-06T22:43:05+00:00\" \/>\n<meta property=\"og:image\" content=\"https:\/\/julienmarchal.fr\/wp-content\/uploads\/2006\/12\/bahamas-boat.jpg\" \/>\n\t<meta property=\"og:image:width\" content=\"1543\" \/>\n\t<meta property=\"og:image:height\" content=\"800\" \/>\n\t<meta property=\"og:image:type\" content=\"image\/jpeg\" \/>\n<meta name=\"author\" content=\"Julien Marchal\" \/>\n<meta name=\"twitter:card\" content=\"summary_large_image\" \/>\n<script type=\"application\/ld+json\" class=\"yoast-schema-graph\">{\"@context\":\"https:\\\/\\\/schema.org\",\"@graph\":[{\"@type\":\"Article\",\"@id\":\"https:\\\/\\\/julienmarchal.fr\\\/prudence-avec-lassociation-island-expedition-dec-2006\\\/#article\",\"isPartOf\":{\"@id\":\"https:\\\/\\\/julienmarchal.fr\\\/prudence-avec-lassociation-island-expedition-dec-2006\\\/\"},\"author\":{\"name\":\"Julien Marchal\",\"@id\":\"https:\\\/\\\/julienmarchal.fr\\\/#\\\/schema\\\/person\\\/666ce6402da97412a4009d2891d3cc1d\"},\"headline\":\"Prudence avec l&#8217;association Island Expedition (dec 2006)\",\"datePublished\":\"2006-12-16T23:38:52+00:00\",\"dateModified\":\"2023-03-06T22:43:05+00:00\",\"mainEntityOfPage\":{\"@id\":\"https:\\\/\\\/julienmarchal.fr\\\/prudence-avec-lassociation-island-expedition-dec-2006\\\/\"},\"wordCount\":726,\"publisher\":{\"@id\":\"https:\\\/\\\/julienmarchal.fr\\\/#\\\/schema\\\/person\\\/9bad5d6d81f92720eaf6c4750c93b7c5\"},\"image\":{\"@id\":\"https:\\\/\\\/julienmarchal.fr\\\/prudence-avec-lassociation-island-expedition-dec-2006\\\/#primaryimage\"},\"thumbnailUrl\":\"https:\\\/\\\/julienmarchal.fr\\\/wp-content\\\/uploads\\\/2006\\\/12\\\/bahamas-boat.jpg\",\"articleSection\":[\"Blog g\u00e9n\u00e9ral\"],\"inLanguage\":\"es\"},{\"@type\":\"WebPage\",\"@id\":\"https:\\\/\\\/julienmarchal.fr\\\/prudence-avec-lassociation-island-expedition-dec-2006\\\/\",\"url\":\"https:\\\/\\\/julienmarchal.fr\\\/prudence-avec-lassociation-island-expedition-dec-2006\\\/\",\"name\":\"JULIEN MARCHAL &#8212; Prudence avec l'association Island Expedition (dec 2006)\",\"isPartOf\":{\"@id\":\"https:\\\/\\\/julienmarchal.fr\\\/#website\"},\"primaryImageOfPage\":{\"@id\":\"https:\\\/\\\/julienmarchal.fr\\\/prudence-avec-lassociation-island-expedition-dec-2006\\\/#primaryimage\"},\"image\":{\"@id\":\"https:\\\/\\\/julienmarchal.fr\\\/prudence-avec-lassociation-island-expedition-dec-2006\\\/#primaryimage\"},\"thumbnailUrl\":\"https:\\\/\\\/julienmarchal.fr\\\/wp-content\\\/uploads\\\/2006\\\/12\\\/bahamas-boat.jpg\",\"datePublished\":\"2006-12-16T23:38:52+00:00\",\"dateModified\":\"2023-03-06T22:43:05+00:00\",\"breadcrumb\":{\"@id\":\"https:\\\/\\\/julienmarchal.fr\\\/prudence-avec-lassociation-island-expedition-dec-2006\\\/#breadcrumb\"},\"inLanguage\":\"es\",\"potentialAction\":[{\"@type\":\"ReadAction\",\"target\":[\"https:\\\/\\\/julienmarchal.fr\\\/prudence-avec-lassociation-island-expedition-dec-2006\\\/\"]}]},{\"@type\":\"ImageObject\",\"inLanguage\":\"es\",\"@id\":\"https:\\\/\\\/julienmarchal.fr\\\/prudence-avec-lassociation-island-expedition-dec-2006\\\/#primaryimage\",\"url\":\"https:\\\/\\\/julienmarchal.fr\\\/wp-content\\\/uploads\\\/2006\\\/12\\\/bahamas-boat.jpg\",\"contentUrl\":\"https:\\\/\\\/julienmarchal.fr\\\/wp-content\\\/uploads\\\/2006\\\/12\\\/bahamas-boat.jpg\",\"width\":1543,\"height\":800},{\"@type\":\"BreadcrumbList\",\"@id\":\"https:\\\/\\\/julienmarchal.fr\\\/prudence-avec-lassociation-island-expedition-dec-2006\\\/#breadcrumb\",\"itemListElement\":[{\"@type\":\"ListItem\",\"position\":1,\"name\":\"Accueil\",\"item\":\"https:\\\/\\\/julienmarchal.fr\\\/\"},{\"@type\":\"ListItem\",\"position\":2,\"name\":\"Prudence avec l&#8217;association Island Expedition (dec 2006)\"}]},{\"@type\":\"WebSite\",\"@id\":\"https:\\\/\\\/julienmarchal.fr\\\/#website\",\"url\":\"https:\\\/\\\/julienmarchal.fr\\\/\",\"name\":\"JULIEN MARCHAL, Observateur de mammif\u00e8res marins\",\"description\":\"Observateur Mammif\u00e8res marins\",\"publisher\":{\"@id\":\"https:\\\/\\\/julienmarchal.fr\\\/#\\\/schema\\\/person\\\/9bad5d6d81f92720eaf6c4750c93b7c5\"},\"potentialAction\":[{\"@type\":\"SearchAction\",\"target\":{\"@type\":\"EntryPoint\",\"urlTemplate\":\"https:\\\/\\\/julienmarchal.fr\\\/?s={search_term_string}\"},\"query-input\":{\"@type\":\"PropertyValueSpecification\",\"valueRequired\":true,\"valueName\":\"search_term_string\"}}],\"inLanguage\":\"es\"},{\"@type\":[\"Person\",\"Organization\"],\"@id\":\"https:\\\/\\\/julienmarchal.fr\\\/#\\\/schema\\\/person\\\/9bad5d6d81f92720eaf6c4750c93b7c5\",\"name\":\"Julien Marchal\",\"image\":{\"@type\":\"ImageObject\",\"inLanguage\":\"es\",\"@id\":\"https:\\\/\\\/julienmarchal.fr\\\/wp-content\\\/uploads\\\/2023\\\/02\\\/julien-marchal-debuts.png\",\"url\":\"https:\\\/\\\/julienmarchal.fr\\\/wp-content\\\/uploads\\\/2023\\\/02\\\/julien-marchal-debuts.png\",\"contentUrl\":\"https:\\\/\\\/julienmarchal.fr\\\/wp-content\\\/uploads\\\/2023\\\/02\\\/julien-marchal-debuts.png\",\"width\":1239,\"height\":711,\"caption\":\"Julien Marchal\"},\"logo\":{\"@id\":\"https:\\\/\\\/julienmarchal.fr\\\/wp-content\\\/uploads\\\/2023\\\/02\\\/julien-marchal-debuts.png\"},\"sameAs\":[\"https:\\\/\\\/www.instagram.com\\\/julienligniermarchal\\\/\",\"https:\\\/\\\/www.linkedin.com\\\/in\\\/julien-lignier-marchal\\\/\"]},{\"@type\":\"Person\",\"@id\":\"https:\\\/\\\/julienmarchal.fr\\\/#\\\/schema\\\/person\\\/666ce6402da97412a4009d2891d3cc1d\",\"name\":\"Julien Marchal\",\"image\":{\"@type\":\"ImageObject\",\"inLanguage\":\"es\",\"@id\":\"https:\\\/\\\/secure.gravatar.com\\\/avatar\\\/6ce4805ac055ef813258943a238453c65fb05242d1a5b34797c8fce2407e695b?s=96&r=g\",\"url\":\"https:\\\/\\\/secure.gravatar.com\\\/avatar\\\/6ce4805ac055ef813258943a238453c65fb05242d1a5b34797c8fce2407e695b?s=96&r=g\",\"contentUrl\":\"https:\\\/\\\/secure.gravatar.com\\\/avatar\\\/6ce4805ac055ef813258943a238453c65fb05242d1a5b34797c8fce2407e695b?s=96&r=g\",\"caption\":\"Julien Marchal\"},\"sameAs\":[\"https:\\\/\\\/julienmarchal.fr\\\/dev\"]}]}<\/script>\n<!-- \/ Yoast SEO plugin. -->","yoast_head_json":{"title":"JULIEN MARCHAL - Precauci\u00f3n con la asociaci\u00f3n Island Expedition (dic 2006)","robots":{"index":"index","follow":"follow","max-snippet":"max-snippet:-1","max-image-preview":"max-image-preview:large","max-video-preview":"max-video-preview:-1"},"canonical":"https:\/\/julienmarchal.fr\/es\/precaucion-con-la-expedicion-a-la-isla-en-diciembre-de-2006\/","og_locale":"es_ES","og_type":"article","og_title":"JULIEN MARCHAL &#8212; Prudence avec l'association Island Expedition (dec 2006)","og_description":"Chers visiteurs, Je devais parler de mon aventure au Bahamas en 2001 avec l\u2019association Island Expedition. En effet, beaucoup de monde me demande d\u2019aller dans cet archipel des Cara\u00efbes pour le lieu et ses plages. Justement, cette association propose d\u2019embarquer sur leurs bateaux et de les aider dans leurs travaux afin de continuer leurs aventures. [&hellip;]","og_url":"https:\/\/julienmarchal.fr\/es\/precaucion-con-la-expedicion-a-la-isla-en-diciembre-de-2006\/","og_site_name":"JULIEN MARCHAL","article_published_time":"2006-12-16T23:38:52+00:00","article_modified_time":"2023-03-06T22:43:05+00:00","og_image":[{"width":1543,"height":800,"url":"https:\/\/julienmarchal.fr\/wp-content\/uploads\/2006\/12\/bahamas-boat.jpg","type":"image\/jpeg"}],"author":"Julien Marchal","twitter_card":"summary_large_image","schema":{"@context":"https:\/\/schema.org","@graph":[{"@type":"Article","@id":"https:\/\/julienmarchal.fr\/prudence-avec-lassociation-island-expedition-dec-2006\/#article","isPartOf":{"@id":"https:\/\/julienmarchal.fr\/prudence-avec-lassociation-island-expedition-dec-2006\/"},"author":{"name":"Julien Marchal","@id":"https:\/\/julienmarchal.fr\/#\/schema\/person\/666ce6402da97412a4009d2891d3cc1d"},"headline":"Prudence avec l&#8217;association Island Expedition (dec 2006)","datePublished":"2006-12-16T23:38:52+00:00","dateModified":"2023-03-06T22:43:05+00:00","mainEntityOfPage":{"@id":"https:\/\/julienmarchal.fr\/prudence-avec-lassociation-island-expedition-dec-2006\/"},"wordCount":726,"publisher":{"@id":"https:\/\/julienmarchal.fr\/#\/schema\/person\/9bad5d6d81f92720eaf6c4750c93b7c5"},"image":{"@id":"https:\/\/julienmarchal.fr\/prudence-avec-lassociation-island-expedition-dec-2006\/#primaryimage"},"thumbnailUrl":"https:\/\/julienmarchal.fr\/wp-content\/uploads\/2006\/12\/bahamas-boat.jpg","articleSection":["Blog g\u00e9n\u00e9ral"],"inLanguage":"es"},{"@type":"WebPage","@id":"https:\/\/julienmarchal.fr\/prudence-avec-lassociation-island-expedition-dec-2006\/","url":"https:\/\/julienmarchal.fr\/prudence-avec-lassociation-island-expedition-dec-2006\/","name":"JULIEN MARCHAL - Precauci\u00f3n con la asociaci\u00f3n Island Expedition (dic 2006)","isPartOf":{"@id":"https:\/\/julienmarchal.fr\/#website"},"primaryImageOfPage":{"@id":"https:\/\/julienmarchal.fr\/prudence-avec-lassociation-island-expedition-dec-2006\/#primaryimage"},"image":{"@id":"https:\/\/julienmarchal.fr\/prudence-avec-lassociation-island-expedition-dec-2006\/#primaryimage"},"thumbnailUrl":"https:\/\/julienmarchal.fr\/wp-content\/uploads\/2006\/12\/bahamas-boat.jpg","datePublished":"2006-12-16T23:38:52+00:00","dateModified":"2023-03-06T22:43:05+00:00","breadcrumb":{"@id":"https:\/\/julienmarchal.fr\/prudence-avec-lassociation-island-expedition-dec-2006\/#breadcrumb"},"inLanguage":"es","potentialAction":[{"@type":"ReadAction","target":["https:\/\/julienmarchal.fr\/prudence-avec-lassociation-island-expedition-dec-2006\/"]}]},{"@type":"ImageObject","inLanguage":"es","@id":"https:\/\/julienmarchal.fr\/prudence-avec-lassociation-island-expedition-dec-2006\/#primaryimage","url":"https:\/\/julienmarchal.fr\/wp-content\/uploads\/2006\/12\/bahamas-boat.jpg","contentUrl":"https:\/\/julienmarchal.fr\/wp-content\/uploads\/2006\/12\/bahamas-boat.jpg","width":1543,"height":800},{"@type":"BreadcrumbList","@id":"https:\/\/julienmarchal.fr\/prudence-avec-lassociation-island-expedition-dec-2006\/#breadcrumb","itemListElement":[{"@type":"ListItem","position":1,"name":"Accueil","item":"https:\/\/julienmarchal.fr\/"},{"@type":"ListItem","position":2,"name":"Prudence avec l&#8217;association Island Expedition (dec 2006)"}]},{"@type":"WebSite","@id":"https:\/\/julienmarchal.fr\/#website","url":"https:\/\/julienmarchal.fr\/","name":"JULIEN MARCHAL, Observador de mam\u00edferos marinos","description":"Observador de mam\u00edferos marinos","publisher":{"@id":"https:\/\/julienmarchal.fr\/#\/schema\/person\/9bad5d6d81f92720eaf6c4750c93b7c5"},"potentialAction":[{"@type":"SearchAction","target":{"@type":"EntryPoint","urlTemplate":"https:\/\/julienmarchal.fr\/?s={search_term_string}"},"query-input":{"@type":"PropertyValueSpecification","valueRequired":true,"valueName":"search_term_string"}}],"inLanguage":"es"},{"@type":["Person","Organization"],"@id":"https:\/\/julienmarchal.fr\/#\/schema\/person\/9bad5d6d81f92720eaf6c4750c93b7c5","name":"Julien Marchal","image":{"@type":"ImageObject","inLanguage":"es","@id":"https:\/\/julienmarchal.fr\/wp-content\/uploads\/2023\/02\/julien-marchal-debuts.png","url":"https:\/\/julienmarchal.fr\/wp-content\/uploads\/2023\/02\/julien-marchal-debuts.png","contentUrl":"https:\/\/julienmarchal.fr\/wp-content\/uploads\/2023\/02\/julien-marchal-debuts.png","width":1239,"height":711,"caption":"Julien Marchal"},"logo":{"@id":"https:\/\/julienmarchal.fr\/wp-content\/uploads\/2023\/02\/julien-marchal-debuts.png"},"sameAs":["https:\/\/www.instagram.com\/julienligniermarchal\/","https:\/\/www.linkedin.com\/in\/julien-lignier-marchal\/"]},{"@type":"Person","@id":"https:\/\/julienmarchal.fr\/#\/schema\/person\/666ce6402da97412a4009d2891d3cc1d","name":"Julien Marchal","image":{"@type":"ImageObject","inLanguage":"es","@id":"https:\/\/secure.gravatar.com\/avatar\/6ce4805ac055ef813258943a238453c65fb05242d1a5b34797c8fce2407e695b?s=96&r=g","url":"https:\/\/secure.gravatar.com\/avatar\/6ce4805ac055ef813258943a238453c65fb05242d1a5b34797c8fce2407e695b?s=96&r=g","contentUrl":"https:\/\/secure.gravatar.com\/avatar\/6ce4805ac055ef813258943a238453c65fb05242d1a5b34797c8fce2407e695b?s=96&r=g","caption":"Julien Marchal"},"sameAs":["https:\/\/julienmarchal.fr\/dev"]}]}},"_links":{"self":[{"href":"https:\/\/julienmarchal.fr\/es\/wp-json\/wp\/v2\/posts\/8477","targetHints":{"allow":["GET"]}}],"collection":[{"href":"https:\/\/julienmarchal.fr\/es\/wp-json\/wp\/v2\/posts"}],"about":[{"href":"https:\/\/julienmarchal.fr\/es\/wp-json\/wp\/v2\/types\/post"}],"author":[{"embeddable":true,"href":"https:\/\/julienmarchal.fr\/es\/wp-json\/wp\/v2\/users\/1"}],"replies":[{"embeddable":true,"href":"https:\/\/julienmarchal.fr\/es\/wp-json\/wp\/v2\/comments?post=8477"}],"version-history":[{"count":0,"href":"https:\/\/julienmarchal.fr\/es\/wp-json\/wp\/v2\/posts\/8477\/revisions"}],"wp:featuredmedia":[{"embeddable":true,"href":"https:\/\/julienmarchal.fr\/es\/wp-json\/wp\/v2\/media\/8485"}],"wp:attachment":[{"href":"https:\/\/julienmarchal.fr\/es\/wp-json\/wp\/v2\/media?parent=8477"}],"wp:term":[{"taxonomy":"category","embeddable":true,"href":"https:\/\/julienmarchal.fr\/es\/wp-json\/wp\/v2\/categories?post=8477"},{"taxonomy":"post_tag","embeddable":true,"href":"https:\/\/julienmarchal.fr\/es\/wp-json\/wp\/v2\/tags?post=8477"}],"curies":[{"name":"wp","href":"https:\/\/api.w.org\/{rel}","templated":true}]}}