{"id":8404,"date":"2005-09-10T22:33:16","date_gmt":"2005-09-10T20:33:16","guid":{"rendered":"https:\/\/julienmarchal.fr\/?p=8404"},"modified":"2023-03-08T14:40:25","modified_gmt":"2023-03-08T13:40:25","slug":"red-quebequense-y-francesa-de-emergencia-para-mamiferos-marinos","status":"publish","type":"post","link":"https:\/\/julienmarchal.fr\/es\/reseau-quebecois-et-francais-durgences-pour-les-mammiferes-marins\/","title":{"rendered":"Red de emergencia para mam\u00edferos marinos de Quebec (y Francia): 1-877-722-5346"},"content":{"rendered":"<div data-elementor-type=\"wp-post\" data-elementor-id=\"8404\" class=\"elementor elementor-8404\" data-elementor-post-type=\"post\">\n\t\t\t\t\t\t<section class=\"elementor-section elementor-top-section elementor-element elementor-element-5750f4c elementor-section-boxed elementor-section-height-default elementor-section-height-default\" data-id=\"5750f4c\" data-element_type=\"section\" data-e-type=\"section\">\n\t\t\t\t\t\t<div class=\"elementor-container elementor-column-gap-default\">\n\t\t\t\t\t<div class=\"elementor-column elementor-col-100 elementor-top-column elementor-element elementor-element-06a3b9d\" data-id=\"06a3b9d\" data-element_type=\"column\" data-e-type=\"column\">\n\t\t\t<div class=\"elementor-widget-wrap elementor-element-populated\">\n\t\t\t\t\t\t<div class=\"elementor-element elementor-element-77a3444 elementor-widget elementor-widget-text-editor\" data-id=\"77a3444\" data-element_type=\"widget\" data-e-type=\"widget\" data-widget_type=\"text-editor.default\">\n\t\t\t\t<div class=\"elementor-widget-container\">\n\t\t\t\t\t\t\t\t\t<p>En Francia, tenemos la suerte de contar con PELAGOS. En M\u00f3naco, Francia e Italia crearon sendos grupos de trabajo de \" <a href=\"https:\/\/www.sanctuaire-pelagos.org\/fr\/\" target=\"_blank\" rel=\"noopener\">Santuario Mediterr\u00e1neo de Mam\u00edferos Marinos<\/a> \"para trabajar en el Ministerio de Medio Ambiente.<\/p>\t\t\t\t\t\t\t\t<\/div>\n\t\t\t\t<\/div>\n\t\t\t\t<div class=\"elementor-element elementor-element-44689c6 elementor-widget elementor-widget-heading\" data-id=\"44689c6\" data-element_type=\"widget\" data-e-type=\"widget\" data-widget_type=\"heading.default\">\n\t\t\t\t<div class=\"elementor-widget-container\">\n\t\t\t\t\t<h4 class=\"elementor-heading-title elementor-size-default\">Los 10 actores franceses del grupo de sensibilizaci\u00f3n son<\/h4>\t\t\t\t<\/div>\n\t\t\t\t<\/div>\n\t\t\t\t<div class=\"elementor-element elementor-element-520dbf7 elementor-widget elementor-widget-text-editor\" data-id=\"520dbf7\" data-element_type=\"widget\" data-e-type=\"widget\" data-widget_type=\"text-editor.default\">\n\t\t\t\t<div class=\"elementor-widget-container\">\n\t\t\t\t\t\t\t\t\t<ol><li>Escuela Pr\u00e1ctica de Altos Estudios de Montpellier (organismo cient\u00edfico)<\/li><li>Ballenas y delfines sin fronteras (asociaci\u00f3n)<\/li><li>SNCM (compa\u00f1\u00eda de transporte mar\u00edtimo)<\/li><li>WWF Francia (organizaci\u00f3n cient\u00edfica del programa \"Cap Ligure\")<\/li><li>GREC (organizaci\u00f3n cient\u00edfica)<\/li><li>RIMMO (asociaci\u00f3n)<\/li><li>Delphinia Sea Conservation (asociaci\u00f3n)<\/li><li>CETUS (asociaci\u00f3n)<\/li><li>GECEM (organizaci\u00f3n cient\u00edfica)<\/li><li>SOS GRAND BLEU (asociaci\u00f3n)<\/li><\/ol>\t\t\t\t\t\t\t\t<\/div>\n\t\t\t\t<\/div>\n\t\t\t\t<div class=\"elementor-element elementor-element-f1c263a elementor-widget elementor-widget-text-editor\" data-id=\"f1c263a\" data-element_type=\"widget\" data-e-type=\"widget\" data-widget_type=\"text-editor.default\">\n\t\t\t\t<div class=\"elementor-widget-container\">\n\t\t\t\t\t\t\t\t\t<p>Este grupo se re\u00fane peri\u00f3dicamente en Hy\u00e8res, en las oficinas del Parque Nacional de Port - Cros. Todas las decisiones y reuniones se toman en estos locales.<\/p><p>El grupo re\u00fane a asociaciones cient\u00edficas y no cient\u00edficas, laboratorios, universidades, escuelas y profesionales del mar.<\/p><p>Los datos recogidos en el mar por los distintos agentes y participantes cient\u00edficos se comunican al Sr. Beaubrun P.C, director del laboratorio de la Escuela Pr\u00e1ctica de Altos Estudios (EPHE), con sede en Montpellier.<\/p><p>En Canad\u00e1, y m\u00e1s concretamente en la provincia de Quebec, decenas de miles de mam\u00edferos marinos son v\u00edctimas de incidentes relacionados con diversas actividades humanas. El San Lorenzo no es una excepci\u00f3n a esta realidad, que afecta al menos a 13 especies de mam\u00edferos marinos, cet\u00e1ceos y focas.<\/p><p>En 2004, un grupo de expertos recomend\u00f3 la creaci\u00f3n de una red de organizaciones e instituciones quebequenses que ya trabajaban con mam\u00edferos marinos. El sitio <a href=\"https:\/\/baleinesendirect.org\/urgences-mammiferes-marins\/\" target=\"_blank\" rel=\"noopener\">Red de Respuesta de Emergencia para los Mam\u00edferos Marinos de Quebec<\/a> naci\u00f3.<\/p>\t\t\t\t\t\t\t\t<\/div>\n\t\t\t\t<\/div>\n\t\t\t\t<div class=\"elementor-element elementor-element-f9bcb2a elementor-widget elementor-widget-heading\" data-id=\"f9bcb2a\" data-element_type=\"widget\" data-e-type=\"widget\" data-widget_type=\"heading.default\">\n\t\t\t\t<div class=\"elementor-widget-container\">\n\t\t\t\t\t<h4 class=\"elementor-heading-title elementor-size-default\">Esta red es el resultado de un esfuerzo concertado con los siguientes socios <\/h4>\t\t\t\t<\/div>\n\t\t\t\t<\/div>\n\t\t\t\t<div class=\"elementor-element elementor-element-86875ac elementor-widget elementor-widget-text-editor\" data-id=\"86875ac\" data-element_type=\"widget\" data-e-type=\"widget\" data-widget_type=\"text-editor.default\">\n\t\t\t\t<div class=\"elementor-widget-container\">\n\t\t\t\t\t\t\t\t\t<ul><li>Biodomo de Montreal<\/li><li><a href=\"https:\/\/www.dfo-mpo.gc.ca\/index-fra.html\" target=\"_blank\" rel=\"noopener\"><strong>Pesca y Oc\u00e9anos<\/strong><\/a> Canad\u00e1<\/li><li><a href=\"https:\/\/parcs.canada.ca\/\"><strong>Parques de Canad\u00e1<\/strong><\/a><\/li><li>Acuario de Quebec<\/li><li>Grupo de Investigaci\u00f3n y Educaci\u00f3n sobre Mam\u00edferos Marinos (<strong><a href=\"https:\/\/gremm.org\/\" target=\"_blank\" rel=\"noopener\">GREMM<\/a><\/strong>)<\/li><li>Estaci\u00f3n de Investigaci\u00f3n de la Isla de Mingan (<a href=\"https:\/\/www.rorqual.com\/francais\/accueil\" target=\"_blank\" rel=\"noopener\"><strong>MICS<\/strong><\/a>)<\/li><li>Red de Observaci\u00f3n de Mam\u00edferos Marinos (<a href=\"http:\/\/romm.ca\/\" target=\"_blank\" rel=\"noopener\"><strong>ROMM<\/strong><\/a>)<\/li><li>Centro de Sanidad de la Fauna Salvaje de Quebec (<strong><a href=\"https:\/\/recherche.umontreal.ca\/nos-chercheurs\/repertoire-des-unites-de-recherche\/unite\/is\/ur14141\/\" target=\"_blank\" rel=\"noopener\">CQSAS<\/a><\/strong>)<\/li><li>Instituto Nacional de Ecotoxicolog\u00eda de San Lorenzo (SLNIE)<\/li><\/ul>\t\t\t\t\t\t\t\t<\/div>\n\t\t\t\t<\/div>\n\t\t\t\t\t<\/div>\n\t\t<\/div>\n\t\t\t\t\t<\/div>\n\t\t<\/section>\n\t\t\t\t<section class=\"elementor-section elementor-top-section elementor-element elementor-element-620e46c elementor-section-boxed elementor-section-height-default elementor-section-height-default\" data-id=\"620e46c\" data-element_type=\"section\" data-e-type=\"section\">\n\t\t\t\t\t\t<div class=\"elementor-container elementor-column-gap-default\">\n\t\t\t\t\t<div class=\"elementor-column elementor-col-100 elementor-top-column elementor-element elementor-element-0ee4a28\" data-id=\"0ee4a28\" data-element_type=\"column\" data-e-type=\"column\">\n\t\t\t<div class=\"elementor-widget-wrap elementor-element-populated\">\n\t\t\t\t\t\t<div class=\"elementor-element elementor-element-ac489ab elementor-widget elementor-widget-image\" data-id=\"ac489ab\" data-element_type=\"widget\" data-e-type=\"widget\" data-widget_type=\"image.default\">\n\t\t\t\t<div class=\"elementor-widget-container\">\n\t\t\t\t\t\t\t\t\t\t\t\t\t\t\t<img fetchpriority=\"high\" decoding=\"async\" width=\"800\" height=\"600\" src=\"https:\/\/julienmarchal.fr\/wp-content\/uploads\/2023\/01\/Rimouski.fulljob.Quebec.Canada.2007.jpg\" class=\"attachment-large size-large wp-image-4452\" alt=\"\" srcset=\"https:\/\/julienmarchal.fr\/wp-content\/uploads\/2023\/01\/Rimouski.fulljob.Quebec.Canada.2007.jpg 800w, https:\/\/julienmarchal.fr\/wp-content\/uploads\/2023\/01\/Rimouski.fulljob.Quebec.Canada.2007-300x225.jpg 300w, https:\/\/julienmarchal.fr\/wp-content\/uploads\/2023\/01\/Rimouski.fulljob.Quebec.Canada.2007-768x576.jpg 768w\" sizes=\"(max-width: 800px) 100vw, 800px\" \/>\t\t\t\t\t\t\t\t\t\t\t\t\t\t\t<\/div>\n\t\t\t\t<\/div>\n\t\t\t\t\t<\/div>\n\t\t<\/div>\n\t\t\t\t\t<\/div>\n\t\t<\/section>\n\t\t\t\t<section class=\"elementor-section elementor-top-section elementor-element elementor-element-d6553d4 elementor-section-boxed elementor-section-height-default elementor-section-height-default\" data-id=\"d6553d4\" data-element_type=\"section\" data-e-type=\"section\">\n\t\t\t\t\t\t<div class=\"elementor-container elementor-column-gap-default\">\n\t\t\t\t\t<div class=\"elementor-column elementor-col-100 elementor-top-column elementor-element elementor-element-e8bad7c\" data-id=\"e8bad7c\" data-element_type=\"column\" data-e-type=\"column\">\n\t\t\t<div class=\"elementor-widget-wrap elementor-element-populated\">\n\t\t\t\t\t\t<div class=\"elementor-element elementor-element-b10d3ed elementor-widget elementor-widget-text-editor\" data-id=\"b10d3ed\" data-element_type=\"widget\" data-e-type=\"widget\" data-widget_type=\"text-editor.default\">\n\t\t\t\t<div class=\"elementor-widget-container\">\n\t\t\t\t\t\t\t\t\t<p>Est\u00e1 financiado por Fisheries and Oceans Canada, el Programa de Gesti\u00f3n de H\u00e1bitats para Especies en Riesgo del Gobierno de Canad\u00e1, el Instituto Canadiense de la Ballena y la Fundaci\u00f3n Nacional de Pesca y Vida Silvestre.<\/p><p>Esta Red Quebequense de Respuesta a Emergencias de Mam\u00edferos Marinos permite \"organizar, coordinar y aplicar medidas para reducir las muertes accidentales de mam\u00edferos marinos, rescatar a los animales en dificultades y adquirir conocimientos sobre los animales muertos (varados o a la deriva) en las aguas del San Lorenzo que bordean Quebec\".<\/p><p>Puede llamar al n\u00famero gratuito 1 -877-7 ballena (<strong>1-877-722-5346<\/strong>) que los usuarios y residentes del San Lorenzo est\u00e1n invitados a alertar.<\/p>\t\t\t\t\t\t\t\t<\/div>\n\t\t\t\t<\/div>\n\t\t\t\t\t<\/div>\n\t\t<\/div>\n\t\t\t\t\t<\/div>\n\t\t<\/section>\n\t\t\t\t<section class=\"elementor-section elementor-top-section elementor-element elementor-element-7a98454 elementor-section-content-middle elementor-section-boxed elementor-section-height-default elementor-section-height-default\" data-id=\"7a98454\" data-element_type=\"section\" data-e-type=\"section\">\n\t\t\t\t\t\t<div class=\"elementor-container elementor-column-gap-default\">\n\t\t\t\t\t<div class=\"elementor-column elementor-col-50 elementor-top-column elementor-element elementor-element-8a6f2b0\" data-id=\"8a6f2b0\" data-element_type=\"column\" data-e-type=\"column\">\n\t\t\t<div class=\"elementor-widget-wrap elementor-element-populated\">\n\t\t\t\t\t\t<div class=\"elementor-element elementor-element-03df7bb elementor-widget elementor-widget-image\" data-id=\"03df7bb\" data-element_type=\"widget\" data-e-type=\"widget\" data-widget_type=\"image.default\">\n\t\t\t\t<div class=\"elementor-widget-container\">\n\t\t\t\t\t\t\t\t\t\t\t\t\t\t\t<img decoding=\"async\" width=\"768\" height=\"1024\" src=\"https:\/\/julienmarchal.fr\/wp-content\/uploads\/2023\/01\/CapitaineArchipelduBic.2007.Qc_.Canada-768x1024.jpg\" class=\"attachment-large size-large wp-image-3984\" alt=\"\" srcset=\"https:\/\/julienmarchal.fr\/wp-content\/uploads\/2023\/01\/CapitaineArchipelduBic.2007.Qc_.Canada-768x1024.jpg 768w, https:\/\/julienmarchal.fr\/wp-content\/uploads\/2023\/01\/CapitaineArchipelduBic.2007.Qc_.Canada-225x300.jpg 225w, https:\/\/julienmarchal.fr\/wp-content\/uploads\/2023\/01\/CapitaineArchipelduBic.2007.Qc_.Canada.jpg 800w\" sizes=\"(max-width: 768px) 100vw, 768px\" \/>\t\t\t\t\t\t\t\t\t\t\t\t\t\t\t<\/div>\n\t\t\t\t<\/div>\n\t\t\t\t\t<\/div>\n\t\t<\/div>\n\t\t\t\t<div class=\"elementor-column elementor-col-50 elementor-top-column elementor-element elementor-element-1fca08e\" data-id=\"1fca08e\" data-element_type=\"column\" data-e-type=\"column\">\n\t\t\t<div class=\"elementor-widget-wrap elementor-element-populated\">\n\t\t\t\t\t\t<div class=\"elementor-element elementor-element-436e108 elementor-widget elementor-widget-text-editor\" data-id=\"436e108\" data-element_type=\"widget\" data-e-type=\"widget\" data-widget_type=\"text-editor.default\">\n\t\t\t\t<div class=\"elementor-widget-container\">\n\t\t\t\t\t\t\t\t\t<p>El GREMM recibe y gestiona las llamadas a la Red 24 horas al d\u00eda, 7 d\u00edas a la semana. En funci\u00f3n del caso, se pueden organizar equipos de intervenci\u00f3n para intervenir r\u00e1pidamente.<\/p><p>El objetivo de esta red es salvar de la extinci\u00f3n a especies en peligro y recopilar datos sobre animales muertos.<\/p><p>As\u00ed que, cuando viaje por Quebec, si ve un animal en apuros, llame a este n\u00famero lo antes posible.<\/p><p>\u00a1Gracias por ellos!<\/p>\t\t\t\t\t\t\t\t<\/div>\n\t\t\t\t<\/div>\n\t\t\t\t\t<\/div>\n\t\t<\/div>\n\t\t\t\t\t<\/div>\n\t\t<\/section>\n\t\t\t\t<section class=\"elementor-section elementor-top-section elementor-element elementor-element-44b2e1b8 elementor-section-boxed elementor-section-height-default elementor-section-height-default\" data-id=\"44b2e1b8\" data-element_type=\"section\" data-e-type=\"section\">\n\t\t\t\t\t\t<div class=\"elementor-container elementor-column-gap-default\">\n\t\t\t\t\t<div class=\"elementor-column elementor-col-100 elementor-top-column elementor-element elementor-element-59915ed\" data-id=\"59915ed\" data-element_type=\"column\" data-e-type=\"column\">\n\t\t\t<div class=\"elementor-widget-wrap elementor-element-populated\">\n\t\t\t\t\t\t<div class=\"elementor-element elementor-element-1317911d elementor-widget__width-initial elementor-widget elementor-widget-text-editor\" data-id=\"1317911d\" data-element_type=\"widget\" data-e-type=\"widget\" data-widget_type=\"text-editor.default\">\n\t\t\t\t<div class=\"elementor-widget-container\">\n\t\t\t\t\t\t\t\t\t<blockquote><p><span style=\"font-size: large;\">Montreal\/Canad\u00e1. Septiembre de 2005.<\/span><\/p><p><cite>Julien Marchal<\/cite><\/p><\/blockquote>\t\t\t\t\t\t\t\t<\/div>\n\t\t\t\t<\/div>\n\t\t\t\t\t<\/div>\n\t\t<\/div>\n\t\t\t\t\t<\/div>\n\t\t<\/section>\n\t\t\t\t<\/div>","protected":false},"excerpt":{"rendered":"<p>En France, nous avons la chance d&#8217;avoir PELAGOS. Monaco, la France et l&#8217;Italie constitue chacun un groupe de travail \u00ab\u00a0sensibilisation et whale watching\u00a0\u00bb sur le \u00ab\u00a0Sanctuaire des Mammif\u00e8res Marins en M\u00e9diterran\u00e9e\u00a0\u00bb afin de travailler pour le minist\u00e8re de l&#8217;environnement. Les 10 acteurs fran\u00e7ais du groupe de sensibilisation sont : Ecole Pratique des Hautes Etudes de [&hellip;]<\/p>\n","protected":false},"author":1,"featured_media":4452,"comment_status":"closed","ping_status":"open","sticky":false,"template":"","format":"standard","meta":{"footnotes":""},"categories":[98],"tags":[],"class_list":["post-8404","post","type-post","status-publish","format-standard","has-post-thumbnail","hentry","category-travaux-personnels"],"yoast_head":"<!-- This site is optimized with the Yoast SEO plugin v27.3 - https:\/\/yoast.com\/product\/yoast-seo-wordpress\/ -->\n<title>JULIEN MARCHAL &#8212; R\u00e9seau Qu\u00e9b\u00e9cois (et Fran\u00e7ais) d&#039;urgences pour les mammif\u00e8res marins : 1-877-722-5346<\/title>\n<meta name=\"robots\" content=\"index, follow, max-snippet:-1, max-image-preview:large, max-video-preview:-1\" \/>\n<link rel=\"canonical\" href=\"https:\/\/julienmarchal.fr\/es\/red-quebequense-y-francesa-de-emergencia-para-mamiferos-marinos\/\" \/>\n<meta property=\"og:locale\" content=\"es_ES\" \/>\n<meta property=\"og:type\" content=\"article\" \/>\n<meta property=\"og:title\" content=\"JULIEN MARCHAL &#8212; R\u00e9seau Qu\u00e9b\u00e9cois (et Fran\u00e7ais) d&#039;urgences pour les mammif\u00e8res marins : 1-877-722-5346\" \/>\n<meta property=\"og:description\" content=\"En France, nous avons la chance d&#8217;avoir PELAGOS. Monaco, la France et l&#8217;Italie constitue chacun un groupe de travail \u00ab\u00a0sensibilisation et whale watching\u00a0\u00bb sur le \u00ab\u00a0Sanctuaire des Mammif\u00e8res Marins en M\u00e9diterran\u00e9e\u00a0\u00bb afin de travailler pour le minist\u00e8re de l&#8217;environnement. Les 10 acteurs fran\u00e7ais du groupe de sensibilisation sont : Ecole Pratique des Hautes Etudes de [&hellip;]\" \/>\n<meta property=\"og:url\" content=\"https:\/\/julienmarchal.fr\/es\/red-quebequense-y-francesa-de-emergencia-para-mamiferos-marinos\/\" \/>\n<meta property=\"og:site_name\" content=\"JULIEN MARCHAL\" \/>\n<meta property=\"article:published_time\" content=\"2005-09-10T20:33:16+00:00\" \/>\n<meta property=\"article:modified_time\" content=\"2023-03-08T13:40:25+00:00\" \/>\n<meta property=\"og:image\" content=\"https:\/\/julienmarchal.fr\/wp-content\/uploads\/2023\/01\/Rimouski.fulljob.Quebec.Canada.2007.jpg\" \/>\n\t<meta property=\"og:image:width\" content=\"800\" \/>\n\t<meta property=\"og:image:height\" content=\"600\" \/>\n\t<meta property=\"og:image:type\" content=\"image\/jpeg\" \/>\n<meta name=\"author\" content=\"Julien Marchal\" \/>\n<meta name=\"twitter:card\" content=\"summary_large_image\" \/>\n<script type=\"application\/ld+json\" class=\"yoast-schema-graph\">{\"@context\":\"https:\\\/\\\/schema.org\",\"@graph\":[{\"@type\":\"Article\",\"@id\":\"https:\\\/\\\/julienmarchal.fr\\\/reseau-quebecois-et-francais-durgences-pour-les-mammiferes-marins\\\/#article\",\"isPartOf\":{\"@id\":\"https:\\\/\\\/julienmarchal.fr\\\/reseau-quebecois-et-francais-durgences-pour-les-mammiferes-marins\\\/\"},\"author\":{\"name\":\"Julien Marchal\",\"@id\":\"https:\\\/\\\/julienmarchal.fr\\\/#\\\/schema\\\/person\\\/666ce6402da97412a4009d2891d3cc1d\"},\"headline\":\"R\u00e9seau Qu\u00e9b\u00e9cois (et Fran\u00e7ais) d&#8217;urgences pour les mammif\u00e8res marins : 1-877-722-5346\",\"datePublished\":\"2005-09-10T20:33:16+00:00\",\"dateModified\":\"2023-03-08T13:40:25+00:00\",\"mainEntityOfPage\":{\"@id\":\"https:\\\/\\\/julienmarchal.fr\\\/reseau-quebecois-et-francais-durgences-pour-les-mammiferes-marins\\\/\"},\"wordCount\":613,\"publisher\":{\"@id\":\"https:\\\/\\\/julienmarchal.fr\\\/#\\\/schema\\\/person\\\/9bad5d6d81f92720eaf6c4750c93b7c5\"},\"image\":{\"@id\":\"https:\\\/\\\/julienmarchal.fr\\\/reseau-quebecois-et-francais-durgences-pour-les-mammiferes-marins\\\/#primaryimage\"},\"thumbnailUrl\":\"https:\\\/\\\/julienmarchal.fr\\\/wp-content\\\/uploads\\\/2023\\\/01\\\/Rimouski.fulljob.Quebec.Canada.2007.jpg\",\"articleSection\":[\"Travaux personnels\"],\"inLanguage\":\"es\"},{\"@type\":\"WebPage\",\"@id\":\"https:\\\/\\\/julienmarchal.fr\\\/reseau-quebecois-et-francais-durgences-pour-les-mammiferes-marins\\\/\",\"url\":\"https:\\\/\\\/julienmarchal.fr\\\/reseau-quebecois-et-francais-durgences-pour-les-mammiferes-marins\\\/\",\"name\":\"JULIEN MARCHAL &#8212; R\u00e9seau Qu\u00e9b\u00e9cois (et Fran\u00e7ais) d'urgences pour les mammif\u00e8res marins : 1-877-722-5346\",\"isPartOf\":{\"@id\":\"https:\\\/\\\/julienmarchal.fr\\\/#website\"},\"primaryImageOfPage\":{\"@id\":\"https:\\\/\\\/julienmarchal.fr\\\/reseau-quebecois-et-francais-durgences-pour-les-mammiferes-marins\\\/#primaryimage\"},\"image\":{\"@id\":\"https:\\\/\\\/julienmarchal.fr\\\/reseau-quebecois-et-francais-durgences-pour-les-mammiferes-marins\\\/#primaryimage\"},\"thumbnailUrl\":\"https:\\\/\\\/julienmarchal.fr\\\/wp-content\\\/uploads\\\/2023\\\/01\\\/Rimouski.fulljob.Quebec.Canada.2007.jpg\",\"datePublished\":\"2005-09-10T20:33:16+00:00\",\"dateModified\":\"2023-03-08T13:40:25+00:00\",\"breadcrumb\":{\"@id\":\"https:\\\/\\\/julienmarchal.fr\\\/reseau-quebecois-et-francais-durgences-pour-les-mammiferes-marins\\\/#breadcrumb\"},\"inLanguage\":\"es\",\"potentialAction\":[{\"@type\":\"ReadAction\",\"target\":[\"https:\\\/\\\/julienmarchal.fr\\\/reseau-quebecois-et-francais-durgences-pour-les-mammiferes-marins\\\/\"]}]},{\"@type\":\"ImageObject\",\"inLanguage\":\"es\",\"@id\":\"https:\\\/\\\/julienmarchal.fr\\\/reseau-quebecois-et-francais-durgences-pour-les-mammiferes-marins\\\/#primaryimage\",\"url\":\"https:\\\/\\\/julienmarchal.fr\\\/wp-content\\\/uploads\\\/2023\\\/01\\\/Rimouski.fulljob.Quebec.Canada.2007.jpg\",\"contentUrl\":\"https:\\\/\\\/julienmarchal.fr\\\/wp-content\\\/uploads\\\/2023\\\/01\\\/Rimouski.fulljob.Quebec.Canada.2007.jpg\",\"width\":800,\"height\":600,\"caption\":\"OLYMPUS DIGITAL CAMERA\"},{\"@type\":\"BreadcrumbList\",\"@id\":\"https:\\\/\\\/julienmarchal.fr\\\/reseau-quebecois-et-francais-durgences-pour-les-mammiferes-marins\\\/#breadcrumb\",\"itemListElement\":[{\"@type\":\"ListItem\",\"position\":1,\"name\":\"Accueil\",\"item\":\"https:\\\/\\\/julienmarchal.fr\\\/\"},{\"@type\":\"ListItem\",\"position\":2,\"name\":\"R\u00e9seau Qu\u00e9b\u00e9cois (et Fran\u00e7ais) d&#8217;urgences pour les mammif\u00e8res marins : 1-877-722-5346\"}]},{\"@type\":\"WebSite\",\"@id\":\"https:\\\/\\\/julienmarchal.fr\\\/#website\",\"url\":\"https:\\\/\\\/julienmarchal.fr\\\/\",\"name\":\"JULIEN MARCHAL, Observateur de mammif\u00e8res marins\",\"description\":\"Observateur Mammif\u00e8res marins\",\"publisher\":{\"@id\":\"https:\\\/\\\/julienmarchal.fr\\\/#\\\/schema\\\/person\\\/9bad5d6d81f92720eaf6c4750c93b7c5\"},\"potentialAction\":[{\"@type\":\"SearchAction\",\"target\":{\"@type\":\"EntryPoint\",\"urlTemplate\":\"https:\\\/\\\/julienmarchal.fr\\\/?s={search_term_string}\"},\"query-input\":{\"@type\":\"PropertyValueSpecification\",\"valueRequired\":true,\"valueName\":\"search_term_string\"}}],\"inLanguage\":\"es\"},{\"@type\":[\"Person\",\"Organization\"],\"@id\":\"https:\\\/\\\/julienmarchal.fr\\\/#\\\/schema\\\/person\\\/9bad5d6d81f92720eaf6c4750c93b7c5\",\"name\":\"Julien Marchal\",\"image\":{\"@type\":\"ImageObject\",\"inLanguage\":\"es\",\"@id\":\"https:\\\/\\\/julienmarchal.fr\\\/wp-content\\\/uploads\\\/2023\\\/02\\\/julien-marchal-debuts.png\",\"url\":\"https:\\\/\\\/julienmarchal.fr\\\/wp-content\\\/uploads\\\/2023\\\/02\\\/julien-marchal-debuts.png\",\"contentUrl\":\"https:\\\/\\\/julienmarchal.fr\\\/wp-content\\\/uploads\\\/2023\\\/02\\\/julien-marchal-debuts.png\",\"width\":1239,\"height\":711,\"caption\":\"Julien Marchal\"},\"logo\":{\"@id\":\"https:\\\/\\\/julienmarchal.fr\\\/wp-content\\\/uploads\\\/2023\\\/02\\\/julien-marchal-debuts.png\"},\"sameAs\":[\"https:\\\/\\\/www.instagram.com\\\/julienligniermarchal\\\/\",\"https:\\\/\\\/www.linkedin.com\\\/in\\\/julien-lignier-marchal\\\/\"]},{\"@type\":\"Person\",\"@id\":\"https:\\\/\\\/julienmarchal.fr\\\/#\\\/schema\\\/person\\\/666ce6402da97412a4009d2891d3cc1d\",\"name\":\"Julien Marchal\",\"image\":{\"@type\":\"ImageObject\",\"inLanguage\":\"es\",\"@id\":\"https:\\\/\\\/secure.gravatar.com\\\/avatar\\\/6ce4805ac055ef813258943a238453c65fb05242d1a5b34797c8fce2407e695b?s=96&r=g\",\"url\":\"https:\\\/\\\/secure.gravatar.com\\\/avatar\\\/6ce4805ac055ef813258943a238453c65fb05242d1a5b34797c8fce2407e695b?s=96&r=g\",\"contentUrl\":\"https:\\\/\\\/secure.gravatar.com\\\/avatar\\\/6ce4805ac055ef813258943a238453c65fb05242d1a5b34797c8fce2407e695b?s=96&r=g\",\"caption\":\"Julien Marchal\"},\"sameAs\":[\"https:\\\/\\\/julienmarchal.fr\\\/dev\"]}]}<\/script>\n<!-- \/ Yoast SEO plugin. -->","yoast_head_json":{"title":"JULIEN MARCHAL - Red de Respuesta de Emergencia para Mam\u00edferos Marinos de Quebec (y franc\u00e9s): 1-877-722-5346","robots":{"index":"index","follow":"follow","max-snippet":"max-snippet:-1","max-image-preview":"max-image-preview:large","max-video-preview":"max-video-preview:-1"},"canonical":"https:\/\/julienmarchal.fr\/es\/red-quebequense-y-francesa-de-emergencia-para-mamiferos-marinos\/","og_locale":"es_ES","og_type":"article","og_title":"JULIEN MARCHAL &#8212; R\u00e9seau Qu\u00e9b\u00e9cois (et Fran\u00e7ais) d'urgences pour les mammif\u00e8res marins : 1-877-722-5346","og_description":"En France, nous avons la chance d&#8217;avoir PELAGOS. Monaco, la France et l&#8217;Italie constitue chacun un groupe de travail \u00ab\u00a0sensibilisation et whale watching\u00a0\u00bb sur le \u00ab\u00a0Sanctuaire des Mammif\u00e8res Marins en M\u00e9diterran\u00e9e\u00a0\u00bb afin de travailler pour le minist\u00e8re de l&#8217;environnement. Les 10 acteurs fran\u00e7ais du groupe de sensibilisation sont : Ecole Pratique des Hautes Etudes de [&hellip;]","og_url":"https:\/\/julienmarchal.fr\/es\/red-quebequense-y-francesa-de-emergencia-para-mamiferos-marinos\/","og_site_name":"JULIEN MARCHAL","article_published_time":"2005-09-10T20:33:16+00:00","article_modified_time":"2023-03-08T13:40:25+00:00","og_image":[{"width":800,"height":600,"url":"https:\/\/julienmarchal.fr\/wp-content\/uploads\/2023\/01\/Rimouski.fulljob.Quebec.Canada.2007.jpg","type":"image\/jpeg"}],"author":"Julien Marchal","twitter_card":"summary_large_image","schema":{"@context":"https:\/\/schema.org","@graph":[{"@type":"Article","@id":"https:\/\/julienmarchal.fr\/reseau-quebecois-et-francais-durgences-pour-les-mammiferes-marins\/#article","isPartOf":{"@id":"https:\/\/julienmarchal.fr\/reseau-quebecois-et-francais-durgences-pour-les-mammiferes-marins\/"},"author":{"name":"Julien Marchal","@id":"https:\/\/julienmarchal.fr\/#\/schema\/person\/666ce6402da97412a4009d2891d3cc1d"},"headline":"R\u00e9seau Qu\u00e9b\u00e9cois (et Fran\u00e7ais) d&#8217;urgences pour les mammif\u00e8res marins : 1-877-722-5346","datePublished":"2005-09-10T20:33:16+00:00","dateModified":"2023-03-08T13:40:25+00:00","mainEntityOfPage":{"@id":"https:\/\/julienmarchal.fr\/reseau-quebecois-et-francais-durgences-pour-les-mammiferes-marins\/"},"wordCount":613,"publisher":{"@id":"https:\/\/julienmarchal.fr\/#\/schema\/person\/9bad5d6d81f92720eaf6c4750c93b7c5"},"image":{"@id":"https:\/\/julienmarchal.fr\/reseau-quebecois-et-francais-durgences-pour-les-mammiferes-marins\/#primaryimage"},"thumbnailUrl":"https:\/\/julienmarchal.fr\/wp-content\/uploads\/2023\/01\/Rimouski.fulljob.Quebec.Canada.2007.jpg","articleSection":["Travaux personnels"],"inLanguage":"es"},{"@type":"WebPage","@id":"https:\/\/julienmarchal.fr\/reseau-quebecois-et-francais-durgences-pour-les-mammiferes-marins\/","url":"https:\/\/julienmarchal.fr\/reseau-quebecois-et-francais-durgences-pour-les-mammiferes-marins\/","name":"JULIEN MARCHAL - Red de Respuesta de Emergencia para Mam\u00edferos Marinos de Quebec (y franc\u00e9s): 1-877-722-5346","isPartOf":{"@id":"https:\/\/julienmarchal.fr\/#website"},"primaryImageOfPage":{"@id":"https:\/\/julienmarchal.fr\/reseau-quebecois-et-francais-durgences-pour-les-mammiferes-marins\/#primaryimage"},"image":{"@id":"https:\/\/julienmarchal.fr\/reseau-quebecois-et-francais-durgences-pour-les-mammiferes-marins\/#primaryimage"},"thumbnailUrl":"https:\/\/julienmarchal.fr\/wp-content\/uploads\/2023\/01\/Rimouski.fulljob.Quebec.Canada.2007.jpg","datePublished":"2005-09-10T20:33:16+00:00","dateModified":"2023-03-08T13:40:25+00:00","breadcrumb":{"@id":"https:\/\/julienmarchal.fr\/reseau-quebecois-et-francais-durgences-pour-les-mammiferes-marins\/#breadcrumb"},"inLanguage":"es","potentialAction":[{"@type":"ReadAction","target":["https:\/\/julienmarchal.fr\/reseau-quebecois-et-francais-durgences-pour-les-mammiferes-marins\/"]}]},{"@type":"ImageObject","inLanguage":"es","@id":"https:\/\/julienmarchal.fr\/reseau-quebecois-et-francais-durgences-pour-les-mammiferes-marins\/#primaryimage","url":"https:\/\/julienmarchal.fr\/wp-content\/uploads\/2023\/01\/Rimouski.fulljob.Quebec.Canada.2007.jpg","contentUrl":"https:\/\/julienmarchal.fr\/wp-content\/uploads\/2023\/01\/Rimouski.fulljob.Quebec.Canada.2007.jpg","width":800,"height":600,"caption":"OLYMPUS DIGITAL CAMERA"},{"@type":"BreadcrumbList","@id":"https:\/\/julienmarchal.fr\/reseau-quebecois-et-francais-durgences-pour-les-mammiferes-marins\/#breadcrumb","itemListElement":[{"@type":"ListItem","position":1,"name":"Accueil","item":"https:\/\/julienmarchal.fr\/"},{"@type":"ListItem","position":2,"name":"R\u00e9seau Qu\u00e9b\u00e9cois (et Fran\u00e7ais) d&#8217;urgences pour les mammif\u00e8res marins : 1-877-722-5346"}]},{"@type":"WebSite","@id":"https:\/\/julienmarchal.fr\/#website","url":"https:\/\/julienmarchal.fr\/","name":"JULIEN MARCHAL, Observador de mam\u00edferos marinos","description":"Observador de mam\u00edferos marinos","publisher":{"@id":"https:\/\/julienmarchal.fr\/#\/schema\/person\/9bad5d6d81f92720eaf6c4750c93b7c5"},"potentialAction":[{"@type":"SearchAction","target":{"@type":"EntryPoint","urlTemplate":"https:\/\/julienmarchal.fr\/?s={search_term_string}"},"query-input":{"@type":"PropertyValueSpecification","valueRequired":true,"valueName":"search_term_string"}}],"inLanguage":"es"},{"@type":["Person","Organization"],"@id":"https:\/\/julienmarchal.fr\/#\/schema\/person\/9bad5d6d81f92720eaf6c4750c93b7c5","name":"Julien Marchal","image":{"@type":"ImageObject","inLanguage":"es","@id":"https:\/\/julienmarchal.fr\/wp-content\/uploads\/2023\/02\/julien-marchal-debuts.png","url":"https:\/\/julienmarchal.fr\/wp-content\/uploads\/2023\/02\/julien-marchal-debuts.png","contentUrl":"https:\/\/julienmarchal.fr\/wp-content\/uploads\/2023\/02\/julien-marchal-debuts.png","width":1239,"height":711,"caption":"Julien Marchal"},"logo":{"@id":"https:\/\/julienmarchal.fr\/wp-content\/uploads\/2023\/02\/julien-marchal-debuts.png"},"sameAs":["https:\/\/www.instagram.com\/julienligniermarchal\/","https:\/\/www.linkedin.com\/in\/julien-lignier-marchal\/"]},{"@type":"Person","@id":"https:\/\/julienmarchal.fr\/#\/schema\/person\/666ce6402da97412a4009d2891d3cc1d","name":"Julien Marchal","image":{"@type":"ImageObject","inLanguage":"es","@id":"https:\/\/secure.gravatar.com\/avatar\/6ce4805ac055ef813258943a238453c65fb05242d1a5b34797c8fce2407e695b?s=96&r=g","url":"https:\/\/secure.gravatar.com\/avatar\/6ce4805ac055ef813258943a238453c65fb05242d1a5b34797c8fce2407e695b?s=96&r=g","contentUrl":"https:\/\/secure.gravatar.com\/avatar\/6ce4805ac055ef813258943a238453c65fb05242d1a5b34797c8fce2407e695b?s=96&r=g","caption":"Julien Marchal"},"sameAs":["https:\/\/julienmarchal.fr\/dev"]}]}},"_links":{"self":[{"href":"https:\/\/julienmarchal.fr\/es\/wp-json\/wp\/v2\/posts\/8404","targetHints":{"allow":["GET"]}}],"collection":[{"href":"https:\/\/julienmarchal.fr\/es\/wp-json\/wp\/v2\/posts"}],"about":[{"href":"https:\/\/julienmarchal.fr\/es\/wp-json\/wp\/v2\/types\/post"}],"author":[{"embeddable":true,"href":"https:\/\/julienmarchal.fr\/es\/wp-json\/wp\/v2\/users\/1"}],"replies":[{"embeddable":true,"href":"https:\/\/julienmarchal.fr\/es\/wp-json\/wp\/v2\/comments?post=8404"}],"version-history":[{"count":0,"href":"https:\/\/julienmarchal.fr\/es\/wp-json\/wp\/v2\/posts\/8404\/revisions"}],"wp:featuredmedia":[{"embeddable":true,"href":"https:\/\/julienmarchal.fr\/es\/wp-json\/wp\/v2\/media\/4452"}],"wp:attachment":[{"href":"https:\/\/julienmarchal.fr\/es\/wp-json\/wp\/v2\/media?parent=8404"}],"wp:term":[{"taxonomy":"category","embeddable":true,"href":"https:\/\/julienmarchal.fr\/es\/wp-json\/wp\/v2\/categories?post=8404"},{"taxonomy":"post_tag","embeddable":true,"href":"https:\/\/julienmarchal.fr\/es\/wp-json\/wp\/v2\/tags?post=8404"}],"curies":[{"name":"wp","href":"https:\/\/api.w.org\/{rel}","templated":true}]}}