{"id":8048,"date":"2010-03-16T22:36:16","date_gmt":"2010-03-16T21:36:16","guid":{"rendered":"https:\/\/julienmarchal.fr\/?p=8048"},"modified":"2023-03-11T19:35:27","modified_gmt":"2023-03-11T18:35:27","slug":"lorque-killer-marzo-2010","status":"publish","type":"post","link":"https:\/\/julienmarchal.fr\/es\/lorque-tueur-mars-2010\/","title":{"rendered":"La orca (marzo de 2010)"},"content":{"rendered":"<div data-elementor-type=\"wp-post\" data-elementor-id=\"8048\" class=\"elementor elementor-8048\" data-elementor-post-type=\"post\">\n\t\t\t\t\t\t<section class=\"elementor-section elementor-top-section elementor-element elementor-element-b269beb elementor-section-boxed elementor-section-height-default elementor-section-height-default\" data-id=\"b269beb\" data-element_type=\"section\" data-e-type=\"section\">\n\t\t\t\t\t\t<div class=\"elementor-container elementor-column-gap-default\">\n\t\t\t\t\t<div class=\"elementor-column elementor-col-100 elementor-top-column elementor-element elementor-element-bb29a8c\" data-id=\"bb29a8c\" data-element_type=\"column\" data-e-type=\"column\">\n\t\t\t<div class=\"elementor-widget-wrap elementor-element-populated\">\n\t\t\t\t\t\t<div class=\"elementor-element elementor-element-ab366b8 elementor-widget elementor-widget-heading\" data-id=\"ab366b8\" data-element_type=\"widget\" data-e-type=\"widget\" data-widget_type=\"heading.default\">\n\t\t\t\t<div class=\"elementor-widget-container\">\n\t\t\t\t\t<h4 class=\"elementor-heading-title elementor-size-default\">Hola, internautas,<\/h4>\t\t\t\t<\/div>\n\t\t\t\t<\/div>\n\t\t\t\t<div class=\"elementor-element elementor-element-a617c0c elementor-widget elementor-widget-text-editor\" data-id=\"a617c0c\" data-element_type=\"widget\" data-e-type=\"widget\" data-widget_type=\"text-editor.default\">\n\t\t\t\t<div class=\"elementor-widget-container\">\n\t\t\t\t\t\t\t\t\t<p>La muerte del entrenador de un parque acu\u00e1tico de Florida ha hecho que mucha gente se eche las manos a la cabeza, pero \u00bfpor qu\u00e9? \u00bfLe sorprende?<\/p><p>Ahora la gente pensar\u00e1 que las orcas son animales peligrosos y devoradores de hombres. Es dram\u00e1tico que sigamos imaginando tantas cosas negativas sobre ellas, al mismo nivel que los tiburones. \u00a1Pobres de ellas!<\/p><p>Debes saber que las orcas son animales inteligentes y sociables, con un sistema matriarcal muy desarrollado. Estuve con ellas en Canad\u00e1 durante mi voluntariado en 1997, y su lenguaje e identificaci\u00f3n de grupo est\u00e1n estructurados.<\/p><p>Es cierto que este animal llamado Tilikum ya ha causado la muerte de personas en el pasado en diferentes circunstancias. Pero finalmente, en un ESTANQUE, \u00a1qu\u00e9 condiciones de vida!<\/p><p>\u00a1Dejemos de hacer sentir culpable al animal y de condenarlo a muerte porque ha matado a una persona! \u00bfEstamos seguros de que fue voluntario o s\u00f3lo un juego? La orca adulta puede pesar 9 toneladas y medir 9 metros. Un simple \"golpecito\" de su aleta puede hundirte en un instante. Lo siento por esta persona y su familia.<\/p><p>Pero seguimos pregunt\u00e1ndonos si este animal est\u00e1 \"loco\", \"es agresivo\", \"es consciente o no\", \"no es apto o no\", etc..... todo es rid\u00edculo, \u00a1simplemente no merece vivir en un ZOO!<\/p><p>Necesitan espacio, libertad y una familia para poder prosperar en su entorno b\u00e1sico. Los a\u00f1os pasan para las orcas, pero nunca olvidan de d\u00f3nde vienen. Recuerdo muy bien a la orca CORKY, encerrada en el zoo de Seattle, era capaz de reconocer mediante una grabaci\u00f3n los sonidos de su familia procedentes de sus aguas canadienses natales.<\/p><p>Cuando oigo al director del zoo de Marineland, en Francia, decir que se trata de un animal poderoso y con reflejos especiales, \u00a1se le olvida decir que en su parque hay orcas y que eso hace mala publicidad!<\/p><p>Me gustar\u00eda terminar diciendo que debemos protegerlos y comprenderlos en su entorno natural, y dejar de tomarlos por animales de circo.<\/p>\t\t\t\t\t\t\t\t<\/div>\n\t\t\t\t<\/div>\n\t\t\t\t\t<\/div>\n\t\t<\/div>\n\t\t\t\t\t<\/div>\n\t\t<\/section>\n\t\t\t\t<section class=\"elementor-section elementor-top-section elementor-element elementor-element-a5af69c elementor-section-boxed elementor-section-height-default elementor-section-height-default\" data-id=\"a5af69c\" data-element_type=\"section\" data-e-type=\"section\">\n\t\t\t\t\t\t<div class=\"elementor-container elementor-column-gap-default\">\n\t\t\t\t\t<div class=\"elementor-column elementor-col-100 elementor-top-column elementor-element elementor-element-646b4213\" data-id=\"646b4213\" data-element_type=\"column\" data-e-type=\"column\">\n\t\t\t<div class=\"elementor-widget-wrap elementor-element-populated\">\n\t\t\t\t\t\t<div class=\"elementor-element elementor-element-30f00306 elementor-widget__width-initial elementor-widget elementor-widget-text-editor\" data-id=\"30f00306\" data-element_type=\"widget\" data-e-type=\"widget\" data-widget_type=\"text-editor.default\">\n\t\t\t\t<div class=\"elementor-widget-container\">\n\t\t\t\t\t\t\t\t\t<blockquote><p><span style=\"font-size: medium;\">Atentamente.<\/span><\/p><p><span style=\"font-size: large;\">Montreal, Qc, Canad\u00e1, marzo de 2010.<\/span><\/p><p><cite>Julien Marchal<\/cite><\/p><\/blockquote>\t\t\t\t\t\t\t\t<\/div>\n\t\t\t\t<\/div>\n\t\t\t\t\t<\/div>\n\t\t<\/div>\n\t\t\t\t\t<\/div>\n\t\t<\/section>\n\t\t\t\t<\/div>","protected":false},"excerpt":{"rendered":"<p>La muerte del entrenador de un parque acu\u00e1tico de Florida ha hecho que mucha gente se eche las manos a la cabeza, pero \u00bfpor qu\u00e9? \u00bfLe sorprende?<\/p>","protected":false},"author":1,"featured_media":8051,"comment_status":"closed","ping_status":"open","sticky":false,"template":"","format":"standard","meta":{"footnotes":""},"categories":[99],"tags":[],"class_list":["post-8048","post","type-post","status-publish","format-standard","has-post-thumbnail","hentry","category-blog-general"],"yoast_head":"<!-- This site is optimized with the Yoast SEO plugin v27.3 - https:\/\/yoast.com\/product\/yoast-seo-wordpress\/ -->\n<title>JULIEN MARCHAL &#8212; L&#039;orque tueur ? (mars 2010)<\/title>\n<meta name=\"description\" content=\"Opinion personnel contre les conditions de captivit\u00e9 des orques dans les zoos marins apr\u00e8s la mort de la dresseuse aux \u00c9tats-Unis en 2010\" \/>\n<meta name=\"robots\" content=\"index, follow, max-snippet:-1, max-image-preview:large, max-video-preview:-1\" \/>\n<link rel=\"canonical\" href=\"https:\/\/julienmarchal.fr\/es\/lorque-killer-marzo-2010\/\" \/>\n<meta property=\"og:locale\" content=\"es_ES\" \/>\n<meta property=\"og:type\" content=\"article\" \/>\n<meta property=\"og:title\" content=\"JULIEN MARCHAL &#8212; L&#039;orque tueur ? (mars 2010)\" \/>\n<meta property=\"og:description\" content=\"Opinion personnel contre les conditions de captivit\u00e9 des orques dans les zoos marins apr\u00e8s la mort de la dresseuse aux \u00c9tats-Unis en 2010\" \/>\n<meta property=\"og:url\" content=\"https:\/\/julienmarchal.fr\/es\/lorque-killer-marzo-2010\/\" \/>\n<meta property=\"og:site_name\" content=\"JULIEN MARCHAL\" \/>\n<meta property=\"article:published_time\" content=\"2010-03-16T21:36:16+00:00\" \/>\n<meta property=\"article:modified_time\" content=\"2023-03-11T18:35:27+00:00\" \/>\n<meta property=\"og:image\" content=\"https:\/\/julienmarchal.fr\/wp-content\/uploads\/2010\/03\/tilikum.jpg\" \/>\n\t<meta property=\"og:image:width\" content=\"900\" \/>\n\t<meta property=\"og:image:height\" content=\"600\" \/>\n\t<meta property=\"og:image:type\" content=\"image\/jpeg\" \/>\n<meta name=\"author\" content=\"Julien Marchal\" \/>\n<meta name=\"twitter:card\" content=\"summary_large_image\" \/>\n<script type=\"application\/ld+json\" class=\"yoast-schema-graph\">{\"@context\":\"https:\\\/\\\/schema.org\",\"@graph\":[{\"@type\":\"Article\",\"@id\":\"https:\\\/\\\/julienmarchal.fr\\\/lorque-tueur-mars-2010\\\/#article\",\"isPartOf\":{\"@id\":\"https:\\\/\\\/julienmarchal.fr\\\/lorque-tueur-mars-2010\\\/\"},\"author\":{\"name\":\"Julien Marchal\",\"@id\":\"https:\\\/\\\/julienmarchal.fr\\\/#\\\/schema\\\/person\\\/666ce6402da97412a4009d2891d3cc1d\"},\"headline\":\"L&#8217;orque tueur ? (mars 2010)\",\"datePublished\":\"2010-03-16T21:36:16+00:00\",\"dateModified\":\"2023-03-11T18:35:27+00:00\",\"mainEntityOfPage\":{\"@id\":\"https:\\\/\\\/julienmarchal.fr\\\/lorque-tueur-mars-2010\\\/\"},\"wordCount\":389,\"publisher\":{\"@id\":\"https:\\\/\\\/julienmarchal.fr\\\/#\\\/schema\\\/person\\\/9bad5d6d81f92720eaf6c4750c93b7c5\"},\"image\":{\"@id\":\"https:\\\/\\\/julienmarchal.fr\\\/lorque-tueur-mars-2010\\\/#primaryimage\"},\"thumbnailUrl\":\"https:\\\/\\\/julienmarchal.fr\\\/wp-content\\\/uploads\\\/2010\\\/03\\\/tilikum.jpg\",\"articleSection\":[\"Blog g\u00e9n\u00e9ral\"],\"inLanguage\":\"es\"},{\"@type\":\"WebPage\",\"@id\":\"https:\\\/\\\/julienmarchal.fr\\\/lorque-tueur-mars-2010\\\/\",\"url\":\"https:\\\/\\\/julienmarchal.fr\\\/lorque-tueur-mars-2010\\\/\",\"name\":\"JULIEN MARCHAL &#8212; L'orque tueur ? (mars 2010)\",\"isPartOf\":{\"@id\":\"https:\\\/\\\/julienmarchal.fr\\\/#website\"},\"primaryImageOfPage\":{\"@id\":\"https:\\\/\\\/julienmarchal.fr\\\/lorque-tueur-mars-2010\\\/#primaryimage\"},\"image\":{\"@id\":\"https:\\\/\\\/julienmarchal.fr\\\/lorque-tueur-mars-2010\\\/#primaryimage\"},\"thumbnailUrl\":\"https:\\\/\\\/julienmarchal.fr\\\/wp-content\\\/uploads\\\/2010\\\/03\\\/tilikum.jpg\",\"datePublished\":\"2010-03-16T21:36:16+00:00\",\"dateModified\":\"2023-03-11T18:35:27+00:00\",\"description\":\"Opinion personnel contre les conditions de captivit\u00e9 des orques dans les zoos marins apr\u00e8s la mort de la dresseuse aux \u00c9tats-Unis en 2010\",\"breadcrumb\":{\"@id\":\"https:\\\/\\\/julienmarchal.fr\\\/lorque-tueur-mars-2010\\\/#breadcrumb\"},\"inLanguage\":\"es\",\"potentialAction\":[{\"@type\":\"ReadAction\",\"target\":[\"https:\\\/\\\/julienmarchal.fr\\\/lorque-tueur-mars-2010\\\/\"]}]},{\"@type\":\"ImageObject\",\"inLanguage\":\"es\",\"@id\":\"https:\\\/\\\/julienmarchal.fr\\\/lorque-tueur-mars-2010\\\/#primaryimage\",\"url\":\"https:\\\/\\\/julienmarchal.fr\\\/wp-content\\\/uploads\\\/2010\\\/03\\\/tilikum.jpg\",\"contentUrl\":\"https:\\\/\\\/julienmarchal.fr\\\/wp-content\\\/uploads\\\/2010\\\/03\\\/tilikum.jpg\",\"width\":900,\"height\":600},{\"@type\":\"BreadcrumbList\",\"@id\":\"https:\\\/\\\/julienmarchal.fr\\\/lorque-tueur-mars-2010\\\/#breadcrumb\",\"itemListElement\":[{\"@type\":\"ListItem\",\"position\":1,\"name\":\"Accueil\",\"item\":\"https:\\\/\\\/julienmarchal.fr\\\/\"},{\"@type\":\"ListItem\",\"position\":2,\"name\":\"L&#8217;orque tueur ? (mars 2010)\"}]},{\"@type\":\"WebSite\",\"@id\":\"https:\\\/\\\/julienmarchal.fr\\\/#website\",\"url\":\"https:\\\/\\\/julienmarchal.fr\\\/\",\"name\":\"JULIEN MARCHAL, Observateur de mammif\u00e8res marins\",\"description\":\"Observateur Mammif\u00e8res marins\",\"publisher\":{\"@id\":\"https:\\\/\\\/julienmarchal.fr\\\/#\\\/schema\\\/person\\\/9bad5d6d81f92720eaf6c4750c93b7c5\"},\"potentialAction\":[{\"@type\":\"SearchAction\",\"target\":{\"@type\":\"EntryPoint\",\"urlTemplate\":\"https:\\\/\\\/julienmarchal.fr\\\/?s={search_term_string}\"},\"query-input\":{\"@type\":\"PropertyValueSpecification\",\"valueRequired\":true,\"valueName\":\"search_term_string\"}}],\"inLanguage\":\"es\"},{\"@type\":[\"Person\",\"Organization\"],\"@id\":\"https:\\\/\\\/julienmarchal.fr\\\/#\\\/schema\\\/person\\\/9bad5d6d81f92720eaf6c4750c93b7c5\",\"name\":\"Julien Marchal\",\"image\":{\"@type\":\"ImageObject\",\"inLanguage\":\"es\",\"@id\":\"https:\\\/\\\/julienmarchal.fr\\\/wp-content\\\/uploads\\\/2023\\\/02\\\/julien-marchal-debuts.png\",\"url\":\"https:\\\/\\\/julienmarchal.fr\\\/wp-content\\\/uploads\\\/2023\\\/02\\\/julien-marchal-debuts.png\",\"contentUrl\":\"https:\\\/\\\/julienmarchal.fr\\\/wp-content\\\/uploads\\\/2023\\\/02\\\/julien-marchal-debuts.png\",\"width\":1239,\"height\":711,\"caption\":\"Julien Marchal\"},\"logo\":{\"@id\":\"https:\\\/\\\/julienmarchal.fr\\\/wp-content\\\/uploads\\\/2023\\\/02\\\/julien-marchal-debuts.png\"},\"sameAs\":[\"https:\\\/\\\/www.instagram.com\\\/julienligniermarchal\\\/\",\"https:\\\/\\\/www.linkedin.com\\\/in\\\/julien-lignier-marchal\\\/\"]},{\"@type\":\"Person\",\"@id\":\"https:\\\/\\\/julienmarchal.fr\\\/#\\\/schema\\\/person\\\/666ce6402da97412a4009d2891d3cc1d\",\"name\":\"Julien Marchal\",\"image\":{\"@type\":\"ImageObject\",\"inLanguage\":\"es\",\"@id\":\"https:\\\/\\\/secure.gravatar.com\\\/avatar\\\/6ce4805ac055ef813258943a238453c65fb05242d1a5b34797c8fce2407e695b?s=96&r=g\",\"url\":\"https:\\\/\\\/secure.gravatar.com\\\/avatar\\\/6ce4805ac055ef813258943a238453c65fb05242d1a5b34797c8fce2407e695b?s=96&r=g\",\"contentUrl\":\"https:\\\/\\\/secure.gravatar.com\\\/avatar\\\/6ce4805ac055ef813258943a238453c65fb05242d1a5b34797c8fce2407e695b?s=96&r=g\",\"caption\":\"Julien Marchal\"},\"sameAs\":[\"https:\\\/\\\/julienmarchal.fr\\\/dev\"]}]}<\/script>\n<!-- \/ Yoast SEO plugin. -->","yoast_head_json":{"title":"JULIEN MARCHAL - La orca (marzo de 2010)","description":"Opini\u00f3n personal contra las condiciones de cautiverio de las orcas en los zool\u00f3gicos marinos tras la muerte del adiestrador en EE.UU. en 2010","robots":{"index":"index","follow":"follow","max-snippet":"max-snippet:-1","max-image-preview":"max-image-preview:large","max-video-preview":"max-video-preview:-1"},"canonical":"https:\/\/julienmarchal.fr\/es\/lorque-killer-marzo-2010\/","og_locale":"es_ES","og_type":"article","og_title":"JULIEN MARCHAL &#8212; L'orque tueur ? (mars 2010)","og_description":"Opinion personnel contre les conditions de captivit\u00e9 des orques dans les zoos marins apr\u00e8s la mort de la dresseuse aux \u00c9tats-Unis en 2010","og_url":"https:\/\/julienmarchal.fr\/es\/lorque-killer-marzo-2010\/","og_site_name":"JULIEN MARCHAL","article_published_time":"2010-03-16T21:36:16+00:00","article_modified_time":"2023-03-11T18:35:27+00:00","og_image":[{"width":900,"height":600,"url":"https:\/\/julienmarchal.fr\/wp-content\/uploads\/2010\/03\/tilikum.jpg","type":"image\/jpeg"}],"author":"Julien Marchal","twitter_card":"summary_large_image","schema":{"@context":"https:\/\/schema.org","@graph":[{"@type":"Article","@id":"https:\/\/julienmarchal.fr\/lorque-tueur-mars-2010\/#article","isPartOf":{"@id":"https:\/\/julienmarchal.fr\/lorque-tueur-mars-2010\/"},"author":{"name":"Julien Marchal","@id":"https:\/\/julienmarchal.fr\/#\/schema\/person\/666ce6402da97412a4009d2891d3cc1d"},"headline":"L&#8217;orque tueur ? (mars 2010)","datePublished":"2010-03-16T21:36:16+00:00","dateModified":"2023-03-11T18:35:27+00:00","mainEntityOfPage":{"@id":"https:\/\/julienmarchal.fr\/lorque-tueur-mars-2010\/"},"wordCount":389,"publisher":{"@id":"https:\/\/julienmarchal.fr\/#\/schema\/person\/9bad5d6d81f92720eaf6c4750c93b7c5"},"image":{"@id":"https:\/\/julienmarchal.fr\/lorque-tueur-mars-2010\/#primaryimage"},"thumbnailUrl":"https:\/\/julienmarchal.fr\/wp-content\/uploads\/2010\/03\/tilikum.jpg","articleSection":["Blog g\u00e9n\u00e9ral"],"inLanguage":"es"},{"@type":"WebPage","@id":"https:\/\/julienmarchal.fr\/lorque-tueur-mars-2010\/","url":"https:\/\/julienmarchal.fr\/lorque-tueur-mars-2010\/","name":"JULIEN MARCHAL - La orca (marzo de 2010)","isPartOf":{"@id":"https:\/\/julienmarchal.fr\/#website"},"primaryImageOfPage":{"@id":"https:\/\/julienmarchal.fr\/lorque-tueur-mars-2010\/#primaryimage"},"image":{"@id":"https:\/\/julienmarchal.fr\/lorque-tueur-mars-2010\/#primaryimage"},"thumbnailUrl":"https:\/\/julienmarchal.fr\/wp-content\/uploads\/2010\/03\/tilikum.jpg","datePublished":"2010-03-16T21:36:16+00:00","dateModified":"2023-03-11T18:35:27+00:00","description":"Opini\u00f3n personal contra las condiciones de cautiverio de las orcas en los zool\u00f3gicos marinos tras la muerte del adiestrador en EE.UU. en 2010","breadcrumb":{"@id":"https:\/\/julienmarchal.fr\/lorque-tueur-mars-2010\/#breadcrumb"},"inLanguage":"es","potentialAction":[{"@type":"ReadAction","target":["https:\/\/julienmarchal.fr\/lorque-tueur-mars-2010\/"]}]},{"@type":"ImageObject","inLanguage":"es","@id":"https:\/\/julienmarchal.fr\/lorque-tueur-mars-2010\/#primaryimage","url":"https:\/\/julienmarchal.fr\/wp-content\/uploads\/2010\/03\/tilikum.jpg","contentUrl":"https:\/\/julienmarchal.fr\/wp-content\/uploads\/2010\/03\/tilikum.jpg","width":900,"height":600},{"@type":"BreadcrumbList","@id":"https:\/\/julienmarchal.fr\/lorque-tueur-mars-2010\/#breadcrumb","itemListElement":[{"@type":"ListItem","position":1,"name":"Accueil","item":"https:\/\/julienmarchal.fr\/"},{"@type":"ListItem","position":2,"name":"L&#8217;orque tueur ? (mars 2010)"}]},{"@type":"WebSite","@id":"https:\/\/julienmarchal.fr\/#website","url":"https:\/\/julienmarchal.fr\/","name":"JULIEN MARCHAL, Observador de mam\u00edferos marinos","description":"Observador de mam\u00edferos marinos","publisher":{"@id":"https:\/\/julienmarchal.fr\/#\/schema\/person\/9bad5d6d81f92720eaf6c4750c93b7c5"},"potentialAction":[{"@type":"SearchAction","target":{"@type":"EntryPoint","urlTemplate":"https:\/\/julienmarchal.fr\/?s={search_term_string}"},"query-input":{"@type":"PropertyValueSpecification","valueRequired":true,"valueName":"search_term_string"}}],"inLanguage":"es"},{"@type":["Person","Organization"],"@id":"https:\/\/julienmarchal.fr\/#\/schema\/person\/9bad5d6d81f92720eaf6c4750c93b7c5","name":"Julien Marchal","image":{"@type":"ImageObject","inLanguage":"es","@id":"https:\/\/julienmarchal.fr\/wp-content\/uploads\/2023\/02\/julien-marchal-debuts.png","url":"https:\/\/julienmarchal.fr\/wp-content\/uploads\/2023\/02\/julien-marchal-debuts.png","contentUrl":"https:\/\/julienmarchal.fr\/wp-content\/uploads\/2023\/02\/julien-marchal-debuts.png","width":1239,"height":711,"caption":"Julien Marchal"},"logo":{"@id":"https:\/\/julienmarchal.fr\/wp-content\/uploads\/2023\/02\/julien-marchal-debuts.png"},"sameAs":["https:\/\/www.instagram.com\/julienligniermarchal\/","https:\/\/www.linkedin.com\/in\/julien-lignier-marchal\/"]},{"@type":"Person","@id":"https:\/\/julienmarchal.fr\/#\/schema\/person\/666ce6402da97412a4009d2891d3cc1d","name":"Julien Marchal","image":{"@type":"ImageObject","inLanguage":"es","@id":"https:\/\/secure.gravatar.com\/avatar\/6ce4805ac055ef813258943a238453c65fb05242d1a5b34797c8fce2407e695b?s=96&r=g","url":"https:\/\/secure.gravatar.com\/avatar\/6ce4805ac055ef813258943a238453c65fb05242d1a5b34797c8fce2407e695b?s=96&r=g","contentUrl":"https:\/\/secure.gravatar.com\/avatar\/6ce4805ac055ef813258943a238453c65fb05242d1a5b34797c8fce2407e695b?s=96&r=g","caption":"Julien Marchal"},"sameAs":["https:\/\/julienmarchal.fr\/dev"]}]}},"_links":{"self":[{"href":"https:\/\/julienmarchal.fr\/es\/wp-json\/wp\/v2\/posts\/8048","targetHints":{"allow":["GET"]}}],"collection":[{"href":"https:\/\/julienmarchal.fr\/es\/wp-json\/wp\/v2\/posts"}],"about":[{"href":"https:\/\/julienmarchal.fr\/es\/wp-json\/wp\/v2\/types\/post"}],"author":[{"embeddable":true,"href":"https:\/\/julienmarchal.fr\/es\/wp-json\/wp\/v2\/users\/1"}],"replies":[{"embeddable":true,"href":"https:\/\/julienmarchal.fr\/es\/wp-json\/wp\/v2\/comments?post=8048"}],"version-history":[{"count":0,"href":"https:\/\/julienmarchal.fr\/es\/wp-json\/wp\/v2\/posts\/8048\/revisions"}],"wp:featuredmedia":[{"embeddable":true,"href":"https:\/\/julienmarchal.fr\/es\/wp-json\/wp\/v2\/media\/8051"}],"wp:attachment":[{"href":"https:\/\/julienmarchal.fr\/es\/wp-json\/wp\/v2\/media?parent=8048"}],"wp:term":[{"taxonomy":"category","embeddable":true,"href":"https:\/\/julienmarchal.fr\/es\/wp-json\/wp\/v2\/categories?post=8048"},{"taxonomy":"post_tag","embeddable":true,"href":"https:\/\/julienmarchal.fr\/es\/wp-json\/wp\/v2\/tags?post=8048"}],"curies":[{"name":"wp","href":"https:\/\/api.w.org\/{rel}","templated":true}]}}