{"id":7702,"date":"2010-03-28T19:08:16","date_gmt":"2010-03-28T17:08:16","guid":{"rendered":"https:\/\/julienmarchal.fr\/?p=7702"},"modified":"2023-03-11T19:38:45","modified_gmt":"2023-03-11T18:38:45","slug":"nueva-temporada-de-verano-2010-marzo-2010","status":"publish","type":"post","link":"https:\/\/julienmarchal.fr\/es\/nouvelle-saison-estivale-2010-mars-2010\/","title":{"rendered":"\u00a1Nueva temporada de verano 2010! (Marzo 2010)"},"content":{"rendered":"<div data-elementor-type=\"wp-post\" data-elementor-id=\"7702\" class=\"elementor elementor-7702\" data-elementor-post-type=\"post\">\n\t\t\t\t\t\t<section class=\"elementor-section elementor-top-section elementor-element elementor-element-2d87c00 elementor-section-boxed elementor-section-height-default elementor-section-height-default\" data-id=\"2d87c00\" data-element_type=\"section\" data-e-type=\"section\">\n\t\t\t\t\t\t<div class=\"elementor-container elementor-column-gap-default\">\n\t\t\t\t\t<div class=\"elementor-column elementor-col-100 elementor-top-column elementor-element elementor-element-dfb4976\" data-id=\"dfb4976\" data-element_type=\"column\" data-e-type=\"column\">\n\t\t\t<div class=\"elementor-widget-wrap elementor-element-populated\">\n\t\t\t\t\t\t<div class=\"elementor-element elementor-element-3a64fdc elementor-widget elementor-widget-heading\" data-id=\"3a64fdc\" data-element_type=\"widget\" data-e-type=\"widget\" data-widget_type=\"heading.default\">\n\t\t\t\t<div class=\"elementor-widget-container\">\n\t\t\t\t\t<h2 class=\"elementor-heading-title elementor-size-default\">Hola, internautas, <\/h2>\t\t\t\t<\/div>\n\t\t\t\t<\/div>\n\t\t\t\t<div class=\"elementor-element elementor-element-707c3dc elementor-widget elementor-widget-text-editor\" data-id=\"707c3dc\" data-element_type=\"widget\" data-e-type=\"widget\" data-widget_type=\"text-editor.default\">\n\t\t\t\t<div class=\"elementor-widget-container\">\n\t\t\t\t\t\t\t\t\t<p>Termin\u00e9 la temporada de verano de 2010 un poco antes para volver a Francia y reunirme con la familia. Algunos clientes me enviaron amablemente algunas fotos de la ballena jorobada (<em>Megaptera novaeangliae<\/em>), cerca del barco y aliment\u00e1ndose en superficie, y rorcuales comunes (<em>Balaenoptera physalus<\/em>) paralelos a mi barco (\u00e9ste fue una sorpresa), encontrados en nuestras aguas canadienses desde mi barco. Hay muchos mam\u00edferos marinos en Canad\u00e1 y ped\u00ed a los clientes que me enviaran algunos momentos \u00fanicos. Navegar como capit\u00e1n de barco y fotografiar es francamente dif\u00edcil. Por desgracia.<\/p>\t\t\t\t\t\t\t\t<\/div>\n\t\t\t\t<\/div>\n\t\t\t\t<div class=\"elementor-element elementor-element-c5cdecf elementor-widget elementor-widget-gallery\" data-id=\"c5cdecf\" data-element_type=\"widget\" data-e-type=\"widget\" data-settings=\"{&quot;gallery_layout&quot;:&quot;justified&quot;,&quot;ideal_row_height&quot;:{&quot;unit&quot;:&quot;px&quot;,&quot;size&quot;:283,&quot;sizes&quot;:[]},&quot;gap&quot;:{&quot;unit&quot;:&quot;px&quot;,&quot;size&quot;:15,&quot;sizes&quot;:[]},&quot;lazyload&quot;:&quot;yes&quot;,&quot;ideal_row_height_tablet&quot;:{&quot;unit&quot;:&quot;px&quot;,&quot;size&quot;:150,&quot;sizes&quot;:[]},&quot;ideal_row_height_mobile&quot;:{&quot;unit&quot;:&quot;px&quot;,&quot;size&quot;:150,&quot;sizes&quot;:[]},&quot;gap_tablet&quot;:{&quot;unit&quot;:&quot;px&quot;,&quot;size&quot;:10,&quot;sizes&quot;:[]},&quot;gap_mobile&quot;:{&quot;unit&quot;:&quot;px&quot;,&quot;size&quot;:10,&quot;sizes&quot;:[]},&quot;link_to&quot;:&quot;file&quot;,&quot;overlay_background&quot;:&quot;yes&quot;,&quot;content_hover_animation&quot;:&quot;fade-in&quot;}\" data-widget_type=\"gallery.default\">\n\t\t\t\t<div class=\"elementor-widget-container\">\n\t\t\t\t\t\t\t<div class=\"elementor-gallery__container\">\n\t\t\t\t\t\t\t<a class=\"e-gallery-item elementor-gallery-item elementor-animated-content\" href=\"https:\/\/julienmarchal.fr\/wp-content\/uploads\/2023\/01\/baleine-client1.summer2010.jpg\" data-elementor-open-lightbox=\"yes\" data-elementor-lightbox-slideshow=\"c5cdecf\" data-elementor-lightbox-title=\"baleine-client1.summer2010\" data-e-action-hash=\"#elementor-action%3Aaction%3Dlightbox%26settings%3DeyJpZCI6Mzg2MCwidXJsIjoiaHR0cHM6XC9cL2p1bGllbm1hcmNoYWwuZnJcL3dwLWNvbnRlbnRcL3VwbG9hZHNcLzIwMjNcLzAxXC9iYWxlaW5lLWNsaWVudDEuc3VtbWVyMjAxMC5qcGciLCJzbGlkZXNob3ciOiJjNWNkZWNmIn0%3D\">\n\t\t\t\t\t<div class=\"e-gallery-image elementor-gallery-item__image\" data-thumbnail=\"https:\/\/julienmarchal.fr\/wp-content\/uploads\/2023\/01\/baleine-client1.summer2010.jpg\" data-width=\"550\" data-height=\"413\" aria-label=\"\" role=\"img\" ><\/div>\n\t\t\t\t\t\t\t\t\t\t\t<div class=\"elementor-gallery-item__overlay\"><\/div>\n\t\t\t\t\t\t\t\t\t\t\t\t\t\t<\/a>\n\t\t\t\t\t\t\t<a class=\"e-gallery-item elementor-gallery-item elementor-animated-content\" href=\"https:\/\/julienmarchal.fr\/wp-content\/uploads\/2023\/01\/baleine-client3.-summer2010.jpg\" data-elementor-open-lightbox=\"yes\" data-elementor-lightbox-slideshow=\"c5cdecf\" data-elementor-lightbox-title=\"baleine-client3. summer2010\" data-e-action-hash=\"#elementor-action%3Aaction%3Dlightbox%26settings%3DeyJpZCI6Mzg2MiwidXJsIjoiaHR0cHM6XC9cL2p1bGllbm1hcmNoYWwuZnJcL3dwLWNvbnRlbnRcL3VwbG9hZHNcLzIwMjNcLzAxXC9iYWxlaW5lLWNsaWVudDMuLXN1bW1lcjIwMTAuanBnIiwic2xpZGVzaG93IjoiYzVjZGVjZiJ9\">\n\t\t\t\t\t<div class=\"e-gallery-image elementor-gallery-item__image\" data-thumbnail=\"https:\/\/julienmarchal.fr\/wp-content\/uploads\/2023\/01\/baleine-client3.-summer2010.jpg\" data-width=\"500\" data-height=\"335\" aria-label=\"\" role=\"img\" ><\/div>\n\t\t\t\t\t\t\t\t\t\t\t<div class=\"elementor-gallery-item__overlay\"><\/div>\n\t\t\t\t\t\t\t\t\t\t\t\t\t\t<\/a>\n\t\t\t\t\t\t\t<a class=\"e-gallery-item elementor-gallery-item elementor-animated-content\" href=\"https:\/\/julienmarchal.fr\/wp-content\/uploads\/2023\/01\/baleine-client2.summer2010.jpg\" data-elementor-open-lightbox=\"yes\" data-elementor-lightbox-slideshow=\"c5cdecf\" data-elementor-lightbox-title=\"baleine-client2.summer2010\" data-e-action-hash=\"#elementor-action%3Aaction%3Dlightbox%26settings%3DeyJpZCI6Mzg2MSwidXJsIjoiaHR0cHM6XC9cL2p1bGllbm1hcmNoYWwuZnJcL3dwLWNvbnRlbnRcL3VwbG9hZHNcLzIwMjNcLzAxXC9iYWxlaW5lLWNsaWVudDIuc3VtbWVyMjAxMC5qcGciLCJzbGlkZXNob3ciOiJjNWNkZWNmIn0%3D\">\n\t\t\t\t\t<div class=\"e-gallery-image elementor-gallery-item__image\" data-thumbnail=\"https:\/\/julienmarchal.fr\/wp-content\/uploads\/2023\/01\/baleine-client2.summer2010.jpg\" data-width=\"500\" data-height=\"375\" aria-label=\"\" role=\"img\" ><\/div>\n\t\t\t\t\t\t\t\t\t\t\t<div class=\"elementor-gallery-item__overlay\"><\/div>\n\t\t\t\t\t\t\t\t\t\t\t\t\t\t<\/a>\n\t\t\t\t\t\t\t<a class=\"e-gallery-item elementor-gallery-item elementor-animated-content\" href=\"https:\/\/julienmarchal.fr\/wp-content\/uploads\/2023\/01\/baleine-client4.-summer2010.jpg\" data-elementor-open-lightbox=\"yes\" data-elementor-lightbox-slideshow=\"c5cdecf\" data-elementor-lightbox-title=\"baleine-client4. summer2010\" data-e-action-hash=\"#elementor-action%3Aaction%3Dlightbox%26settings%3DeyJpZCI6Mzg2MywidXJsIjoiaHR0cHM6XC9cL2p1bGllbm1hcmNoYWwuZnJcL3dwLWNvbnRlbnRcL3VwbG9hZHNcLzIwMjNcLzAxXC9iYWxlaW5lLWNsaWVudDQuLXN1bW1lcjIwMTAuanBnIiwic2xpZGVzaG93IjoiYzVjZGVjZiJ9\">\n\t\t\t\t\t<div class=\"e-gallery-image elementor-gallery-item__image\" data-thumbnail=\"https:\/\/julienmarchal.fr\/wp-content\/uploads\/2023\/01\/baleine-client4.-summer2010.jpg\" data-width=\"500\" data-height=\"333\" aria-label=\"\" role=\"img\" ><\/div>\n\t\t\t\t\t\t\t\t\t\t\t<div class=\"elementor-gallery-item__overlay\"><\/div>\n\t\t\t\t\t\t\t\t\t\t\t\t\t\t<\/a>\n\t\t\t\t\t\t\t<a class=\"e-gallery-item elementor-gallery-item elementor-animated-content\" href=\"https:\/\/julienmarchal.fr\/wp-content\/uploads\/2023\/01\/baleine-client6.-summer2010.jpg\" data-elementor-open-lightbox=\"yes\" data-elementor-lightbox-slideshow=\"c5cdecf\" data-elementor-lightbox-title=\"baleine-client6. summer2010\" data-e-action-hash=\"#elementor-action%3Aaction%3Dlightbox%26settings%3DeyJpZCI6Mzg2NSwidXJsIjoiaHR0cHM6XC9cL2p1bGllbm1hcmNoYWwuZnJcL3dwLWNvbnRlbnRcL3VwbG9hZHNcLzIwMjNcLzAxXC9iYWxlaW5lLWNsaWVudDYuLXN1bW1lcjIwMTAuanBnIiwic2xpZGVzaG93IjoiYzVjZGVjZiJ9\">\n\t\t\t\t\t<div class=\"e-gallery-image elementor-gallery-item__image\" data-thumbnail=\"https:\/\/julienmarchal.fr\/wp-content\/uploads\/2023\/01\/baleine-client6.-summer2010.jpg\" data-width=\"500\" data-height=\"333\" aria-label=\"\" role=\"img\" ><\/div>\n\t\t\t\t\t\t\t\t\t\t\t<div class=\"elementor-gallery-item__overlay\"><\/div>\n\t\t\t\t\t\t\t\t\t\t\t\t\t\t<\/a>\n\t\t\t\t\t\t\t<a class=\"e-gallery-item elementor-gallery-item elementor-animated-content\" href=\"https:\/\/julienmarchal.fr\/wp-content\/uploads\/2023\/01\/baleine-client7.summer2010.jpg\" data-elementor-open-lightbox=\"yes\" data-elementor-lightbox-slideshow=\"c5cdecf\" data-elementor-lightbox-title=\"baleine-client7.summer2010\" data-e-action-hash=\"#elementor-action%3Aaction%3Dlightbox%26settings%3DeyJpZCI6Mzg2NiwidXJsIjoiaHR0cHM6XC9cL2p1bGllbm1hcmNoYWwuZnJcL3dwLWNvbnRlbnRcL3VwbG9hZHNcLzIwMjNcLzAxXC9iYWxlaW5lLWNsaWVudDcuc3VtbWVyMjAxMC5qcGciLCJzbGlkZXNob3ciOiJjNWNkZWNmIn0%3D\">\n\t\t\t\t\t<div class=\"e-gallery-image elementor-gallery-item__image\" data-thumbnail=\"https:\/\/julienmarchal.fr\/wp-content\/uploads\/2023\/01\/baleine-client7.summer2010-768x512.jpg\" data-width=\"768\" data-height=\"512\" aria-label=\"\" role=\"img\" ><\/div>\n\t\t\t\t\t\t\t\t\t\t\t<div class=\"elementor-gallery-item__overlay\"><\/div>\n\t\t\t\t\t\t\t\t\t\t\t\t\t\t<\/a>\n\t\t\t\t\t\t\t<a class=\"e-gallery-item elementor-gallery-item elementor-animated-content\" href=\"https:\/\/julienmarchal.fr\/wp-content\/uploads\/2023\/01\/baleine-client8.-summer2010.jpg\" data-elementor-open-lightbox=\"yes\" data-elementor-lightbox-slideshow=\"c5cdecf\" data-elementor-lightbox-title=\"baleine-client8. summer2010\" data-e-action-hash=\"#elementor-action%3Aaction%3Dlightbox%26settings%3DeyJpZCI6Mzg2NywidXJsIjoiaHR0cHM6XC9cL2p1bGllbm1hcmNoYWwuZnJcL3dwLWNvbnRlbnRcL3VwbG9hZHNcLzIwMjNcLzAxXC9iYWxlaW5lLWNsaWVudDguLXN1bW1lcjIwMTAuanBnIiwic2xpZGVzaG93IjoiYzVjZGVjZiJ9\">\n\t\t\t\t\t<div class=\"e-gallery-image elementor-gallery-item__image\" data-thumbnail=\"https:\/\/julienmarchal.fr\/wp-content\/uploads\/2023\/01\/baleine-client8.-summer2010-768x512.jpg\" data-width=\"768\" data-height=\"512\" aria-label=\"\" role=\"img\" ><\/div>\n\t\t\t\t\t\t\t\t\t\t\t<div class=\"elementor-gallery-item__overlay\"><\/div>\n\t\t\t\t\t\t\t\t\t\t\t\t\t\t<\/a>\n\t\t\t\t\t\t\t<a class=\"e-gallery-item elementor-gallery-item elementor-animated-content\" href=\"https:\/\/julienmarchal.fr\/wp-content\/uploads\/2023\/01\/baleine-client9.-summer2010.jpg\" data-elementor-open-lightbox=\"yes\" data-elementor-lightbox-slideshow=\"c5cdecf\" data-elementor-lightbox-title=\"baleine-client9. summer2010\" data-e-action-hash=\"#elementor-action%3Aaction%3Dlightbox%26settings%3DeyJpZCI6Mzg2OCwidXJsIjoiaHR0cHM6XC9cL2p1bGllbm1hcmNoYWwuZnJcL3dwLWNvbnRlbnRcL3VwbG9hZHNcLzIwMjNcLzAxXC9iYWxlaW5lLWNsaWVudDkuLXN1bW1lcjIwMTAuanBnIiwic2xpZGVzaG93IjoiYzVjZGVjZiJ9\">\n\t\t\t\t\t<div class=\"e-gallery-image elementor-gallery-item__image\" data-thumbnail=\"https:\/\/julienmarchal.fr\/wp-content\/uploads\/2023\/01\/baleine-client9.-summer2010.jpg\" data-width=\"500\" data-height=\"287\" aria-label=\"\" role=\"img\" ><\/div>\n\t\t\t\t\t\t\t\t\t\t\t<div class=\"elementor-gallery-item__overlay\"><\/div>\n\t\t\t\t\t\t\t\t\t\t\t\t\t\t<\/a>\n\t\t\t\t\t\t\t<a class=\"e-gallery-item elementor-gallery-item elementor-animated-content\" href=\"https:\/\/julienmarchal.fr\/wp-content\/uploads\/2023\/01\/baleine-client11.summer2010.jpg\" data-elementor-open-lightbox=\"yes\" data-elementor-lightbox-slideshow=\"c5cdecf\" data-elementor-lightbox-title=\"baleine-client11.summer2010\" data-e-action-hash=\"#elementor-action%3Aaction%3Dlightbox%26settings%3DeyJpZCI6Mzg3MSwidXJsIjoiaHR0cHM6XC9cL2p1bGllbm1hcmNoYWwuZnJcL3dwLWNvbnRlbnRcL3VwbG9hZHNcLzIwMjNcLzAxXC9iYWxlaW5lLWNsaWVudDExLnN1bW1lcjIwMTAuanBnIiwic2xpZGVzaG93IjoiYzVjZGVjZiJ9\">\n\t\t\t\t\t<div class=\"e-gallery-image elementor-gallery-item__image\" data-thumbnail=\"https:\/\/julienmarchal.fr\/wp-content\/uploads\/2023\/01\/baleine-client11.summer2010.jpg\" data-width=\"600\" data-height=\"400\" aria-label=\"\" role=\"img\" ><\/div>\n\t\t\t\t\t\t\t\t\t\t\t<div class=\"elementor-gallery-item__overlay\"><\/div>\n\t\t\t\t\t\t\t\t\t\t\t\t\t\t<\/a>\n\t\t\t\t\t\t\t<a class=\"e-gallery-item elementor-gallery-item elementor-animated-content\" href=\"https:\/\/julienmarchal.fr\/wp-content\/uploads\/2023\/01\/baleine-client10.summer2010.jpg\" data-elementor-open-lightbox=\"yes\" data-elementor-lightbox-slideshow=\"c5cdecf\" data-elementor-lightbox-title=\"baleine-client10.summer2010\" data-e-action-hash=\"#elementor-action%3Aaction%3Dlightbox%26settings%3DeyJpZCI6Mzg3MCwidXJsIjoiaHR0cHM6XC9cL2p1bGllbm1hcmNoYWwuZnJcL3dwLWNvbnRlbnRcL3VwbG9hZHNcLzIwMjNcLzAxXC9iYWxlaW5lLWNsaWVudDEwLnN1bW1lcjIwMTAuanBnIiwic2xpZGVzaG93IjoiYzVjZGVjZiJ9\">\n\t\t\t\t\t<div class=\"e-gallery-image elementor-gallery-item__image\" data-thumbnail=\"https:\/\/julienmarchal.fr\/wp-content\/uploads\/2023\/01\/baleine-client10.summer2010.jpg\" data-width=\"600\" data-height=\"400\" aria-label=\"\" role=\"img\" ><\/div>\n\t\t\t\t\t\t\t\t\t\t\t<div class=\"elementor-gallery-item__overlay\"><\/div>\n\t\t\t\t\t\t\t\t\t\t\t\t\t\t<\/a>\n\t\t\t\t\t\t\t<a class=\"e-gallery-item elementor-gallery-item elementor-animated-content\" href=\"https:\/\/julienmarchal.fr\/wp-content\/uploads\/2023\/01\/baleine-client14.summer2010.jpg\" data-elementor-open-lightbox=\"yes\" data-elementor-lightbox-slideshow=\"c5cdecf\" data-elementor-lightbox-title=\"baleine-client14.summer2010\" data-e-action-hash=\"#elementor-action%3Aaction%3Dlightbox%26settings%3DeyJpZCI6Mzg3MywidXJsIjoiaHR0cHM6XC9cL2p1bGllbm1hcmNoYWwuZnJcL3dwLWNvbnRlbnRcL3VwbG9hZHNcLzIwMjNcLzAxXC9iYWxlaW5lLWNsaWVudDE0LnN1bW1lcjIwMTAuanBnIiwic2xpZGVzaG93IjoiYzVjZGVjZiJ9\">\n\t\t\t\t\t<div class=\"e-gallery-image elementor-gallery-item__image\" data-thumbnail=\"https:\/\/julienmarchal.fr\/wp-content\/uploads\/2023\/01\/baleine-client14.summer2010-768x512.jpg\" data-width=\"768\" data-height=\"512\" aria-label=\"\" role=\"img\" ><\/div>\n\t\t\t\t\t\t\t\t\t\t\t<div class=\"elementor-gallery-item__overlay\"><\/div>\n\t\t\t\t\t\t\t\t\t\t\t\t\t\t<\/a>\n\t\t\t\t\t\t\t<a class=\"e-gallery-item elementor-gallery-item elementor-animated-content\" href=\"https:\/\/julienmarchal.fr\/wp-content\/uploads\/2023\/01\/baleine-client15.summer2010.jpg\" data-elementor-open-lightbox=\"yes\" data-elementor-lightbox-slideshow=\"c5cdecf\" data-elementor-lightbox-title=\"baleine-client15.summer2010\" data-e-action-hash=\"#elementor-action%3Aaction%3Dlightbox%26settings%3DeyJpZCI6Mzg3NCwidXJsIjoiaHR0cHM6XC9cL2p1bGllbm1hcmNoYWwuZnJcL3dwLWNvbnRlbnRcL3VwbG9hZHNcLzIwMjNcLzAxXC9iYWxlaW5lLWNsaWVudDE1LnN1bW1lcjIwMTAuanBnIiwic2xpZGVzaG93IjoiYzVjZGVjZiJ9\">\n\t\t\t\t\t<div class=\"e-gallery-image elementor-gallery-item__image\" data-thumbnail=\"https:\/\/julienmarchal.fr\/wp-content\/uploads\/2023\/01\/baleine-client15.summer2010-768x512.jpg\" data-width=\"768\" data-height=\"512\" aria-label=\"\" role=\"img\" ><\/div>\n\t\t\t\t\t\t\t\t\t\t\t<div class=\"elementor-gallery-item__overlay\"><\/div>\n\t\t\t\t\t\t\t\t\t\t\t\t\t\t<\/a>\n\t\t\t\t\t\t\t<a class=\"e-gallery-item elementor-gallery-item elementor-animated-content\" href=\"https:\/\/julienmarchal.fr\/wp-content\/uploads\/2023\/01\/baleine-client16.summer2010.jpg\" data-elementor-open-lightbox=\"yes\" data-elementor-lightbox-slideshow=\"c5cdecf\" data-elementor-lightbox-title=\"baleine-client16.summer2010\" data-e-action-hash=\"#elementor-action%3Aaction%3Dlightbox%26settings%3DeyJpZCI6Mzg3NSwidXJsIjoiaHR0cHM6XC9cL2p1bGllbm1hcmNoYWwuZnJcL3dwLWNvbnRlbnRcL3VwbG9hZHNcLzIwMjNcLzAxXC9iYWxlaW5lLWNsaWVudDE2LnN1bW1lcjIwMTAuanBnIiwic2xpZGVzaG93IjoiYzVjZGVjZiJ9\">\n\t\t\t\t\t<div class=\"e-gallery-image elementor-gallery-item__image\" data-thumbnail=\"https:\/\/julienmarchal.fr\/wp-content\/uploads\/2023\/01\/baleine-client16.summer2010-768x512.jpg\" data-width=\"768\" data-height=\"512\" aria-label=\"\" role=\"img\" ><\/div>\n\t\t\t\t\t\t\t\t\t\t\t<div class=\"elementor-gallery-item__overlay\"><\/div>\n\t\t\t\t\t\t\t\t\t\t\t\t\t\t<\/a>\n\t\t\t\t\t\t\t<a class=\"e-gallery-item elementor-gallery-item elementor-animated-content\" href=\"https:\/\/julienmarchal.fr\/wp-content\/uploads\/2023\/01\/baleine-client17.summer2010.jpg\" data-elementor-open-lightbox=\"yes\" data-elementor-lightbox-slideshow=\"c5cdecf\" data-elementor-lightbox-title=\"baleine-client17.summer2010\" data-e-action-hash=\"#elementor-action%3Aaction%3Dlightbox%26settings%3DeyJpZCI6Mzg3NiwidXJsIjoiaHR0cHM6XC9cL2p1bGllbm1hcmNoYWwuZnJcL3dwLWNvbnRlbnRcL3VwbG9hZHNcLzIwMjNcLzAxXC9iYWxlaW5lLWNsaWVudDE3LnN1bW1lcjIwMTAuanBnIiwic2xpZGVzaG93IjoiYzVjZGVjZiJ9\">\n\t\t\t\t\t<div class=\"e-gallery-image elementor-gallery-item__image\" data-thumbnail=\"https:\/\/julienmarchal.fr\/wp-content\/uploads\/2023\/01\/baleine-client17.summer2010-768x512.jpg\" data-width=\"768\" data-height=\"512\" aria-label=\"\" role=\"img\" ><\/div>\n\t\t\t\t\t\t\t\t\t\t\t<div class=\"elementor-gallery-item__overlay\"><\/div>\n\t\t\t\t\t\t\t\t\t\t\t\t\t\t<\/a>\n\t\t\t\t\t<\/div>\n\t\t\t\t\t<\/div>\n\t\t\t\t<\/div>\n\t\t\t\t\t<\/div>\n\t\t<\/div>\n\t\t\t\t\t<\/div>\n\t\t<\/section>\n\t\t\t\t<section class=\"elementor-section elementor-top-section elementor-element elementor-element-57c911b4 elementor-section-boxed elementor-section-height-default elementor-section-height-default\" data-id=\"57c911b4\" data-element_type=\"section\" data-e-type=\"section\">\n\t\t\t\t\t\t<div class=\"elementor-container elementor-column-gap-default\">\n\t\t\t\t\t<div class=\"elementor-column elementor-col-100 elementor-top-column elementor-element elementor-element-3e5c51f7\" data-id=\"3e5c51f7\" data-element_type=\"column\" data-e-type=\"column\">\n\t\t\t<div class=\"elementor-widget-wrap elementor-element-populated\">\n\t\t\t\t\t\t<div class=\"elementor-element elementor-element-305b644c elementor-widget__width-initial elementor-widget elementor-widget-text-editor\" data-id=\"305b644c\" data-element_type=\"widget\" data-e-type=\"widget\" data-widget_type=\"text-editor.default\">\n\t\t\t\t<div class=\"elementor-widget-container\">\n\t\t\t\t\t\t\t\t\t<blockquote><p><span style=\"font-size: medium;\">Atentamente.<\/span><\/p><p><span style=\"font-size: large;\">Estrasburgo, Francia - septiembre - octubre 2010.<\/span><\/p><p><cite>Julien Marchal<\/cite><\/p><\/blockquote>\t\t\t\t\t\t\t\t<\/div>\n\t\t\t\t<\/div>\n\t\t\t\t\t<\/div>\n\t\t<\/div>\n\t\t\t\t\t<\/div>\n\t\t<\/section>\n\t\t\t\t<\/div>","protected":false},"excerpt":{"rendered":"<p>Termin\u00e9 la temporada de verano de 2010 un poco antes para volver a Francia y reunirme con la familia. Unos clientes me enviaron amablemente algunas fotos de la ballena jorobada (Megaptera novaeangliae), cerca del barco y aliment\u00e1ndose en superficie, y del rorcual com\u00fan (Balaenoptera physalus) paralelo a mi barco (este lleg\u00f3 por sorpresa), avistado en nuestras aguas canadienses desde mi barco. <\/p>","protected":false},"author":1,"featured_media":3861,"comment_status":"closed","ping_status":"open","sticky":false,"template":"","format":"standard","meta":{"footnotes":""},"categories":[100],"tags":[],"class_list":["post-7702","post","type-post","status-publish","format-standard","has-post-thumbnail","hentry","category-photos-clients"],"yoast_head":"<!-- This site is optimized with the Yoast SEO plugin v27.3 - https:\/\/yoast.com\/product\/yoast-seo-wordpress\/ -->\n<title>JULIEN MARCHAL &#8212; Nouvelle saison estivale 2010 ! (mars 2010)<\/title>\n<meta name=\"description\" content=\"Saison 2010 en tant que capitaine pour les croisi\u00e8res aux baleines, b\u00e9lugas et phoques dans le parc marin du Saguenay-Saint-Laurent\" \/>\n<meta name=\"robots\" content=\"index, follow, max-snippet:-1, max-image-preview:large, max-video-preview:-1\" \/>\n<link rel=\"canonical\" href=\"https:\/\/julienmarchal.fr\/es\/nueva-temporada-de-verano-2010-marzo-2010\/\" \/>\n<meta property=\"og:locale\" content=\"es_ES\" \/>\n<meta property=\"og:type\" content=\"article\" \/>\n<meta property=\"og:title\" content=\"JULIEN MARCHAL &#8212; Nouvelle saison estivale 2010 ! (mars 2010)\" \/>\n<meta property=\"og:description\" content=\"Saison 2010 en tant que capitaine pour les croisi\u00e8res aux baleines, b\u00e9lugas et phoques dans le parc marin du Saguenay-Saint-Laurent\" \/>\n<meta property=\"og:url\" content=\"https:\/\/julienmarchal.fr\/es\/nueva-temporada-de-verano-2010-marzo-2010\/\" \/>\n<meta property=\"og:site_name\" content=\"JULIEN MARCHAL\" \/>\n<meta property=\"article:published_time\" content=\"2010-03-28T17:08:16+00:00\" \/>\n<meta property=\"article:modified_time\" content=\"2023-03-11T18:38:45+00:00\" \/>\n<meta property=\"og:image\" content=\"https:\/\/julienmarchal.fr\/wp-content\/uploads\/2023\/01\/baleine-client2.summer2010.jpg\" \/>\n\t<meta property=\"og:image:width\" content=\"500\" \/>\n\t<meta property=\"og:image:height\" content=\"375\" \/>\n\t<meta property=\"og:image:type\" content=\"image\/jpeg\" \/>\n<meta name=\"author\" content=\"Julien Marchal\" \/>\n<meta name=\"twitter:card\" content=\"summary_large_image\" \/>\n<script type=\"application\/ld+json\" class=\"yoast-schema-graph\">{\"@context\":\"https:\\\/\\\/schema.org\",\"@graph\":[{\"@type\":\"Article\",\"@id\":\"https:\\\/\\\/julienmarchal.fr\\\/nouvelle-saison-estivale-2010-mars-2010\\\/#article\",\"isPartOf\":{\"@id\":\"https:\\\/\\\/julienmarchal.fr\\\/nouvelle-saison-estivale-2010-mars-2010\\\/\"},\"author\":{\"name\":\"Julien Marchal\",\"@id\":\"https:\\\/\\\/julienmarchal.fr\\\/#\\\/schema\\\/person\\\/666ce6402da97412a4009d2891d3cc1d\"},\"headline\":\"Nouvelle saison estivale 2010 ! (mars 2010)\",\"datePublished\":\"2010-03-28T17:08:16+00:00\",\"dateModified\":\"2023-03-11T18:38:45+00:00\",\"mainEntityOfPage\":{\"@id\":\"https:\\\/\\\/julienmarchal.fr\\\/nouvelle-saison-estivale-2010-mars-2010\\\/\"},\"wordCount\":116,\"publisher\":{\"@id\":\"https:\\\/\\\/julienmarchal.fr\\\/#\\\/schema\\\/person\\\/9bad5d6d81f92720eaf6c4750c93b7c5\"},\"image\":{\"@id\":\"https:\\\/\\\/julienmarchal.fr\\\/nouvelle-saison-estivale-2010-mars-2010\\\/#primaryimage\"},\"thumbnailUrl\":\"https:\\\/\\\/julienmarchal.fr\\\/wp-content\\\/uploads\\\/2023\\\/01\\\/baleine-client2.summer2010.jpg\",\"articleSection\":[\"Photos Clients\"],\"inLanguage\":\"es\"},{\"@type\":\"WebPage\",\"@id\":\"https:\\\/\\\/julienmarchal.fr\\\/nouvelle-saison-estivale-2010-mars-2010\\\/\",\"url\":\"https:\\\/\\\/julienmarchal.fr\\\/nouvelle-saison-estivale-2010-mars-2010\\\/\",\"name\":\"JULIEN MARCHAL &#8212; Nouvelle saison estivale 2010 ! (mars 2010)\",\"isPartOf\":{\"@id\":\"https:\\\/\\\/julienmarchal.fr\\\/#website\"},\"primaryImageOfPage\":{\"@id\":\"https:\\\/\\\/julienmarchal.fr\\\/nouvelle-saison-estivale-2010-mars-2010\\\/#primaryimage\"},\"image\":{\"@id\":\"https:\\\/\\\/julienmarchal.fr\\\/nouvelle-saison-estivale-2010-mars-2010\\\/#primaryimage\"},\"thumbnailUrl\":\"https:\\\/\\\/julienmarchal.fr\\\/wp-content\\\/uploads\\\/2023\\\/01\\\/baleine-client2.summer2010.jpg\",\"datePublished\":\"2010-03-28T17:08:16+00:00\",\"dateModified\":\"2023-03-11T18:38:45+00:00\",\"description\":\"Saison 2010 en tant que capitaine pour les croisi\u00e8res aux baleines, b\u00e9lugas et phoques dans le parc marin du Saguenay-Saint-Laurent\",\"breadcrumb\":{\"@id\":\"https:\\\/\\\/julienmarchal.fr\\\/nouvelle-saison-estivale-2010-mars-2010\\\/#breadcrumb\"},\"inLanguage\":\"es\",\"potentialAction\":[{\"@type\":\"ReadAction\",\"target\":[\"https:\\\/\\\/julienmarchal.fr\\\/nouvelle-saison-estivale-2010-mars-2010\\\/\"]}]},{\"@type\":\"ImageObject\",\"inLanguage\":\"es\",\"@id\":\"https:\\\/\\\/julienmarchal.fr\\\/nouvelle-saison-estivale-2010-mars-2010\\\/#primaryimage\",\"url\":\"https:\\\/\\\/julienmarchal.fr\\\/wp-content\\\/uploads\\\/2023\\\/01\\\/baleine-client2.summer2010.jpg\",\"contentUrl\":\"https:\\\/\\\/julienmarchal.fr\\\/wp-content\\\/uploads\\\/2023\\\/01\\\/baleine-client2.summer2010.jpg\",\"width\":500,\"height\":375},{\"@type\":\"BreadcrumbList\",\"@id\":\"https:\\\/\\\/julienmarchal.fr\\\/nouvelle-saison-estivale-2010-mars-2010\\\/#breadcrumb\",\"itemListElement\":[{\"@type\":\"ListItem\",\"position\":1,\"name\":\"Accueil\",\"item\":\"https:\\\/\\\/julienmarchal.fr\\\/\"},{\"@type\":\"ListItem\",\"position\":2,\"name\":\"Nouvelle saison estivale 2010 ! (mars 2010)\"}]},{\"@type\":\"WebSite\",\"@id\":\"https:\\\/\\\/julienmarchal.fr\\\/#website\",\"url\":\"https:\\\/\\\/julienmarchal.fr\\\/\",\"name\":\"JULIEN MARCHAL, Observateur de mammif\u00e8res marins\",\"description\":\"Observateur Mammif\u00e8res marins\",\"publisher\":{\"@id\":\"https:\\\/\\\/julienmarchal.fr\\\/#\\\/schema\\\/person\\\/9bad5d6d81f92720eaf6c4750c93b7c5\"},\"potentialAction\":[{\"@type\":\"SearchAction\",\"target\":{\"@type\":\"EntryPoint\",\"urlTemplate\":\"https:\\\/\\\/julienmarchal.fr\\\/?s={search_term_string}\"},\"query-input\":{\"@type\":\"PropertyValueSpecification\",\"valueRequired\":true,\"valueName\":\"search_term_string\"}}],\"inLanguage\":\"es\"},{\"@type\":[\"Person\",\"Organization\"],\"@id\":\"https:\\\/\\\/julienmarchal.fr\\\/#\\\/schema\\\/person\\\/9bad5d6d81f92720eaf6c4750c93b7c5\",\"name\":\"Julien Marchal\",\"image\":{\"@type\":\"ImageObject\",\"inLanguage\":\"es\",\"@id\":\"https:\\\/\\\/julienmarchal.fr\\\/wp-content\\\/uploads\\\/2023\\\/02\\\/julien-marchal-debuts.png\",\"url\":\"https:\\\/\\\/julienmarchal.fr\\\/wp-content\\\/uploads\\\/2023\\\/02\\\/julien-marchal-debuts.png\",\"contentUrl\":\"https:\\\/\\\/julienmarchal.fr\\\/wp-content\\\/uploads\\\/2023\\\/02\\\/julien-marchal-debuts.png\",\"width\":1239,\"height\":711,\"caption\":\"Julien Marchal\"},\"logo\":{\"@id\":\"https:\\\/\\\/julienmarchal.fr\\\/wp-content\\\/uploads\\\/2023\\\/02\\\/julien-marchal-debuts.png\"},\"sameAs\":[\"https:\\\/\\\/www.instagram.com\\\/julienligniermarchal\\\/\",\"https:\\\/\\\/www.linkedin.com\\\/in\\\/julien-lignier-marchal\\\/\"]},{\"@type\":\"Person\",\"@id\":\"https:\\\/\\\/julienmarchal.fr\\\/#\\\/schema\\\/person\\\/666ce6402da97412a4009d2891d3cc1d\",\"name\":\"Julien Marchal\",\"image\":{\"@type\":\"ImageObject\",\"inLanguage\":\"es\",\"@id\":\"https:\\\/\\\/secure.gravatar.com\\\/avatar\\\/6ce4805ac055ef813258943a238453c65fb05242d1a5b34797c8fce2407e695b?s=96&r=g\",\"url\":\"https:\\\/\\\/secure.gravatar.com\\\/avatar\\\/6ce4805ac055ef813258943a238453c65fb05242d1a5b34797c8fce2407e695b?s=96&r=g\",\"contentUrl\":\"https:\\\/\\\/secure.gravatar.com\\\/avatar\\\/6ce4805ac055ef813258943a238453c65fb05242d1a5b34797c8fce2407e695b?s=96&r=g\",\"caption\":\"Julien Marchal\"},\"sameAs\":[\"https:\\\/\\\/julienmarchal.fr\\\/dev\"]}]}<\/script>\n<!-- \/ Yoast SEO plugin. -->","yoast_head_json":{"title":"JULIEN MARCHAL - \u00a1Nueva temporada de verano 2010! (marzo 2010)","description":"Temporada 2010 como capit\u00e1n de cruceros con ballenas, belugas y focas en el Parque Marino de Saguenay-Saint-Laurent","robots":{"index":"index","follow":"follow","max-snippet":"max-snippet:-1","max-image-preview":"max-image-preview:large","max-video-preview":"max-video-preview:-1"},"canonical":"https:\/\/julienmarchal.fr\/es\/nueva-temporada-de-verano-2010-marzo-2010\/","og_locale":"es_ES","og_type":"article","og_title":"JULIEN MARCHAL &#8212; Nouvelle saison estivale 2010 ! (mars 2010)","og_description":"Saison 2010 en tant que capitaine pour les croisi\u00e8res aux baleines, b\u00e9lugas et phoques dans le parc marin du Saguenay-Saint-Laurent","og_url":"https:\/\/julienmarchal.fr\/es\/nueva-temporada-de-verano-2010-marzo-2010\/","og_site_name":"JULIEN MARCHAL","article_published_time":"2010-03-28T17:08:16+00:00","article_modified_time":"2023-03-11T18:38:45+00:00","og_image":[{"width":500,"height":375,"url":"https:\/\/julienmarchal.fr\/wp-content\/uploads\/2023\/01\/baleine-client2.summer2010.jpg","type":"image\/jpeg"}],"author":"Julien Marchal","twitter_card":"summary_large_image","schema":{"@context":"https:\/\/schema.org","@graph":[{"@type":"Article","@id":"https:\/\/julienmarchal.fr\/nouvelle-saison-estivale-2010-mars-2010\/#article","isPartOf":{"@id":"https:\/\/julienmarchal.fr\/nouvelle-saison-estivale-2010-mars-2010\/"},"author":{"name":"Julien Marchal","@id":"https:\/\/julienmarchal.fr\/#\/schema\/person\/666ce6402da97412a4009d2891d3cc1d"},"headline":"Nouvelle saison estivale 2010 ! (mars 2010)","datePublished":"2010-03-28T17:08:16+00:00","dateModified":"2023-03-11T18:38:45+00:00","mainEntityOfPage":{"@id":"https:\/\/julienmarchal.fr\/nouvelle-saison-estivale-2010-mars-2010\/"},"wordCount":116,"publisher":{"@id":"https:\/\/julienmarchal.fr\/#\/schema\/person\/9bad5d6d81f92720eaf6c4750c93b7c5"},"image":{"@id":"https:\/\/julienmarchal.fr\/nouvelle-saison-estivale-2010-mars-2010\/#primaryimage"},"thumbnailUrl":"https:\/\/julienmarchal.fr\/wp-content\/uploads\/2023\/01\/baleine-client2.summer2010.jpg","articleSection":["Photos Clients"],"inLanguage":"es"},{"@type":"WebPage","@id":"https:\/\/julienmarchal.fr\/nouvelle-saison-estivale-2010-mars-2010\/","url":"https:\/\/julienmarchal.fr\/nouvelle-saison-estivale-2010-mars-2010\/","name":"JULIEN MARCHAL - \u00a1Nueva temporada de verano 2010! (marzo 2010)","isPartOf":{"@id":"https:\/\/julienmarchal.fr\/#website"},"primaryImageOfPage":{"@id":"https:\/\/julienmarchal.fr\/nouvelle-saison-estivale-2010-mars-2010\/#primaryimage"},"image":{"@id":"https:\/\/julienmarchal.fr\/nouvelle-saison-estivale-2010-mars-2010\/#primaryimage"},"thumbnailUrl":"https:\/\/julienmarchal.fr\/wp-content\/uploads\/2023\/01\/baleine-client2.summer2010.jpg","datePublished":"2010-03-28T17:08:16+00:00","dateModified":"2023-03-11T18:38:45+00:00","description":"Temporada 2010 como capit\u00e1n de cruceros con ballenas, belugas y focas en el Parque Marino de Saguenay-Saint-Laurent","breadcrumb":{"@id":"https:\/\/julienmarchal.fr\/nouvelle-saison-estivale-2010-mars-2010\/#breadcrumb"},"inLanguage":"es","potentialAction":[{"@type":"ReadAction","target":["https:\/\/julienmarchal.fr\/nouvelle-saison-estivale-2010-mars-2010\/"]}]},{"@type":"ImageObject","inLanguage":"es","@id":"https:\/\/julienmarchal.fr\/nouvelle-saison-estivale-2010-mars-2010\/#primaryimage","url":"https:\/\/julienmarchal.fr\/wp-content\/uploads\/2023\/01\/baleine-client2.summer2010.jpg","contentUrl":"https:\/\/julienmarchal.fr\/wp-content\/uploads\/2023\/01\/baleine-client2.summer2010.jpg","width":500,"height":375},{"@type":"BreadcrumbList","@id":"https:\/\/julienmarchal.fr\/nouvelle-saison-estivale-2010-mars-2010\/#breadcrumb","itemListElement":[{"@type":"ListItem","position":1,"name":"Accueil","item":"https:\/\/julienmarchal.fr\/"},{"@type":"ListItem","position":2,"name":"Nouvelle saison estivale 2010 ! (mars 2010)"}]},{"@type":"WebSite","@id":"https:\/\/julienmarchal.fr\/#website","url":"https:\/\/julienmarchal.fr\/","name":"JULIEN MARCHAL, Observador de mam\u00edferos marinos","description":"Observador de mam\u00edferos marinos","publisher":{"@id":"https:\/\/julienmarchal.fr\/#\/schema\/person\/9bad5d6d81f92720eaf6c4750c93b7c5"},"potentialAction":[{"@type":"SearchAction","target":{"@type":"EntryPoint","urlTemplate":"https:\/\/julienmarchal.fr\/?s={search_term_string}"},"query-input":{"@type":"PropertyValueSpecification","valueRequired":true,"valueName":"search_term_string"}}],"inLanguage":"es"},{"@type":["Person","Organization"],"@id":"https:\/\/julienmarchal.fr\/#\/schema\/person\/9bad5d6d81f92720eaf6c4750c93b7c5","name":"Julien Marchal","image":{"@type":"ImageObject","inLanguage":"es","@id":"https:\/\/julienmarchal.fr\/wp-content\/uploads\/2023\/02\/julien-marchal-debuts.png","url":"https:\/\/julienmarchal.fr\/wp-content\/uploads\/2023\/02\/julien-marchal-debuts.png","contentUrl":"https:\/\/julienmarchal.fr\/wp-content\/uploads\/2023\/02\/julien-marchal-debuts.png","width":1239,"height":711,"caption":"Julien Marchal"},"logo":{"@id":"https:\/\/julienmarchal.fr\/wp-content\/uploads\/2023\/02\/julien-marchal-debuts.png"},"sameAs":["https:\/\/www.instagram.com\/julienligniermarchal\/","https:\/\/www.linkedin.com\/in\/julien-lignier-marchal\/"]},{"@type":"Person","@id":"https:\/\/julienmarchal.fr\/#\/schema\/person\/666ce6402da97412a4009d2891d3cc1d","name":"Julien Marchal","image":{"@type":"ImageObject","inLanguage":"es","@id":"https:\/\/secure.gravatar.com\/avatar\/6ce4805ac055ef813258943a238453c65fb05242d1a5b34797c8fce2407e695b?s=96&r=g","url":"https:\/\/secure.gravatar.com\/avatar\/6ce4805ac055ef813258943a238453c65fb05242d1a5b34797c8fce2407e695b?s=96&r=g","contentUrl":"https:\/\/secure.gravatar.com\/avatar\/6ce4805ac055ef813258943a238453c65fb05242d1a5b34797c8fce2407e695b?s=96&r=g","caption":"Julien Marchal"},"sameAs":["https:\/\/julienmarchal.fr\/dev"]}]}},"_links":{"self":[{"href":"https:\/\/julienmarchal.fr\/es\/wp-json\/wp\/v2\/posts\/7702","targetHints":{"allow":["GET"]}}],"collection":[{"href":"https:\/\/julienmarchal.fr\/es\/wp-json\/wp\/v2\/posts"}],"about":[{"href":"https:\/\/julienmarchal.fr\/es\/wp-json\/wp\/v2\/types\/post"}],"author":[{"embeddable":true,"href":"https:\/\/julienmarchal.fr\/es\/wp-json\/wp\/v2\/users\/1"}],"replies":[{"embeddable":true,"href":"https:\/\/julienmarchal.fr\/es\/wp-json\/wp\/v2\/comments?post=7702"}],"version-history":[{"count":0,"href":"https:\/\/julienmarchal.fr\/es\/wp-json\/wp\/v2\/posts\/7702\/revisions"}],"wp:featuredmedia":[{"embeddable":true,"href":"https:\/\/julienmarchal.fr\/es\/wp-json\/wp\/v2\/media\/3861"}],"wp:attachment":[{"href":"https:\/\/julienmarchal.fr\/es\/wp-json\/wp\/v2\/media?parent=7702"}],"wp:term":[{"taxonomy":"category","embeddable":true,"href":"https:\/\/julienmarchal.fr\/es\/wp-json\/wp\/v2\/categories?post=7702"},{"taxonomy":"post_tag","embeddable":true,"href":"https:\/\/julienmarchal.fr\/es\/wp-json\/wp\/v2\/tags?post=7702"}],"curies":[{"name":"wp","href":"https:\/\/api.w.org\/{rel}","templated":true}]}}