{"id":6993,"date":"2011-04-30T01:58:43","date_gmt":"2011-04-29T23:58:43","guid":{"rendered":"https:\/\/julienmarchal.fr\/?p=6993"},"modified":"2023-03-11T18:13:30","modified_gmt":"2023-03-11T17:13:30","slug":"capitan-ecorresponsable-este-verano","status":"publish","type":"post","link":"https:\/\/julienmarchal.fr\/es\/capitaine-ecoresponsable-pour-cet-ete\/","title":{"rendered":"Capit\u00e1n ecorresponsable para este verano"},"content":{"rendered":"<div data-elementor-type=\"wp-post\" data-elementor-id=\"6993\" class=\"elementor elementor-6993\" data-elementor-post-type=\"post\">\n\t\t\t\t\t\t<section class=\"elementor-section elementor-top-section elementor-element elementor-element-499413b elementor-section-boxed elementor-section-height-default elementor-section-height-default\" data-id=\"499413b\" data-element_type=\"section\" data-e-type=\"section\">\n\t\t\t\t\t\t<div class=\"elementor-container elementor-column-gap-default\">\n\t\t\t\t\t<div class=\"elementor-column elementor-col-100 elementor-top-column elementor-element elementor-element-0e44ec0\" data-id=\"0e44ec0\" data-element_type=\"column\" data-e-type=\"column\">\n\t\t\t<div class=\"elementor-widget-wrap elementor-element-populated\">\n\t\t\t\t\t\t<div class=\"elementor-element elementor-element-daddbc5 elementor-widget elementor-widget-heading\" data-id=\"daddbc5\" data-element_type=\"widget\" data-e-type=\"widget\" data-widget_type=\"heading.default\">\n\t\t\t\t<div class=\"elementor-widget-container\">\n\t\t\t\t\t<h2 class=\"elementor-heading-title elementor-size-default\">Hola, internautas,<\/h2>\t\t\t\t<\/div>\n\t\t\t\t<\/div>\n\t\t\t\t<div class=\"elementor-element elementor-element-8785f1b elementor-widget elementor-widget-text-editor\" data-id=\"8785f1b\" data-element_type=\"widget\" data-e-type=\"widget\" data-widget_type=\"text-editor.default\">\n\t\t\t\t<div class=\"elementor-widget-container\">\n\t\t\t\t\t\t\t\t\t<p>Mi temporada 2011 en Canad\u00e1 como capit\u00e1n de un barco de avistamiento de ballenas est\u00e1 a punto de empezar de nuevo. Las compa\u00f1\u00edas navieras y las autoridades locales han publicado una \"Gu\u00eda de pr\u00e1cticas ecorresponsables para capitanes de barco\".<\/p><p>Todos los implicados quieren que \"las actividades de observaci\u00f3n de ballenas en el Parque Marino se conviertan en un modelo internacional de observaci\u00f3n responsable\". Es un gran reto, pero me parece un planteamiento interesante. La gu\u00eda contiene varios puntos:<\/p>\t\t\t\t\t\t\t\t<\/div>\n\t\t\t\t<\/div>\n\t\t\t\t<div class=\"elementor-element elementor-element-7ebd857 elementor-widget elementor-widget-heading\" data-id=\"7ebd857\" data-element_type=\"widget\" data-e-type=\"widget\" data-widget_type=\"heading.default\">\n\t\t\t\t<div class=\"elementor-widget-container\">\n\t\t\t\t\t<h2 class=\"elementor-heading-title elementor-size-default\">1. Una industria de observaci\u00f3n de ballenas responsable :<\/h2>\t\t\t\t<\/div>\n\t\t\t\t<\/div>\n\t\t\t\t<div class=\"elementor-element elementor-element-7a35739 elementor-widget elementor-widget-text-editor\" data-id=\"7a35739\" data-element_type=\"widget\" data-e-type=\"widget\" data-widget_type=\"text-editor.default\">\n\t\t\t\t<div class=\"elementor-widget-container\">\n\t\t\t\t\t\t\t\t\t<ul><li>sensibilizar a la opini\u00f3n p\u00fablica sobre la conservaci\u00f3n,<\/li><li>minimizar el impacto de las actividades de observaci\u00f3n de ballenas,<\/li><li>controlar el recurso y la eficacia de las medidas de gesti\u00f3n,<\/li><li>adoptar pr\u00e1cticas responsables desde el punto de vista medioambiental, social y econ\u00f3mico,<\/li><li>trabajar en un esp\u00edritu de cooperaci\u00f3n, reuniendo a los sectores del turismo, la investigaci\u00f3n y la conservaci\u00f3n.<\/li><\/ul>\t\t\t\t\t\t\t\t<\/div>\n\t\t\t\t<\/div>\n\t\t\t\t<div class=\"elementor-element elementor-element-847dfa1 elementor-widget elementor-widget-heading\" data-id=\"847dfa1\" data-element_type=\"widget\" data-e-type=\"widget\" data-widget_type=\"heading.default\">\n\t\t\t\t<div class=\"elementor-widget-container\">\n\t\t\t\t\t<h2 class=\"elementor-heading-title elementor-size-default\">2. Para los pasajeros, el capit\u00e1n eco-responsable : <\/h2>\t\t\t\t<\/div>\n\t\t\t\t<\/div>\n\t\t\t\t<div class=\"elementor-element elementor-element-5d9670e elementor-widget elementor-widget-text-editor\" data-id=\"5d9670e\" data-element_type=\"widget\" data-e-type=\"widget\" data-widget_type=\"text-editor.default\">\n\t\t\t\t<div class=\"elementor-widget-container\">\n\t\t\t\t\t\t\t\t\t<ul><li><span style=\"font-size: medium;\">Tenga cuidado con sus comentarios iniciales,<\/span><\/li><li><span style=\"font-size: medium;\">Presenta el Parque Marino y el Reglamento de forma positiva,<\/span><\/li><li><span style=\"font-size: medium;\">Involucra a los pasajeros en la b\u00fasqueda de ballenas,<\/span><\/li><li><span style=\"font-size: medium;\">Destaca el primer avistamiento de ballenas,<\/span><\/li><li><span style=\"font-size: medium;\">Diversifique el contenido de la excursi\u00f3n,<\/span><\/li><li><span style=\"font-size: medium;\">Puede hacer \"interesante\" cualquier observaci\u00f3n,<\/span><\/li><li><span style=\"font-size: medium;\">En la medida de lo posible, evite los lugares de observaci\u00f3n demasiado alejados,<\/span><\/li><li><span style=\"font-size: medium;\">Adapte su plan de excursi\u00f3n a las condiciones meteorol\u00f3gicas,<\/span><\/li><li><span style=\"font-size: medium;\">Siente empat\u00eda por sus pasajeros,<\/span><\/li><li><span style=\"font-size: medium;\">Coger olas con seguridad y comodidad,<\/span><\/li><li><span style=\"font-size: medium;\">Aproveche su regreso para transmitir un mensaje de conservaci\u00f3n.<\/span><\/li><\/ul>\t\t\t\t\t\t\t\t<\/div>\n\t\t\t\t<\/div>\n\t\t\t\t<div class=\"elementor-element elementor-element-54b2267 elementor-widget elementor-widget-heading\" data-id=\"54b2267\" data-element_type=\"widget\" data-e-type=\"widget\" data-widget_type=\"heading.default\">\n\t\t\t\t<div class=\"elementor-widget-container\">\n\t\t\t\t\t<h2 class=\"elementor-heading-title elementor-size-default\">3. Para las ballenas, el capit\u00e1n eco-responsable : <\/h2>\t\t\t\t<\/div>\n\t\t\t\t<\/div>\n\t\t\t\t<div class=\"elementor-element elementor-element-f340aab elementor-widget elementor-widget-text-editor\" data-id=\"f340aab\" data-element_type=\"widget\" data-e-type=\"widget\" data-widget_type=\"text-editor.default\">\n\t\t\t\t<div class=\"elementor-widget-container\">\n\t\t\t\t\t\t\t\t\t<ul><li><span style=\"font-size: medium;\">Reduzca la velocidad y mant\u00e9ngase alerta,<\/span><\/li><li><span style=\"font-size: medium;\">Evita las concentraciones de embarcaciones,<\/span><\/li><li><span style=\"font-size: medium;\">Incluye al menos tres estaciones de observaci\u00f3n en su recorrido,<\/span><\/li><li><span style=\"font-size: medium;\">Limite su tiempo en un lugar concurrido: 30 minutos o una \"buena\" observaci\u00f3n,<\/span><\/li><li><span style=\"font-size: medium;\">Trabaja en esp\u00edritu de comunidad con los dem\u00e1s capitanes,<\/span><\/li><li><span style=\"font-size: medium;\">\"Protege\" la observaci\u00f3n de los pasajeros a bordo de otras embarcaciones y de los visitantes de lugares situados en tierra,<\/span><\/li><li><span style=\"font-size: medium;\">En la medida de lo posible, permanezca inm\u00f3vil en un lugar de observaci\u00f3n,<\/span><\/li><li><span style=\"font-size: medium;\">Aplica el Reglamento incluso fuera de los l\u00edmites del Parque Marino,<\/span><\/li><li><span style=\"font-size: medium;\">Preservar una \"burbuja\" en torno a la beluga y la ballena azul,<\/span><\/li><li><span style=\"font-size: medium;\">La observaci\u00f3n de belugas y ballenas azules, incluso a distancia, es un privilegio.<\/span><\/li><\/ul>\t\t\t\t\t\t\t\t<\/div>\n\t\t\t\t<\/div>\n\t\t\t\t<div class=\"elementor-element elementor-element-0977f3b elementor-widget elementor-widget-heading\" data-id=\"0977f3b\" data-element_type=\"widget\" data-e-type=\"widget\" data-widget_type=\"heading.default\">\n\t\t\t\t<div class=\"elementor-widget-container\">\n\t\t\t\t\t<h2 class=\"elementor-heading-title elementor-size-default\">4. Por seguridad y profesionalidad, el capit\u00e1n eco-responsable :<\/h2>\t\t\t\t<\/div>\n\t\t\t\t<\/div>\n\t\t\t\t<div class=\"elementor-element elementor-element-862487e elementor-widget elementor-widget-text-editor\" data-id=\"862487e\" data-element_type=\"widget\" data-e-type=\"widget\" data-widget_type=\"text-editor.default\">\n\t\t\t\t<div class=\"elementor-widget-container\">\n\t\t\t\t\t\t\t\t\t<ul><li><span style=\"font-size: medium;\">Se expresa de forma educada y cort\u00e9s con todo el mundo,<\/span><\/li><li><span style=\"font-size: medium;\">En la radio mar\u00edtima, es breve y directo,<\/span><\/li><li><span style=\"font-size: medium;\">Cuando haya niebla, reduzca la velocidad y extreme la vigilancia,<\/span><\/li><li><span style=\"font-size: medium;\">Muestra respeto por los dem\u00e1s usuarios del entorno,<\/span><\/li><li><span style=\"font-size: medium;\">Notifique sin demora las situaciones peligrosas a Trafic Escoumins,<\/span><\/li><li><span style=\"font-size: medium;\">Est\u00e9 especialmente atento a los kayaks en las zonas m\u00e1s concurridas,<\/span><\/li><li><span style=\"font-size: medium;\">Cuando es necesario, se comunica con los investigadores y los pilotos de carga para planificar mejor sus viajes.<\/span><\/li><\/ul>\t\t\t\t\t\t\t\t<\/div>\n\t\t\t\t<\/div>\n\t\t\t\t<div class=\"elementor-element elementor-element-9c2a9f6 elementor-widget elementor-widget-heading\" data-id=\"9c2a9f6\" data-element_type=\"widget\" data-e-type=\"widget\" data-widget_type=\"heading.default\">\n\t\t\t\t<div class=\"elementor-widget-container\">\n\t\t\t\t\t<h2 class=\"elementor-heading-title elementor-size-default\">5. Durante la excursi\u00f3n, el capit\u00e1n : <\/h2>\t\t\t\t<\/div>\n\t\t\t\t<\/div>\n\t\t\t\t<div class=\"elementor-element elementor-element-3f35dc9 elementor-widget elementor-widget-text-editor\" data-id=\"3f35dc9\" data-element_type=\"widget\" data-e-type=\"widget\" data-widget_type=\"text-editor.default\">\n\t\t\t\t<div class=\"elementor-widget-container\">\n\t\t\t\t\t\t\t\t\t<ul><li><span style=\"font-size: medium;\">Presenta el parque marino y la normativa de forma positiva,<\/span><\/li><li><span style=\"font-size: medium;\">Presentaci\u00f3n de la r\u00eda: marea, agua salada,<\/span><\/li><li><span style=\"font-size: medium;\">Se\u00f1ala que la regi\u00f3n es destino de varias especies de ballenas migratorias,<\/span><\/li><li><span style=\"font-size: medium;\">Menciona que hay una abundancia excepcional de alimentos,<\/span><\/li><li><span style=\"font-size: medium;\">Llama la atenci\u00f3n sobre la diversidad del entorno (mam\u00edferos marinos, aves, presas de superficie, etc.),<\/span><\/li><li><span style=\"font-size: medium;\">Identifica las ballenas y focas que encuentres,<\/span><\/li><li><span style=\"font-size: medium;\">Hable sobre la beluga, su situaci\u00f3n y su contribuci\u00f3n personal a la recuperaci\u00f3n de la poblaci\u00f3n,<\/span><\/li><li><span style=\"font-size: medium;\">Muestra el trabajo de otros actores locales encontrados durante la excursi\u00f3n (piloto, guardabosques, investigador, etc.),<\/span><\/li><li><span style=\"font-size: medium;\">Utiliza tu propia experiencia,<\/span><\/li><li><span style=\"font-size: medium;\">Presenta atracciones distintas de los mam\u00edferos marinos (por ejemplo, ayudas a la navegaci\u00f3n, aves, hitos geogr\u00e1ficos, etc.),<\/span><\/li><li><span style=\"font-size: medium;\">Invita a los pasajeros a visitar los centros de interpretaci\u00f3n o los sitios terrestres para obtener m\u00e1s informaci\u00f3n.<\/span><\/li><\/ul>\t\t\t\t\t\t\t\t<\/div>\n\t\t\t\t<\/div>\n\t\t\t\t<div class=\"elementor-element elementor-element-88fc8e6 elementor-widget elementor-widget-heading\" data-id=\"88fc8e6\" data-element_type=\"widget\" data-e-type=\"widget\" data-widget_type=\"heading.default\">\n\t\t\t\t<div class=\"elementor-widget-container\">\n\t\t\t\t\t<h2 class=\"elementor-heading-title elementor-size-default\">La gu\u00eda concluye con 10 \"compromisos\". <br>\nque el capit\u00e1n se compromete a hacer :<\/h2>\t\t\t\t<\/div>\n\t\t\t\t<\/div>\n\t\t\t\t<div class=\"elementor-element elementor-element-d6ce962 elementor-widget elementor-widget-text-editor\" data-id=\"d6ce962\" data-element_type=\"widget\" data-e-type=\"widget\" data-widget_type=\"text-editor.default\">\n\t\t\t\t<div class=\"elementor-widget-container\">\n\t\t\t\t\t\t\t\t\t<ol><li>El capit\u00e1n informa a los pasajeros de que la excursi\u00f3n tendr\u00e1 lugar en el Parque Marino de Saguenay-St. Lawrence, una zona creada para proteger a las ballenas y su entorno.<\/li><li>Con su comportamiento, el patr\u00f3n anima a todos los usuarios a respetar el Reglamento que regula las actividades en el mar y la Gu\u00eda de pr\u00e1cticas ecorresponsables.<\/li><li>El capit\u00e1n planifica la excursi\u00f3n para que sus pasajeros vivan una aventura en un entorno natural, no una visita al zoo o una experiencia deportiva.<\/li><li>El patr\u00f3n se comunica con profesionalidad y cortes\u00eda con sus pasajeros, colegas y todos los usuarios del entorno.<\/li><li>El capit\u00e1n crea una sensaci\u00f3n de privilegio para sus pasajeros, haciendo hincapi\u00e9 en que cada excursi\u00f3n es \u00fanica, destacando la diversidad de atracciones y recurriendo a su propia experiencia y conocimientos.<\/li><li>El patr\u00f3n planifica sus movimientos y su posicionamiento en el lugar de manera que \"proteja\" la observaci\u00f3n de los pasajeros de otras embarcaciones y de los observadores en tierra.<\/li><li>El patr\u00f3n adapta su plan de navegaci\u00f3n y excursi\u00f3n en funci\u00f3n de las condiciones meteorol\u00f3gicas y las circunstancias, pensando en la comodidad de sus pasajeros.<\/li><li>Los capitanes contribuyen por su cuenta a los esfuerzos de investigaci\u00f3n y conservaci\u00f3n, lo que incluye informar de ballenas heridas, especies raras y otros incidentes inusuales en la zona.<\/li><li>El capit\u00e1n invita a sus pasajeros a seguir descubriendo el mundo de las ballenas m\u00e1s all\u00e1 de esta excursi\u00f3n (lugares de observaci\u00f3n en tierra, centros de interpretaci\u00f3n, otras excursiones en el mar, etc.).<\/li><li>El capit\u00e1n aprovecha la excursi\u00f3n para transmitir un mensaje sobre la fragilidad del medio ambiente y nuestra responsabilidad de protegerlo.<\/li><\/ol>\t\t\t\t\t\t\t\t<\/div>\n\t\t\t\t<\/div>\n\t\t\t\t\t<\/div>\n\t\t<\/div>\n\t\t\t\t\t<\/div>\n\t\t<\/section>\n\t\t\t\t<section class=\"elementor-section elementor-top-section elementor-element elementor-element-6035083 elementor-section-boxed elementor-section-height-default elementor-section-height-default\" data-id=\"6035083\" data-element_type=\"section\" data-e-type=\"section\">\n\t\t\t\t\t\t<div class=\"elementor-container elementor-column-gap-default\">\n\t\t\t\t\t<div class=\"elementor-column elementor-col-100 elementor-top-column elementor-element elementor-element-bac1804\" data-id=\"bac1804\" data-element_type=\"column\" data-e-type=\"column\">\n\t\t\t<div class=\"elementor-widget-wrap elementor-element-populated\">\n\t\t\t\t\t\t<div class=\"elementor-element elementor-element-2f323be elementor-widget elementor-widget-text-editor\" data-id=\"2f323be\" data-element_type=\"widget\" data-e-type=\"widget\" data-widget_type=\"text-editor.default\">\n\t\t\t\t<div class=\"elementor-widget-container\">\n\t\t\t\t\t\t\t\t\t<p>El parque en el que trabajo exige trabajo extra a los capitanes, \u00a1y no s\u00f3lo \"pilotar un barco\"! En todos mis viajes hasta la fecha, nunca he le\u00eddo ni o\u00eddo hablar de una iniciativa as\u00ed. Hay que decir que \u00e9ste es un lugar \u00fanico para el avistamiento de cet\u00e1ceos y que las empresas llevan a\u00f1os trabajando en ello. \u00a1Es una industria ballenera! Estos animales s\u00f3lo aportan dinero durante unos meses al a\u00f1o. La tensi\u00f3n en el mar es palpable.<\/p><p>Lo que me gustar\u00eda es que se acabaran los comportamientos inaceptables de los capitanes en el mar y que se respetaran las distancias. Conozco mis actitudes en el mar y mi respeto por estos animales. Cuando le\u00ed mi art\u00edculo titulado \"Cuando los navegantes da\u00f1an a las ballenas... (agosto de 2010)\", ya estaba horrorizado por lo que estaba viendo en el mar. \u00a1Hab\u00eda un verdadero problema! Incluso hab\u00eda pensado en dejarlo... Trabajo en lo que digo en esta gu\u00eda cada d\u00eda lo mejor que puedo. Reconozco que el cansancio, el ritmo de trabajo y el n\u00famero de vueltas me impiden dar lo mejor de m\u00ed cada d\u00eda. Sobre todo los d\u00edas de niebla. Mi lado ecologista, mi experiencia en el mar, mi conocimiento de la zona y mis viajes aportan a los turistas una nueva mirada sobre las ballenas. Sin embargo, a\u00fan tengo mucho que mejorar, \u00a1y esta gu\u00eda me lo recuerda!<\/p>\t\t\t\t\t\t\t\t<\/div>\n\t\t\t\t<\/div>\n\t\t\t\t\t<\/div>\n\t\t<\/div>\n\t\t\t\t\t<\/div>\n\t\t<\/section>\n\t\t\t\t<section class=\"elementor-section elementor-top-section elementor-element elementor-element-6cdb05c4 elementor-section-boxed elementor-section-height-default elementor-section-height-default\" data-id=\"6cdb05c4\" data-element_type=\"section\" data-e-type=\"section\">\n\t\t\t\t\t\t<div class=\"elementor-container elementor-column-gap-default\">\n\t\t\t\t\t<div class=\"elementor-column elementor-col-100 elementor-top-column elementor-element elementor-element-599f870d\" data-id=\"599f870d\" data-element_type=\"column\" data-e-type=\"column\">\n\t\t\t<div class=\"elementor-widget-wrap elementor-element-populated\">\n\t\t\t\t\t\t<div class=\"elementor-element elementor-element-15e7fadd elementor-widget__width-initial elementor-widget elementor-widget-text-editor\" data-id=\"15e7fadd\" data-element_type=\"widget\" data-e-type=\"widget\" data-widget_type=\"text-editor.default\">\n\t\t\t\t<div class=\"elementor-widget-container\">\n\t\t\t\t\t\t\t\t\t<blockquote><p><span style=\"font-size: medium;\">Hasta pronto.<br \/><\/span><\/p><p><span style=\"font-size: large;\">Saman\u00e1, Rep\u00fablica Dominicana, abril de 2011.<\/span><\/p><p><cite>Julien Marchal<\/cite><\/p><\/blockquote>\t\t\t\t\t\t\t\t<\/div>\n\t\t\t\t<\/div>\n\t\t\t\t\t<\/div>\n\t\t<\/div>\n\t\t\t\t\t<\/div>\n\t\t<\/section>\n\t\t\t\t<\/div>","protected":false},"excerpt":{"rendered":"<p>Mi temporada 2011 en Canad\u00e1 como capit\u00e1n de un barco de avistamiento de ballenas est\u00e1 a punto de empezar de nuevo. Las compa\u00f1\u00edas navieras y las autoridades locales han publicado una \"Gu\u00eda de pr\u00e1cticas ecorresponsables para capitanes de barco\". <\/p>","protected":false},"author":1,"featured_media":4105,"comment_status":"closed","ping_status":"open","sticky":false,"template":"","format":"standard","meta":{"footnotes":""},"categories":[99],"tags":[],"class_list":["post-6993","post","type-post","status-publish","format-standard","has-post-thumbnail","hentry","category-blog-general"],"yoast_head":"<!-- This site is optimized with the Yoast SEO plugin v27.3 - https:\/\/yoast.com\/product\/yoast-seo-wordpress\/ -->\n<title>JULIEN MARCHAL &#8212; Capitaine &quot;Eco-responsable&quot; pour cet \u00e9t\u00e9 !<\/title>\n<meta name=\"description\" content=\"Capitaine \u00e9co-responsable pour observer les baleines par les 10 engagements obligatoires dans le parc marin au Canada\" \/>\n<meta name=\"robots\" content=\"index, follow, max-snippet:-1, max-image-preview:large, max-video-preview:-1\" \/>\n<link rel=\"canonical\" href=\"https:\/\/julienmarchal.fr\/es\/capitan-ecorresponsable-este-verano\/\" \/>\n<meta property=\"og:locale\" content=\"es_ES\" \/>\n<meta property=\"og:type\" content=\"article\" \/>\n<meta property=\"og:title\" content=\"JULIEN MARCHAL &#8212; Capitaine &quot;Eco-responsable&quot; pour cet \u00e9t\u00e9 !\" \/>\n<meta property=\"og:description\" content=\"Capitaine \u00e9co-responsable pour observer les baleines par les 10 engagements obligatoires dans le parc marin au Canada\" \/>\n<meta property=\"og:url\" content=\"https:\/\/julienmarchal.fr\/es\/capitan-ecorresponsable-este-verano\/\" \/>\n<meta property=\"og:site_name\" content=\"JULIEN MARCHAL\" \/>\n<meta property=\"article:published_time\" content=\"2011-04-29T23:58:43+00:00\" \/>\n<meta property=\"article:modified_time\" content=\"2023-03-11T17:13:30+00:00\" \/>\n<meta property=\"og:image\" content=\"https:\/\/julienmarchal.fr\/wp-content\/uploads\/2023\/01\/HumpBackwhale3.Samana.SarahCelano.janvier2011.htm.jpg\" \/>\n\t<meta property=\"og:image:width\" content=\"1000\" \/>\n\t<meta property=\"og:image:height\" content=\"664\" \/>\n\t<meta property=\"og:image:type\" content=\"image\/jpeg\" \/>\n<meta name=\"author\" content=\"Julien Marchal\" \/>\n<meta name=\"twitter:card\" content=\"summary_large_image\" \/>\n<script type=\"application\/ld+json\" class=\"yoast-schema-graph\">{\"@context\":\"https:\\\/\\\/schema.org\",\"@graph\":[{\"@type\":\"Article\",\"@id\":\"https:\\\/\\\/julienmarchal.fr\\\/capitaine-ecoresponsable-pour-cet-ete\\\/#article\",\"isPartOf\":{\"@id\":\"https:\\\/\\\/julienmarchal.fr\\\/capitaine-ecoresponsable-pour-cet-ete\\\/\"},\"author\":{\"name\":\"Julien Marchal\",\"@id\":\"https:\\\/\\\/julienmarchal.fr\\\/#\\\/schema\\\/person\\\/666ce6402da97412a4009d2891d3cc1d\"},\"headline\":\"Capitaine &#8220;Eco-responsable&#8221; pour cet \u00e9t\u00e9 !\",\"datePublished\":\"2011-04-29T23:58:43+00:00\",\"dateModified\":\"2023-03-11T17:13:30+00:00\",\"mainEntityOfPage\":{\"@id\":\"https:\\\/\\\/julienmarchal.fr\\\/capitaine-ecoresponsable-pour-cet-ete\\\/\"},\"wordCount\":1197,\"publisher\":{\"@id\":\"https:\\\/\\\/julienmarchal.fr\\\/#\\\/schema\\\/person\\\/9bad5d6d81f92720eaf6c4750c93b7c5\"},\"image\":{\"@id\":\"https:\\\/\\\/julienmarchal.fr\\\/capitaine-ecoresponsable-pour-cet-ete\\\/#primaryimage\"},\"thumbnailUrl\":\"https:\\\/\\\/julienmarchal.fr\\\/wp-content\\\/uploads\\\/2023\\\/01\\\/HumpBackwhale3.Samana.SarahCelano.janvier2011.htm.jpg\",\"articleSection\":[\"Blog g\u00e9n\u00e9ral\"],\"inLanguage\":\"es\"},{\"@type\":\"WebPage\",\"@id\":\"https:\\\/\\\/julienmarchal.fr\\\/capitaine-ecoresponsable-pour-cet-ete\\\/\",\"url\":\"https:\\\/\\\/julienmarchal.fr\\\/capitaine-ecoresponsable-pour-cet-ete\\\/\",\"name\":\"JULIEN MARCHAL &#8212; Capitaine \\\"Eco-responsable\\\" pour cet \u00e9t\u00e9 !\",\"isPartOf\":{\"@id\":\"https:\\\/\\\/julienmarchal.fr\\\/#website\"},\"primaryImageOfPage\":{\"@id\":\"https:\\\/\\\/julienmarchal.fr\\\/capitaine-ecoresponsable-pour-cet-ete\\\/#primaryimage\"},\"image\":{\"@id\":\"https:\\\/\\\/julienmarchal.fr\\\/capitaine-ecoresponsable-pour-cet-ete\\\/#primaryimage\"},\"thumbnailUrl\":\"https:\\\/\\\/julienmarchal.fr\\\/wp-content\\\/uploads\\\/2023\\\/01\\\/HumpBackwhale3.Samana.SarahCelano.janvier2011.htm.jpg\",\"datePublished\":\"2011-04-29T23:58:43+00:00\",\"dateModified\":\"2023-03-11T17:13:30+00:00\",\"description\":\"Capitaine \u00e9co-responsable pour observer les baleines par les 10 engagements obligatoires dans le parc marin au Canada\",\"breadcrumb\":{\"@id\":\"https:\\\/\\\/julienmarchal.fr\\\/capitaine-ecoresponsable-pour-cet-ete\\\/#breadcrumb\"},\"inLanguage\":\"es\",\"potentialAction\":[{\"@type\":\"ReadAction\",\"target\":[\"https:\\\/\\\/julienmarchal.fr\\\/capitaine-ecoresponsable-pour-cet-ete\\\/\"]}]},{\"@type\":\"ImageObject\",\"inLanguage\":\"es\",\"@id\":\"https:\\\/\\\/julienmarchal.fr\\\/capitaine-ecoresponsable-pour-cet-ete\\\/#primaryimage\",\"url\":\"https:\\\/\\\/julienmarchal.fr\\\/wp-content\\\/uploads\\\/2023\\\/01\\\/HumpBackwhale3.Samana.SarahCelano.janvier2011.htm.jpg\",\"contentUrl\":\"https:\\\/\\\/julienmarchal.fr\\\/wp-content\\\/uploads\\\/2023\\\/01\\\/HumpBackwhale3.Samana.SarahCelano.janvier2011.htm.jpg\",\"width\":1000,\"height\":664},{\"@type\":\"BreadcrumbList\",\"@id\":\"https:\\\/\\\/julienmarchal.fr\\\/capitaine-ecoresponsable-pour-cet-ete\\\/#breadcrumb\",\"itemListElement\":[{\"@type\":\"ListItem\",\"position\":1,\"name\":\"Accueil\",\"item\":\"https:\\\/\\\/julienmarchal.fr\\\/\"},{\"@type\":\"ListItem\",\"position\":2,\"name\":\"Capitaine &#8220;Eco-responsable&#8221; pour cet \u00e9t\u00e9 !\"}]},{\"@type\":\"WebSite\",\"@id\":\"https:\\\/\\\/julienmarchal.fr\\\/#website\",\"url\":\"https:\\\/\\\/julienmarchal.fr\\\/\",\"name\":\"JULIEN MARCHAL, Observateur de mammif\u00e8res marins\",\"description\":\"Observateur Mammif\u00e8res marins\",\"publisher\":{\"@id\":\"https:\\\/\\\/julienmarchal.fr\\\/#\\\/schema\\\/person\\\/9bad5d6d81f92720eaf6c4750c93b7c5\"},\"potentialAction\":[{\"@type\":\"SearchAction\",\"target\":{\"@type\":\"EntryPoint\",\"urlTemplate\":\"https:\\\/\\\/julienmarchal.fr\\\/?s={search_term_string}\"},\"query-input\":{\"@type\":\"PropertyValueSpecification\",\"valueRequired\":true,\"valueName\":\"search_term_string\"}}],\"inLanguage\":\"es\"},{\"@type\":[\"Person\",\"Organization\"],\"@id\":\"https:\\\/\\\/julienmarchal.fr\\\/#\\\/schema\\\/person\\\/9bad5d6d81f92720eaf6c4750c93b7c5\",\"name\":\"Julien Marchal\",\"image\":{\"@type\":\"ImageObject\",\"inLanguage\":\"es\",\"@id\":\"https:\\\/\\\/julienmarchal.fr\\\/wp-content\\\/uploads\\\/2023\\\/02\\\/julien-marchal-debuts.png\",\"url\":\"https:\\\/\\\/julienmarchal.fr\\\/wp-content\\\/uploads\\\/2023\\\/02\\\/julien-marchal-debuts.png\",\"contentUrl\":\"https:\\\/\\\/julienmarchal.fr\\\/wp-content\\\/uploads\\\/2023\\\/02\\\/julien-marchal-debuts.png\",\"width\":1239,\"height\":711,\"caption\":\"Julien Marchal\"},\"logo\":{\"@id\":\"https:\\\/\\\/julienmarchal.fr\\\/wp-content\\\/uploads\\\/2023\\\/02\\\/julien-marchal-debuts.png\"},\"sameAs\":[\"https:\\\/\\\/www.instagram.com\\\/julienligniermarchal\\\/\",\"https:\\\/\\\/www.linkedin.com\\\/in\\\/julien-lignier-marchal\\\/\"]},{\"@type\":\"Person\",\"@id\":\"https:\\\/\\\/julienmarchal.fr\\\/#\\\/schema\\\/person\\\/666ce6402da97412a4009d2891d3cc1d\",\"name\":\"Julien Marchal\",\"image\":{\"@type\":\"ImageObject\",\"inLanguage\":\"es\",\"@id\":\"https:\\\/\\\/secure.gravatar.com\\\/avatar\\\/6ce4805ac055ef813258943a238453c65fb05242d1a5b34797c8fce2407e695b?s=96&r=g\",\"url\":\"https:\\\/\\\/secure.gravatar.com\\\/avatar\\\/6ce4805ac055ef813258943a238453c65fb05242d1a5b34797c8fce2407e695b?s=96&r=g\",\"contentUrl\":\"https:\\\/\\\/secure.gravatar.com\\\/avatar\\\/6ce4805ac055ef813258943a238453c65fb05242d1a5b34797c8fce2407e695b?s=96&r=g\",\"caption\":\"Julien Marchal\"},\"sameAs\":[\"https:\\\/\\\/julienmarchal.fr\\\/dev\"]}]}<\/script>\n<!-- \/ Yoast SEO plugin. -->","yoast_head_json":{"title":"JULIEN MARCHAL - \u00a1Capit\u00e1n ecorresponsable este verano!","description":"Un capit\u00e1n ecorresponsable para avistar ballenas: 10 compromisos obligatorios en el parque marino de Canad\u00e1","robots":{"index":"index","follow":"follow","max-snippet":"max-snippet:-1","max-image-preview":"max-image-preview:large","max-video-preview":"max-video-preview:-1"},"canonical":"https:\/\/julienmarchal.fr\/es\/capitan-ecorresponsable-este-verano\/","og_locale":"es_ES","og_type":"article","og_title":"JULIEN MARCHAL &#8212; Capitaine \"Eco-responsable\" pour cet \u00e9t\u00e9 !","og_description":"Capitaine \u00e9co-responsable pour observer les baleines par les 10 engagements obligatoires dans le parc marin au Canada","og_url":"https:\/\/julienmarchal.fr\/es\/capitan-ecorresponsable-este-verano\/","og_site_name":"JULIEN MARCHAL","article_published_time":"2011-04-29T23:58:43+00:00","article_modified_time":"2023-03-11T17:13:30+00:00","og_image":[{"width":1000,"height":664,"url":"https:\/\/julienmarchal.fr\/wp-content\/uploads\/2023\/01\/HumpBackwhale3.Samana.SarahCelano.janvier2011.htm.jpg","type":"image\/jpeg"}],"author":"Julien Marchal","twitter_card":"summary_large_image","schema":{"@context":"https:\/\/schema.org","@graph":[{"@type":"Article","@id":"https:\/\/julienmarchal.fr\/capitaine-ecoresponsable-pour-cet-ete\/#article","isPartOf":{"@id":"https:\/\/julienmarchal.fr\/capitaine-ecoresponsable-pour-cet-ete\/"},"author":{"name":"Julien Marchal","@id":"https:\/\/julienmarchal.fr\/#\/schema\/person\/666ce6402da97412a4009d2891d3cc1d"},"headline":"Capitaine &#8220;Eco-responsable&#8221; pour cet \u00e9t\u00e9 !","datePublished":"2011-04-29T23:58:43+00:00","dateModified":"2023-03-11T17:13:30+00:00","mainEntityOfPage":{"@id":"https:\/\/julienmarchal.fr\/capitaine-ecoresponsable-pour-cet-ete\/"},"wordCount":1197,"publisher":{"@id":"https:\/\/julienmarchal.fr\/#\/schema\/person\/9bad5d6d81f92720eaf6c4750c93b7c5"},"image":{"@id":"https:\/\/julienmarchal.fr\/capitaine-ecoresponsable-pour-cet-ete\/#primaryimage"},"thumbnailUrl":"https:\/\/julienmarchal.fr\/wp-content\/uploads\/2023\/01\/HumpBackwhale3.Samana.SarahCelano.janvier2011.htm.jpg","articleSection":["Blog g\u00e9n\u00e9ral"],"inLanguage":"es"},{"@type":"WebPage","@id":"https:\/\/julienmarchal.fr\/capitaine-ecoresponsable-pour-cet-ete\/","url":"https:\/\/julienmarchal.fr\/capitaine-ecoresponsable-pour-cet-ete\/","name":"JULIEN MARCHAL - \u00a1Capit\u00e1n ecorresponsable este verano!","isPartOf":{"@id":"https:\/\/julienmarchal.fr\/#website"},"primaryImageOfPage":{"@id":"https:\/\/julienmarchal.fr\/capitaine-ecoresponsable-pour-cet-ete\/#primaryimage"},"image":{"@id":"https:\/\/julienmarchal.fr\/capitaine-ecoresponsable-pour-cet-ete\/#primaryimage"},"thumbnailUrl":"https:\/\/julienmarchal.fr\/wp-content\/uploads\/2023\/01\/HumpBackwhale3.Samana.SarahCelano.janvier2011.htm.jpg","datePublished":"2011-04-29T23:58:43+00:00","dateModified":"2023-03-11T17:13:30+00:00","description":"Un capit\u00e1n ecorresponsable para avistar ballenas: 10 compromisos obligatorios en el parque marino de Canad\u00e1","breadcrumb":{"@id":"https:\/\/julienmarchal.fr\/capitaine-ecoresponsable-pour-cet-ete\/#breadcrumb"},"inLanguage":"es","potentialAction":[{"@type":"ReadAction","target":["https:\/\/julienmarchal.fr\/capitaine-ecoresponsable-pour-cet-ete\/"]}]},{"@type":"ImageObject","inLanguage":"es","@id":"https:\/\/julienmarchal.fr\/capitaine-ecoresponsable-pour-cet-ete\/#primaryimage","url":"https:\/\/julienmarchal.fr\/wp-content\/uploads\/2023\/01\/HumpBackwhale3.Samana.SarahCelano.janvier2011.htm.jpg","contentUrl":"https:\/\/julienmarchal.fr\/wp-content\/uploads\/2023\/01\/HumpBackwhale3.Samana.SarahCelano.janvier2011.htm.jpg","width":1000,"height":664},{"@type":"BreadcrumbList","@id":"https:\/\/julienmarchal.fr\/capitaine-ecoresponsable-pour-cet-ete\/#breadcrumb","itemListElement":[{"@type":"ListItem","position":1,"name":"Accueil","item":"https:\/\/julienmarchal.fr\/"},{"@type":"ListItem","position":2,"name":"Capitaine &#8220;Eco-responsable&#8221; pour cet \u00e9t\u00e9 !"}]},{"@type":"WebSite","@id":"https:\/\/julienmarchal.fr\/#website","url":"https:\/\/julienmarchal.fr\/","name":"JULIEN MARCHAL, Observador de mam\u00edferos marinos","description":"Observador de mam\u00edferos marinos","publisher":{"@id":"https:\/\/julienmarchal.fr\/#\/schema\/person\/9bad5d6d81f92720eaf6c4750c93b7c5"},"potentialAction":[{"@type":"SearchAction","target":{"@type":"EntryPoint","urlTemplate":"https:\/\/julienmarchal.fr\/?s={search_term_string}"},"query-input":{"@type":"PropertyValueSpecification","valueRequired":true,"valueName":"search_term_string"}}],"inLanguage":"es"},{"@type":["Person","Organization"],"@id":"https:\/\/julienmarchal.fr\/#\/schema\/person\/9bad5d6d81f92720eaf6c4750c93b7c5","name":"Julien Marchal","image":{"@type":"ImageObject","inLanguage":"es","@id":"https:\/\/julienmarchal.fr\/wp-content\/uploads\/2023\/02\/julien-marchal-debuts.png","url":"https:\/\/julienmarchal.fr\/wp-content\/uploads\/2023\/02\/julien-marchal-debuts.png","contentUrl":"https:\/\/julienmarchal.fr\/wp-content\/uploads\/2023\/02\/julien-marchal-debuts.png","width":1239,"height":711,"caption":"Julien Marchal"},"logo":{"@id":"https:\/\/julienmarchal.fr\/wp-content\/uploads\/2023\/02\/julien-marchal-debuts.png"},"sameAs":["https:\/\/www.instagram.com\/julienligniermarchal\/","https:\/\/www.linkedin.com\/in\/julien-lignier-marchal\/"]},{"@type":"Person","@id":"https:\/\/julienmarchal.fr\/#\/schema\/person\/666ce6402da97412a4009d2891d3cc1d","name":"Julien Marchal","image":{"@type":"ImageObject","inLanguage":"es","@id":"https:\/\/secure.gravatar.com\/avatar\/6ce4805ac055ef813258943a238453c65fb05242d1a5b34797c8fce2407e695b?s=96&r=g","url":"https:\/\/secure.gravatar.com\/avatar\/6ce4805ac055ef813258943a238453c65fb05242d1a5b34797c8fce2407e695b?s=96&r=g","contentUrl":"https:\/\/secure.gravatar.com\/avatar\/6ce4805ac055ef813258943a238453c65fb05242d1a5b34797c8fce2407e695b?s=96&r=g","caption":"Julien Marchal"},"sameAs":["https:\/\/julienmarchal.fr\/dev"]}]}},"_links":{"self":[{"href":"https:\/\/julienmarchal.fr\/es\/wp-json\/wp\/v2\/posts\/6993","targetHints":{"allow":["GET"]}}],"collection":[{"href":"https:\/\/julienmarchal.fr\/es\/wp-json\/wp\/v2\/posts"}],"about":[{"href":"https:\/\/julienmarchal.fr\/es\/wp-json\/wp\/v2\/types\/post"}],"author":[{"embeddable":true,"href":"https:\/\/julienmarchal.fr\/es\/wp-json\/wp\/v2\/users\/1"}],"replies":[{"embeddable":true,"href":"https:\/\/julienmarchal.fr\/es\/wp-json\/wp\/v2\/comments?post=6993"}],"version-history":[{"count":0,"href":"https:\/\/julienmarchal.fr\/es\/wp-json\/wp\/v2\/posts\/6993\/revisions"}],"wp:featuredmedia":[{"embeddable":true,"href":"https:\/\/julienmarchal.fr\/es\/wp-json\/wp\/v2\/media\/4105"}],"wp:attachment":[{"href":"https:\/\/julienmarchal.fr\/es\/wp-json\/wp\/v2\/media?parent=6993"}],"wp:term":[{"taxonomy":"category","embeddable":true,"href":"https:\/\/julienmarchal.fr\/es\/wp-json\/wp\/v2\/categories?post=6993"},{"taxonomy":"post_tag","embeddable":true,"href":"https:\/\/julienmarchal.fr\/es\/wp-json\/wp\/v2\/tags?post=6993"}],"curies":[{"name":"wp","href":"https:\/\/api.w.org\/{rel}","templated":true}]}}