{"id":6830,"date":"2013-10-02T23:11:46","date_gmt":"2013-10-02T21:11:46","guid":{"rendered":"https:\/\/julienmarchal.fr\/?p=6830"},"modified":"2023-03-16T15:44:33","modified_gmt":"2023-03-16T14:44:33","slug":"temporada-2013-en-canada-octubre-2013","status":"publish","type":"post","link":"https:\/\/julienmarchal.fr\/es\/saison-2013-au-canada-octobre-2013\/","title":{"rendered":"Temporada 2013 en Canad\u00e1 (octubre de 2013)"},"content":{"rendered":"<div data-elementor-type=\"wp-post\" data-elementor-id=\"6830\" class=\"elementor elementor-6830\" data-elementor-post-type=\"post\">\n\t\t\t\t\t\t<section class=\"elementor-section elementor-top-section elementor-element elementor-element-b718793 elementor-section-boxed elementor-section-height-default elementor-section-height-default\" data-id=\"b718793\" data-element_type=\"section\" data-e-type=\"section\">\n\t\t\t\t\t\t<div class=\"elementor-container elementor-column-gap-default\">\n\t\t\t\t\t<div class=\"elementor-column elementor-col-100 elementor-top-column elementor-element elementor-element-cff58cb\" data-id=\"cff58cb\" data-element_type=\"column\" data-e-type=\"column\">\n\t\t\t<div class=\"elementor-widget-wrap elementor-element-populated\">\n\t\t\t\t\t\t<div class=\"elementor-element elementor-element-2061cf1 elementor-widget elementor-widget-heading\" data-id=\"2061cf1\" data-element_type=\"widget\" data-e-type=\"widget\" data-widget_type=\"heading.default\">\n\t\t\t\t<div class=\"elementor-widget-container\">\n\t\t\t\t\t<h2 class=\"elementor-heading-title elementor-size-default\">Estimados visitantes,<\/h2>\t\t\t\t<\/div>\n\t\t\t\t<\/div>\n\t\t\t\t<div class=\"elementor-element elementor-element-b666f57 elementor-widget elementor-widget-text-editor\" data-id=\"b666f57\" data-element_type=\"widget\" data-e-type=\"widget\" data-widget_type=\"text-editor.default\">\n\t\t\t\t<div class=\"elementor-widget-container\">\n\t\t\t\t\t\t\t\t\t<p>El 06 de octubre de 2013, termin\u00e9 mi temporada en el agua y super\u00e9 el n\u00famero de mis salidas en comparaci\u00f3n con 2012. Mi total es de<\/p><p>185 salidas este a\u00f1o frente a las 174 de 2012, es decir, 11 m\u00e1s.<\/p><p>Fue una temporada muy emotiva, \u00a1pero sobre todo el d\u00eda en que un rorcual com\u00fan choc\u00f3 contra mi barco! Se lo contar\u00e9 todo en otro momento.<\/p><p>Ped\u00ed a mis clientes fotos de recuerdo y luego seleccion\u00e9 personalmente 14 (\u00a1hay m\u00e1s en camino!).<\/p><p>Todas estas fotograf\u00edas tienen derechos de autor, en caso de copia o pedido, debe ponerse en contacto conmigo.<\/p><p>Recordar\u00e9 especialmente 2 d\u00edas excepcionales, 28 y 29 de julio de 2013, en los que observ\u00e9 ballenas azules (<em>Balaenoptera musculus<\/em>), ballenas jorobadas (<em>Megaptera novaeangliae<\/em>) y los rorcuales comunes (<em>Balaenoptera physalus<\/em>) en la alimentaci\u00f3n de superficie. Otro d\u00eda m\u00e1s dif\u00edcil fue el <a href=\"https:\/\/julienmarchal.fr\/es\/galeria-de-videos\/colision-con-un-rorcual-comun-en-2013\/\" target=\"_blank\" rel=\"noopener\">colisi\u00f3n con un rorcual com\u00fan (v\u00eddeo)<\/a> a babor de mi barco.<\/p>\t\t\t\t\t\t\t\t<\/div>\n\t\t\t\t<\/div>\n\t\t\t\t\t<\/div>\n\t\t<\/div>\n\t\t\t\t\t<\/div>\n\t\t<\/section>\n\t\t\t\t<section class=\"elementor-section elementor-top-section elementor-element elementor-element-29d1d8f elementor-section-boxed elementor-section-height-default elementor-section-height-default\" data-id=\"29d1d8f\" data-element_type=\"section\" data-e-type=\"section\">\n\t\t\t\t\t\t<div class=\"elementor-container elementor-column-gap-default\">\n\t\t\t\t\t<div class=\"elementor-column elementor-col-100 elementor-top-column elementor-element elementor-element-5db3158\" data-id=\"5db3158\" data-element_type=\"column\" data-e-type=\"column\">\n\t\t\t<div class=\"elementor-widget-wrap elementor-element-populated\">\n\t\t\t\t\t\t<div class=\"elementor-element elementor-element-a27ff86 elementor-widget elementor-widget-heading\" data-id=\"a27ff86\" data-element_type=\"widget\" data-e-type=\"widget\" data-widget_type=\"heading.default\">\n\t\t\t\t<div class=\"elementor-widget-container\">\n\t\t\t\t\t<h2 class=\"elementor-heading-title elementor-size-default\">Ballena azul<br>Ballena azul (Balaenoptera musculus) aliment\u00e1ndose en la superficie<\/h2>\t\t\t\t<\/div>\n\t\t\t\t<\/div>\n\t\t\t\t<div class=\"elementor-element elementor-element-316e166 elementor-widget elementor-widget-heading\" data-id=\"316e166\" data-element_type=\"widget\" data-e-type=\"widget\" data-widget_type=\"heading.default\">\n\t\t\t\t<div class=\"elementor-widget-container\">\n\t\t\t\t\t<p class=\"elementor-heading-title elementor-size-default\">Gracias a Dorianne Bellet por estas 7 fotos<\/p>\t\t\t\t<\/div>\n\t\t\t\t<\/div>\n\t\t\t\t<div class=\"elementor-element elementor-element-d1120b5 elementor-widget elementor-widget-gallery\" data-id=\"d1120b5\" data-element_type=\"widget\" data-e-type=\"widget\" data-settings=\"{&quot;gallery_layout&quot;:&quot;justified&quot;,&quot;gap&quot;:{&quot;unit&quot;:&quot;px&quot;,&quot;size&quot;:15,&quot;sizes&quot;:[]},&quot;lazyload&quot;:&quot;yes&quot;,&quot;ideal_row_height&quot;:{&quot;unit&quot;:&quot;px&quot;,&quot;size&quot;:200,&quot;sizes&quot;:[]},&quot;ideal_row_height_tablet&quot;:{&quot;unit&quot;:&quot;px&quot;,&quot;size&quot;:150,&quot;sizes&quot;:[]},&quot;ideal_row_height_mobile&quot;:{&quot;unit&quot;:&quot;px&quot;,&quot;size&quot;:150,&quot;sizes&quot;:[]},&quot;gap_tablet&quot;:{&quot;unit&quot;:&quot;px&quot;,&quot;size&quot;:10,&quot;sizes&quot;:[]},&quot;gap_mobile&quot;:{&quot;unit&quot;:&quot;px&quot;,&quot;size&quot;:10,&quot;sizes&quot;:[]},&quot;link_to&quot;:&quot;file&quot;,&quot;overlay_background&quot;:&quot;yes&quot;,&quot;content_hover_animation&quot;:&quot;fade-in&quot;}\" data-widget_type=\"gallery.default\">\n\t\t\t\t<div class=\"elementor-widget-container\">\n\t\t\t\t\t\t\t<div class=\"elementor-gallery__container\">\n\t\t\t\t\t\t\t<a class=\"e-gallery-item elementor-gallery-item elementor-animated-content\" href=\"https:\/\/julienmarchal.fr\/wp-content\/uploads\/2023\/01\/PhotosclientssaisonEssipit20131.jpg\" data-elementor-open-lightbox=\"yes\" data-elementor-lightbox-slideshow=\"d1120b5\" data-elementor-lightbox-title=\"PhotosclientssaisonEssipit2013(1)\" data-e-action-hash=\"#elementor-action%3Aaction%3Dlightbox%26settings%3DeyJpZCI6NDQxMCwidXJsIjoiaHR0cHM6XC9cL2p1bGllbm1hcmNoYWwuZnJcL3dwLWNvbnRlbnRcL3VwbG9hZHNcLzIwMjNcLzAxXC9QaG90b3NjbGllbnRzc2Fpc29uRXNzaXBpdDIwMTMxLmpwZyIsInNsaWRlc2hvdyI6ImQxMTIwYjUifQ%3D%3D\">\n\t\t\t\t\t<div class=\"e-gallery-image elementor-gallery-item__image\" data-thumbnail=\"https:\/\/julienmarchal.fr\/wp-content\/uploads\/2023\/01\/PhotosclientssaisonEssipit20131-1024x482.jpg\" data-width=\"1024\" data-height=\"482\" aria-label=\"\" role=\"img\" ><\/div>\n\t\t\t\t\t\t\t\t\t\t\t<div class=\"elementor-gallery-item__overlay\"><\/div>\n\t\t\t\t\t\t\t\t\t\t\t\t\t\t<\/a>\n\t\t\t\t\t\t\t<a class=\"e-gallery-item elementor-gallery-item elementor-animated-content\" href=\"https:\/\/julienmarchal.fr\/wp-content\/uploads\/2023\/01\/PhotosclientssaisonEssipit20132.jpg\" data-elementor-open-lightbox=\"yes\" data-elementor-lightbox-slideshow=\"d1120b5\" data-elementor-lightbox-title=\"PhotosclientssaisonEssipit2013(2)\" data-e-action-hash=\"#elementor-action%3Aaction%3Dlightbox%26settings%3DeyJpZCI6NDQxMSwidXJsIjoiaHR0cHM6XC9cL2p1bGllbm1hcmNoYWwuZnJcL3dwLWNvbnRlbnRcL3VwbG9hZHNcLzIwMjNcLzAxXC9QaG90b3NjbGllbnRzc2Fpc29uRXNzaXBpdDIwMTMyLmpwZyIsInNsaWRlc2hvdyI6ImQxMTIwYjUifQ%3D%3D\">\n\t\t\t\t\t<div class=\"e-gallery-image elementor-gallery-item__image\" data-thumbnail=\"https:\/\/julienmarchal.fr\/wp-content\/uploads\/2023\/01\/PhotosclientssaisonEssipit20132-1024x422.jpg\" data-width=\"1024\" data-height=\"422\" aria-label=\"\" role=\"img\" ><\/div>\n\t\t\t\t\t\t\t\t\t\t\t<div class=\"elementor-gallery-item__overlay\"><\/div>\n\t\t\t\t\t\t\t\t\t\t\t\t\t\t<\/a>\n\t\t\t\t\t\t\t<a class=\"e-gallery-item elementor-gallery-item elementor-animated-content\" href=\"https:\/\/julienmarchal.fr\/wp-content\/uploads\/2023\/01\/PhotosclientssaisonEssipit20133.jpg\" data-elementor-open-lightbox=\"yes\" data-elementor-lightbox-slideshow=\"d1120b5\" data-elementor-lightbox-title=\"PhotosclientssaisonEssipit2013(3)\" data-e-action-hash=\"#elementor-action%3Aaction%3Dlightbox%26settings%3DeyJpZCI6NDQxMiwidXJsIjoiaHR0cHM6XC9cL2p1bGllbm1hcmNoYWwuZnJcL3dwLWNvbnRlbnRcL3VwbG9hZHNcLzIwMjNcLzAxXC9QaG90b3NjbGllbnRzc2Fpc29uRXNzaXBpdDIwMTMzLmpwZyIsInNsaWRlc2hvdyI6ImQxMTIwYjUifQ%3D%3D\">\n\t\t\t\t\t<div class=\"e-gallery-image elementor-gallery-item__image\" data-thumbnail=\"https:\/\/julienmarchal.fr\/wp-content\/uploads\/2023\/01\/PhotosclientssaisonEssipit20133-1024x454.jpg\" data-width=\"1024\" data-height=\"454\" aria-label=\"\" role=\"img\" ><\/div>\n\t\t\t\t\t\t\t\t\t\t\t<div class=\"elementor-gallery-item__overlay\"><\/div>\n\t\t\t\t\t\t\t\t\t\t\t\t\t\t<\/a>\n\t\t\t\t\t\t\t<a class=\"e-gallery-item elementor-gallery-item elementor-animated-content\" href=\"https:\/\/julienmarchal.fr\/wp-content\/uploads\/2023\/01\/PhotosclientssaisonEssipit20134.jpg\" data-elementor-open-lightbox=\"yes\" data-elementor-lightbox-slideshow=\"d1120b5\" data-elementor-lightbox-title=\"PhotosclientssaisonEssipit2013(4)\" data-e-action-hash=\"#elementor-action%3Aaction%3Dlightbox%26settings%3DeyJpZCI6NDQxMywidXJsIjoiaHR0cHM6XC9cL2p1bGllbm1hcmNoYWwuZnJcL3dwLWNvbnRlbnRcL3VwbG9hZHNcLzIwMjNcLzAxXC9QaG90b3NjbGllbnRzc2Fpc29uRXNzaXBpdDIwMTM0LmpwZyIsInNsaWRlc2hvdyI6ImQxMTIwYjUifQ%3D%3D\">\n\t\t\t\t\t<div class=\"e-gallery-image elementor-gallery-item__image\" data-thumbnail=\"https:\/\/julienmarchal.fr\/wp-content\/uploads\/2023\/01\/PhotosclientssaisonEssipit20134.jpg\" data-width=\"898\" data-height=\"494\" aria-label=\"\" role=\"img\" ><\/div>\n\t\t\t\t\t\t\t\t\t\t\t<div class=\"elementor-gallery-item__overlay\"><\/div>\n\t\t\t\t\t\t\t\t\t\t\t\t\t\t<\/a>\n\t\t\t\t\t\t\t<a class=\"e-gallery-item elementor-gallery-item elementor-animated-content\" href=\"https:\/\/julienmarchal.fr\/wp-content\/uploads\/2023\/01\/PhotosclientssaisonEssipit20135.jpg\" data-elementor-open-lightbox=\"yes\" data-elementor-lightbox-slideshow=\"d1120b5\" data-elementor-lightbox-title=\"PhotosclientssaisonEssipit2013(5)\" data-e-action-hash=\"#elementor-action%3Aaction%3Dlightbox%26settings%3DeyJpZCI6NDQxNCwidXJsIjoiaHR0cHM6XC9cL2p1bGllbm1hcmNoYWwuZnJcL3dwLWNvbnRlbnRcL3VwbG9hZHNcLzIwMjNcLzAxXC9QaG90b3NjbGllbnRzc2Fpc29uRXNzaXBpdDIwMTM1LmpwZyIsInNsaWRlc2hvdyI6ImQxMTIwYjUifQ%3D%3D\">\n\t\t\t\t\t<div class=\"e-gallery-image elementor-gallery-item__image\" data-thumbnail=\"https:\/\/julienmarchal.fr\/wp-content\/uploads\/2023\/01\/PhotosclientssaisonEssipit20135-1024x435.jpg\" data-width=\"1024\" data-height=\"435\" aria-label=\"\" role=\"img\" ><\/div>\n\t\t\t\t\t\t\t\t\t\t\t<div class=\"elementor-gallery-item__overlay\"><\/div>\n\t\t\t\t\t\t\t\t\t\t\t\t\t\t<\/a>\n\t\t\t\t\t\t\t<a class=\"e-gallery-item elementor-gallery-item elementor-animated-content\" href=\"https:\/\/julienmarchal.fr\/wp-content\/uploads\/2023\/01\/PhotosclientssaisonEssipit20136.jpg\" data-elementor-open-lightbox=\"yes\" data-elementor-lightbox-slideshow=\"d1120b5\" data-elementor-lightbox-title=\"PhotosclientssaisonEssipit2013(6)\" data-e-action-hash=\"#elementor-action%3Aaction%3Dlightbox%26settings%3DeyJpZCI6NDQxNSwidXJsIjoiaHR0cHM6XC9cL2p1bGllbm1hcmNoYWwuZnJcL3dwLWNvbnRlbnRcL3VwbG9hZHNcLzIwMjNcLzAxXC9QaG90b3NjbGllbnRzc2Fpc29uRXNzaXBpdDIwMTM2LmpwZyIsInNsaWRlc2hvdyI6ImQxMTIwYjUifQ%3D%3D\">\n\t\t\t\t\t<div class=\"e-gallery-image elementor-gallery-item__image\" data-thumbnail=\"https:\/\/julienmarchal.fr\/wp-content\/uploads\/2023\/01\/PhotosclientssaisonEssipit20136-1024x227.jpg\" data-width=\"1024\" data-height=\"227\" aria-label=\"\" role=\"img\" ><\/div>\n\t\t\t\t\t\t\t\t\t\t\t<div class=\"elementor-gallery-item__overlay\"><\/div>\n\t\t\t\t\t\t\t\t\t\t\t\t\t\t<\/a>\n\t\t\t\t\t\t\t<a class=\"e-gallery-item elementor-gallery-item elementor-animated-content\" href=\"https:\/\/julienmarchal.fr\/wp-content\/uploads\/2023\/01\/PhotosclientssaisonEssipit20137.jpg\" data-elementor-open-lightbox=\"yes\" data-elementor-lightbox-slideshow=\"d1120b5\" data-elementor-lightbox-title=\"PhotosclientssaisonEssipit2013(7)\" data-e-action-hash=\"#elementor-action%3Aaction%3Dlightbox%26settings%3DeyJpZCI6NDQxNiwidXJsIjoiaHR0cHM6XC9cL2p1bGllbm1hcmNoYWwuZnJcL3dwLWNvbnRlbnRcL3VwbG9hZHNcLzIwMjNcLzAxXC9QaG90b3NjbGllbnRzc2Fpc29uRXNzaXBpdDIwMTM3LmpwZyIsInNsaWRlc2hvdyI6ImQxMTIwYjUifQ%3D%3D\">\n\t\t\t\t\t<div class=\"e-gallery-image elementor-gallery-item__image\" data-thumbnail=\"https:\/\/julienmarchal.fr\/wp-content\/uploads\/2023\/01\/PhotosclientssaisonEssipit20137-1024x475.jpg\" data-width=\"1024\" data-height=\"475\" aria-label=\"\" role=\"img\" ><\/div>\n\t\t\t\t\t\t\t\t\t\t\t<div class=\"elementor-gallery-item__overlay\"><\/div>\n\t\t\t\t\t\t\t\t\t\t\t\t\t\t<\/a>\n\t\t\t\t\t<\/div>\n\t\t\t\t\t<\/div>\n\t\t\t\t<\/div>\n\t\t\t\t\t<\/div>\n\t\t<\/div>\n\t\t\t\t\t<\/div>\n\t\t<\/section>\n\t\t\t\t<section class=\"elementor-section elementor-top-section elementor-element elementor-element-7ee7aeb elementor-section-boxed elementor-section-height-default elementor-section-height-default\" data-id=\"7ee7aeb\" data-element_type=\"section\" data-e-type=\"section\">\n\t\t\t\t\t\t<div class=\"elementor-container elementor-column-gap-default\">\n\t\t\t\t\t<div class=\"elementor-column elementor-col-100 elementor-top-column elementor-element elementor-element-e3f329d\" data-id=\"e3f329d\" data-element_type=\"column\" data-e-type=\"column\">\n\t\t\t<div class=\"elementor-widget-wrap elementor-element-populated\">\n\t\t\t\t\t\t<div class=\"elementor-element elementor-element-4fddb7f elementor-widget elementor-widget-heading\" data-id=\"4fddb7f\" data-element_type=\"widget\" data-e-type=\"widget\" data-widget_type=\"heading.default\">\n\t\t\t\t<div class=\"elementor-widget-container\">\n\t\t\t\t\t<h2 class=\"elementor-heading-title elementor-size-default\">Rorcual com\u00fan<br>Rorcual com\u00fan (Balaenoptera physalus)<\/h2>\t\t\t\t<\/div>\n\t\t\t\t<\/div>\n\t\t\t\t<div class=\"elementor-element elementor-element-9d1de8a elementor-widget elementor-widget-heading\" data-id=\"9d1de8a\" data-element_type=\"widget\" data-e-type=\"widget\" data-widget_type=\"heading.default\">\n\t\t\t\t<div class=\"elementor-widget-container\">\n\t\t\t\t\t<p class=\"elementor-heading-title elementor-size-default\">Gracias a Christophe Guyonnet por las 7 fotos siguientes<\/p>\t\t\t\t<\/div>\n\t\t\t\t<\/div>\n\t\t\t\t<div class=\"elementor-element elementor-element-66c97b7 elementor-widget elementor-widget-gallery\" data-id=\"66c97b7\" data-element_type=\"widget\" data-e-type=\"widget\" data-settings=\"{&quot;gallery_layout&quot;:&quot;justified&quot;,&quot;gap&quot;:{&quot;unit&quot;:&quot;px&quot;,&quot;size&quot;:15,&quot;sizes&quot;:[]},&quot;lazyload&quot;:&quot;yes&quot;,&quot;ideal_row_height&quot;:{&quot;unit&quot;:&quot;px&quot;,&quot;size&quot;:200,&quot;sizes&quot;:[]},&quot;ideal_row_height_tablet&quot;:{&quot;unit&quot;:&quot;px&quot;,&quot;size&quot;:150,&quot;sizes&quot;:[]},&quot;ideal_row_height_mobile&quot;:{&quot;unit&quot;:&quot;px&quot;,&quot;size&quot;:150,&quot;sizes&quot;:[]},&quot;gap_tablet&quot;:{&quot;unit&quot;:&quot;px&quot;,&quot;size&quot;:10,&quot;sizes&quot;:[]},&quot;gap_mobile&quot;:{&quot;unit&quot;:&quot;px&quot;,&quot;size&quot;:10,&quot;sizes&quot;:[]},&quot;link_to&quot;:&quot;file&quot;,&quot;overlay_background&quot;:&quot;yes&quot;,&quot;content_hover_animation&quot;:&quot;fade-in&quot;}\" data-widget_type=\"gallery.default\">\n\t\t\t\t<div class=\"elementor-widget-container\">\n\t\t\t\t\t\t\t<div class=\"elementor-gallery__container\">\n\t\t\t\t\t\t\t<a class=\"e-gallery-item elementor-gallery-item elementor-animated-content\" href=\"https:\/\/julienmarchal.fr\/wp-content\/uploads\/2023\/01\/PhotosclientssaisonEssipit201319-scaled.jpg\" data-elementor-open-lightbox=\"yes\" data-elementor-lightbox-slideshow=\"66c97b7\" data-elementor-lightbox-title=\"PhotosclientssaisonEssipit2013(19)\" data-e-action-hash=\"#elementor-action%3Aaction%3Dlightbox%26settings%3DeyJpZCI6NDQyOCwidXJsIjoiaHR0cHM6XC9cL2p1bGllbm1hcmNoYWwuZnJcL3dwLWNvbnRlbnRcL3VwbG9hZHNcLzIwMjNcLzAxXC9QaG90b3NjbGllbnRzc2Fpc29uRXNzaXBpdDIwMTMxOS1zY2FsZWQuanBnIiwic2xpZGVzaG93IjoiNjZjOTdiNyJ9\">\n\t\t\t\t\t<div class=\"e-gallery-image elementor-gallery-item__image\" data-thumbnail=\"https:\/\/julienmarchal.fr\/wp-content\/uploads\/2023\/01\/PhotosclientssaisonEssipit201319-1024x683.jpg\" data-width=\"1024\" data-height=\"683\" aria-label=\"\" role=\"img\" ><\/div>\n\t\t\t\t\t\t\t\t\t\t\t<div class=\"elementor-gallery-item__overlay\"><\/div>\n\t\t\t\t\t\t\t\t\t\t\t\t\t\t<\/a>\n\t\t\t\t\t\t\t<a class=\"e-gallery-item elementor-gallery-item elementor-animated-content\" href=\"https:\/\/julienmarchal.fr\/wp-content\/uploads\/2023\/01\/PhotosclientssaisonEssipit201320-scaled.jpg\" data-elementor-open-lightbox=\"yes\" data-elementor-lightbox-slideshow=\"66c97b7\" data-elementor-lightbox-title=\"PhotosclientssaisonEssipit2013(20)\" data-e-action-hash=\"#elementor-action%3Aaction%3Dlightbox%26settings%3DeyJpZCI6NDQyOSwidXJsIjoiaHR0cHM6XC9cL2p1bGllbm1hcmNoYWwuZnJcL3dwLWNvbnRlbnRcL3VwbG9hZHNcLzIwMjNcLzAxXC9QaG90b3NjbGllbnRzc2Fpc29uRXNzaXBpdDIwMTMyMC1zY2FsZWQuanBnIiwic2xpZGVzaG93IjoiNjZjOTdiNyJ9\">\n\t\t\t\t\t<div class=\"e-gallery-image elementor-gallery-item__image\" data-thumbnail=\"https:\/\/julienmarchal.fr\/wp-content\/uploads\/2023\/01\/PhotosclientssaisonEssipit201320-1024x683.jpg\" data-width=\"1024\" data-height=\"683\" aria-label=\"\" role=\"img\" ><\/div>\n\t\t\t\t\t\t\t\t\t\t\t<div class=\"elementor-gallery-item__overlay\"><\/div>\n\t\t\t\t\t\t\t\t\t\t\t\t\t\t<\/a>\n\t\t\t\t\t\t\t<a class=\"e-gallery-item elementor-gallery-item elementor-animated-content\" href=\"https:\/\/julienmarchal.fr\/wp-content\/uploads\/2023\/01\/PhotosclientssaisonEssipit201321-scaled.jpg\" data-elementor-open-lightbox=\"yes\" data-elementor-lightbox-slideshow=\"66c97b7\" data-elementor-lightbox-title=\"PhotosclientssaisonEssipit2013(21)\" data-e-action-hash=\"#elementor-action%3Aaction%3Dlightbox%26settings%3DeyJpZCI6NDQzMCwidXJsIjoiaHR0cHM6XC9cL2p1bGllbm1hcmNoYWwuZnJcL3dwLWNvbnRlbnRcL3VwbG9hZHNcLzIwMjNcLzAxXC9QaG90b3NjbGllbnRzc2Fpc29uRXNzaXBpdDIwMTMyMS1zY2FsZWQuanBnIiwic2xpZGVzaG93IjoiNjZjOTdiNyJ9\">\n\t\t\t\t\t<div class=\"e-gallery-image elementor-gallery-item__image\" data-thumbnail=\"https:\/\/julienmarchal.fr\/wp-content\/uploads\/2023\/01\/PhotosclientssaisonEssipit201321-1024x683.jpg\" data-width=\"1024\" data-height=\"683\" aria-label=\"\" role=\"img\" ><\/div>\n\t\t\t\t\t\t\t\t\t\t\t<div class=\"elementor-gallery-item__overlay\"><\/div>\n\t\t\t\t\t\t\t\t\t\t\t\t\t\t<\/a>\n\t\t\t\t\t\t\t<a class=\"e-gallery-item elementor-gallery-item elementor-animated-content\" href=\"https:\/\/julienmarchal.fr\/wp-content\/uploads\/2023\/01\/PhotosclientssaisonEssipit201322-scaled.jpg\" data-elementor-open-lightbox=\"yes\" data-elementor-lightbox-slideshow=\"66c97b7\" data-elementor-lightbox-title=\"PhotosclientssaisonEssipit2013(22)\" data-e-action-hash=\"#elementor-action%3Aaction%3Dlightbox%26settings%3DeyJpZCI6NDQzMSwidXJsIjoiaHR0cHM6XC9cL2p1bGllbm1hcmNoYWwuZnJcL3dwLWNvbnRlbnRcL3VwbG9hZHNcLzIwMjNcLzAxXC9QaG90b3NjbGllbnRzc2Fpc29uRXNzaXBpdDIwMTMyMi1zY2FsZWQuanBnIiwic2xpZGVzaG93IjoiNjZjOTdiNyJ9\">\n\t\t\t\t\t<div class=\"e-gallery-image elementor-gallery-item__image\" data-thumbnail=\"https:\/\/julienmarchal.fr\/wp-content\/uploads\/2023\/01\/PhotosclientssaisonEssipit201322-1024x683.jpg\" data-width=\"1024\" data-height=\"683\" aria-label=\"\" role=\"img\" ><\/div>\n\t\t\t\t\t\t\t\t\t\t\t<div class=\"elementor-gallery-item__overlay\"><\/div>\n\t\t\t\t\t\t\t\t\t\t\t\t\t\t<\/a>\n\t\t\t\t\t\t\t<a class=\"e-gallery-item elementor-gallery-item elementor-animated-content\" href=\"https:\/\/julienmarchal.fr\/wp-content\/uploads\/2023\/01\/PhotosclientssaisonEssipit201323-scaled.jpg\" data-elementor-open-lightbox=\"yes\" data-elementor-lightbox-slideshow=\"66c97b7\" data-elementor-lightbox-title=\"PhotosclientssaisonEssipit2013(23)\" data-e-action-hash=\"#elementor-action%3Aaction%3Dlightbox%26settings%3DeyJpZCI6NDQzMiwidXJsIjoiaHR0cHM6XC9cL2p1bGllbm1hcmNoYWwuZnJcL3dwLWNvbnRlbnRcL3VwbG9hZHNcLzIwMjNcLzAxXC9QaG90b3NjbGllbnRzc2Fpc29uRXNzaXBpdDIwMTMyMy1zY2FsZWQuanBnIiwic2xpZGVzaG93IjoiNjZjOTdiNyJ9\">\n\t\t\t\t\t<div class=\"e-gallery-image elementor-gallery-item__image\" data-thumbnail=\"https:\/\/julienmarchal.fr\/wp-content\/uploads\/2023\/01\/PhotosclientssaisonEssipit201323-1024x683.jpg\" data-width=\"1024\" data-height=\"683\" aria-label=\"\" role=\"img\" ><\/div>\n\t\t\t\t\t\t\t\t\t\t\t<div class=\"elementor-gallery-item__overlay\"><\/div>\n\t\t\t\t\t\t\t\t\t\t\t\t\t\t<\/a>\n\t\t\t\t\t\t\t<a class=\"e-gallery-item elementor-gallery-item elementor-animated-content\" href=\"https:\/\/julienmarchal.fr\/wp-content\/uploads\/2023\/01\/PhotosclientssaisonEssipit201324-scaled.jpg\" data-elementor-open-lightbox=\"yes\" data-elementor-lightbox-slideshow=\"66c97b7\" data-elementor-lightbox-title=\"PhotosclientssaisonEssipit2013(24)\" data-e-action-hash=\"#elementor-action%3Aaction%3Dlightbox%26settings%3DeyJpZCI6NDQzMywidXJsIjoiaHR0cHM6XC9cL2p1bGllbm1hcmNoYWwuZnJcL3dwLWNvbnRlbnRcL3VwbG9hZHNcLzIwMjNcLzAxXC9QaG90b3NjbGllbnRzc2Fpc29uRXNzaXBpdDIwMTMyNC1zY2FsZWQuanBnIiwic2xpZGVzaG93IjoiNjZjOTdiNyJ9\">\n\t\t\t\t\t<div class=\"e-gallery-image elementor-gallery-item__image\" data-thumbnail=\"https:\/\/julienmarchal.fr\/wp-content\/uploads\/2023\/01\/PhotosclientssaisonEssipit201324-1024x683.jpg\" data-width=\"1024\" data-height=\"683\" aria-label=\"\" role=\"img\" ><\/div>\n\t\t\t\t\t\t\t\t\t\t\t<div class=\"elementor-gallery-item__overlay\"><\/div>\n\t\t\t\t\t\t\t\t\t\t\t\t\t\t<\/a>\n\t\t\t\t\t\t\t<a class=\"e-gallery-item elementor-gallery-item elementor-animated-content\" href=\"https:\/\/julienmarchal.fr\/wp-content\/uploads\/2023\/01\/PhotosclientssaisonEssipit201325-scaled.jpg\" data-elementor-open-lightbox=\"yes\" data-elementor-lightbox-slideshow=\"66c97b7\" data-elementor-lightbox-title=\"PhotosclientssaisonEssipit2013(25)\" data-e-action-hash=\"#elementor-action%3Aaction%3Dlightbox%26settings%3DeyJpZCI6NDQzNCwidXJsIjoiaHR0cHM6XC9cL2p1bGllbm1hcmNoYWwuZnJcL3dwLWNvbnRlbnRcL3VwbG9hZHNcLzIwMjNcLzAxXC9QaG90b3NjbGllbnRzc2Fpc29uRXNzaXBpdDIwMTMyNS1zY2FsZWQuanBnIiwic2xpZGVzaG93IjoiNjZjOTdiNyJ9\">\n\t\t\t\t\t<div class=\"e-gallery-image elementor-gallery-item__image\" data-thumbnail=\"https:\/\/julienmarchal.fr\/wp-content\/uploads\/2023\/01\/PhotosclientssaisonEssipit201325-1024x683.jpg\" data-width=\"1024\" data-height=\"683\" aria-label=\"\" role=\"img\" ><\/div>\n\t\t\t\t\t\t\t\t\t\t\t<div class=\"elementor-gallery-item__overlay\"><\/div>\n\t\t\t\t\t\t\t\t\t\t\t\t\t\t<\/a>\n\t\t\t\t\t<\/div>\n\t\t\t\t\t<\/div>\n\t\t\t\t<\/div>\n\t\t\t\t\t<\/div>\n\t\t<\/div>\n\t\t\t\t\t<\/div>\n\t\t<\/section>\n\t\t\t\t<section class=\"elementor-section elementor-top-section elementor-element elementor-element-b7cb3b1 elementor-section-boxed elementor-section-height-default elementor-section-height-default\" data-id=\"b7cb3b1\" data-element_type=\"section\" data-e-type=\"section\">\n\t\t\t\t\t\t<div class=\"elementor-container elementor-column-gap-default\">\n\t\t\t\t\t<div class=\"elementor-column elementor-col-100 elementor-top-column elementor-element elementor-element-7b748be\" data-id=\"7b748be\" data-element_type=\"column\" data-e-type=\"column\">\n\t\t\t<div class=\"elementor-widget-wrap elementor-element-populated\">\n\t\t\t\t\t\t<div class=\"elementor-element elementor-element-5bd0c9a elementor-widget elementor-widget-heading\" data-id=\"5bd0c9a\" data-element_type=\"widget\" data-e-type=\"widget\" data-widget_type=\"heading.default\">\n\t\t\t\t<div class=\"elementor-widget-container\">\n\t\t\t\t\t<p class=\"elementor-heading-title elementor-size-default\">Gracias jean-michel por estos<\/p>\t\t\t\t<\/div>\n\t\t\t\t<\/div>\n\t\t\t\t<div class=\"elementor-element elementor-element-b0604b8 elementor-widget elementor-widget-gallery\" data-id=\"b0604b8\" data-element_type=\"widget\" data-e-type=\"widget\" data-settings=\"{&quot;gallery_layout&quot;:&quot;justified&quot;,&quot;gap&quot;:{&quot;unit&quot;:&quot;px&quot;,&quot;size&quot;:15,&quot;sizes&quot;:[]},&quot;lazyload&quot;:&quot;yes&quot;,&quot;ideal_row_height&quot;:{&quot;unit&quot;:&quot;px&quot;,&quot;size&quot;:200,&quot;sizes&quot;:[]},&quot;ideal_row_height_tablet&quot;:{&quot;unit&quot;:&quot;px&quot;,&quot;size&quot;:150,&quot;sizes&quot;:[]},&quot;ideal_row_height_mobile&quot;:{&quot;unit&quot;:&quot;px&quot;,&quot;size&quot;:150,&quot;sizes&quot;:[]},&quot;gap_tablet&quot;:{&quot;unit&quot;:&quot;px&quot;,&quot;size&quot;:10,&quot;sizes&quot;:[]},&quot;gap_mobile&quot;:{&quot;unit&quot;:&quot;px&quot;,&quot;size&quot;:10,&quot;sizes&quot;:[]},&quot;link_to&quot;:&quot;file&quot;,&quot;overlay_background&quot;:&quot;yes&quot;,&quot;content_hover_animation&quot;:&quot;fade-in&quot;}\" data-widget_type=\"gallery.default\">\n\t\t\t\t<div class=\"elementor-widget-container\">\n\t\t\t\t\t\t\t<div class=\"elementor-gallery__container\">\n\t\t\t\t\t\t\t<a class=\"e-gallery-item elementor-gallery-item elementor-animated-content\" href=\"https:\/\/julienmarchal.fr\/wp-content\/uploads\/2023\/01\/PhotosclientssaisonEssipit201316.jpg\" data-elementor-open-lightbox=\"yes\" data-elementor-lightbox-slideshow=\"b0604b8\" data-elementor-lightbox-title=\"PhotosclientssaisonEssipit2013(16)\" data-e-action-hash=\"#elementor-action%3Aaction%3Dlightbox%26settings%3DeyJpZCI6NDQyNSwidXJsIjoiaHR0cHM6XC9cL2p1bGllbm1hcmNoYWwuZnJcL3dwLWNvbnRlbnRcL3VwbG9hZHNcLzIwMjNcLzAxXC9QaG90b3NjbGllbnRzc2Fpc29uRXNzaXBpdDIwMTMxNi5qcGciLCJzbGlkZXNob3ciOiJiMDYwNGI4In0%3D\">\n\t\t\t\t\t<div class=\"e-gallery-image elementor-gallery-item__image\" data-thumbnail=\"https:\/\/julienmarchal.fr\/wp-content\/uploads\/2023\/01\/PhotosclientssaisonEssipit201316-1024x704.jpg\" data-width=\"1024\" data-height=\"704\" aria-label=\"\" role=\"img\" ><\/div>\n\t\t\t\t\t\t\t\t\t\t\t<div class=\"elementor-gallery-item__overlay\"><\/div>\n\t\t\t\t\t\t\t\t\t\t\t\t\t\t<\/a>\n\t\t\t\t\t\t\t<a class=\"e-gallery-item elementor-gallery-item elementor-animated-content\" href=\"https:\/\/julienmarchal.fr\/wp-content\/uploads\/2023\/01\/PhotosclientssaisonEssipit201326.jpg\" data-elementor-open-lightbox=\"yes\" data-elementor-lightbox-slideshow=\"b0604b8\" data-elementor-lightbox-title=\"PhotosclientssaisonEssipit2013(26)\" data-e-action-hash=\"#elementor-action%3Aaction%3Dlightbox%26settings%3DeyJpZCI6NDQzNSwidXJsIjoiaHR0cHM6XC9cL2p1bGllbm1hcmNoYWwuZnJcL3dwLWNvbnRlbnRcL3VwbG9hZHNcLzIwMjNcLzAxXC9QaG90b3NjbGllbnRzc2Fpc29uRXNzaXBpdDIwMTMyNi5qcGciLCJzbGlkZXNob3ciOiJiMDYwNGI4In0%3D\">\n\t\t\t\t\t<div class=\"e-gallery-image elementor-gallery-item__image\" data-thumbnail=\"https:\/\/julienmarchal.fr\/wp-content\/uploads\/2023\/01\/PhotosclientssaisonEssipit201326-1024x577.jpg\" data-width=\"1024\" data-height=\"577\" aria-label=\"\" role=\"img\" ><\/div>\n\t\t\t\t\t\t\t\t\t\t\t<div class=\"elementor-gallery-item__overlay\"><\/div>\n\t\t\t\t\t\t\t\t\t\t\t\t\t\t<\/a>\n\t\t\t\t\t<\/div>\n\t\t\t\t\t<\/div>\n\t\t\t\t<\/div>\n\t\t\t\t\t<\/div>\n\t\t<\/div>\n\t\t\t\t\t<\/div>\n\t\t<\/section>\n\t\t\t\t<section class=\"elementor-section elementor-top-section elementor-element elementor-element-f5768d8 elementor-section-boxed elementor-section-height-default elementor-section-height-default\" data-id=\"f5768d8\" data-element_type=\"section\" data-e-type=\"section\">\n\t\t\t\t\t\t<div class=\"elementor-container elementor-column-gap-default\">\n\t\t\t\t\t<div class=\"elementor-column elementor-col-100 elementor-top-column elementor-element elementor-element-ca2d7af\" data-id=\"ca2d7af\" data-element_type=\"column\" data-e-type=\"column\">\n\t\t\t<div class=\"elementor-widget-wrap elementor-element-populated\">\n\t\t\t\t\t\t<div class=\"elementor-element elementor-element-9b1f255 elementor-widget elementor-widget-heading\" data-id=\"9b1f255\" data-element_type=\"widget\" data-e-type=\"widget\" data-widget_type=\"heading.default\">\n\t\t\t\t<div class=\"elementor-widget-container\">\n\t\t\t\t\t<p class=\"elementor-heading-title elementor-size-default\">El autor en acci\u00f3n, pero con el barco \"Adventure 2\": \u00a1normalmente soy el n\u00famero 7!<\/p>\t\t\t\t<\/div>\n\t\t\t\t<\/div>\n\t\t\t\t<div class=\"elementor-element elementor-element-4c77e25 elementor-widget elementor-widget-gallery\" data-id=\"4c77e25\" data-element_type=\"widget\" data-e-type=\"widget\" data-settings=\"{&quot;gallery_layout&quot;:&quot;justified&quot;,&quot;ideal_row_height&quot;:{&quot;unit&quot;:&quot;px&quot;,&quot;size&quot;:245,&quot;sizes&quot;:[]},&quot;gap&quot;:{&quot;unit&quot;:&quot;px&quot;,&quot;size&quot;:15,&quot;sizes&quot;:[]},&quot;lazyload&quot;:&quot;yes&quot;,&quot;ideal_row_height_tablet&quot;:{&quot;unit&quot;:&quot;px&quot;,&quot;size&quot;:150,&quot;sizes&quot;:[]},&quot;ideal_row_height_mobile&quot;:{&quot;unit&quot;:&quot;px&quot;,&quot;size&quot;:150,&quot;sizes&quot;:[]},&quot;gap_tablet&quot;:{&quot;unit&quot;:&quot;px&quot;,&quot;size&quot;:10,&quot;sizes&quot;:[]},&quot;gap_mobile&quot;:{&quot;unit&quot;:&quot;px&quot;,&quot;size&quot;:10,&quot;sizes&quot;:[]},&quot;link_to&quot;:&quot;file&quot;,&quot;overlay_background&quot;:&quot;yes&quot;,&quot;content_hover_animation&quot;:&quot;fade-in&quot;}\" data-widget_type=\"gallery.default\">\n\t\t\t\t<div class=\"elementor-widget-container\">\n\t\t\t\t\t\t\t<div class=\"elementor-gallery__container\">\n\t\t\t\t\t\t\t<a class=\"e-gallery-item elementor-gallery-item elementor-animated-content\" href=\"https:\/\/julienmarchal.fr\/wp-content\/uploads\/2023\/01\/PhotosclientssaisonEssipit201317-scaled.jpg\" data-elementor-open-lightbox=\"yes\" data-elementor-lightbox-slideshow=\"4c77e25\" data-elementor-lightbox-title=\"Vacances Essipit, Qc 2013\" data-e-action-hash=\"#elementor-action%3Aaction%3Dlightbox%26settings%3DeyJpZCI6NDQyNiwidXJsIjoiaHR0cHM6XC9cL2p1bGllbm1hcmNoYWwuZnJcL3dwLWNvbnRlbnRcL3VwbG9hZHNcLzIwMjNcLzAxXC9QaG90b3NjbGllbnRzc2Fpc29uRXNzaXBpdDIwMTMxNy1zY2FsZWQuanBnIiwic2xpZGVzaG93IjoiNGM3N2UyNSJ9\">\n\t\t\t\t\t<div class=\"e-gallery-image elementor-gallery-item__image\" data-thumbnail=\"https:\/\/julienmarchal.fr\/wp-content\/uploads\/2023\/01\/PhotosclientssaisonEssipit201317-1024x680.jpg\" data-width=\"1024\" data-height=\"680\" aria-label=\"\" role=\"img\" ><\/div>\n\t\t\t\t\t\t\t\t\t\t\t<div class=\"elementor-gallery-item__overlay\"><\/div>\n\t\t\t\t\t\t\t\t\t\t\t\t\t\t<\/a>\n\t\t\t\t\t\t\t<a class=\"e-gallery-item elementor-gallery-item elementor-animated-content\" href=\"https:\/\/julienmarchal.fr\/wp-content\/uploads\/2023\/01\/PhotosclientssaisonEssipit201318-scaled.jpg\" data-elementor-open-lightbox=\"yes\" data-elementor-lightbox-slideshow=\"4c77e25\" data-elementor-lightbox-title=\"DCIM100GOPRO\" data-e-action-hash=\"#elementor-action%3Aaction%3Dlightbox%26settings%3DeyJpZCI6NDQyNywidXJsIjoiaHR0cHM6XC9cL2p1bGllbm1hcmNoYWwuZnJcL3dwLWNvbnRlbnRcL3VwbG9hZHNcLzIwMjNcLzAxXC9QaG90b3NjbGllbnRzc2Fpc29uRXNzaXBpdDIwMTMxOC1zY2FsZWQuanBnIiwic2xpZGVzaG93IjoiNGM3N2UyNSJ9\">\n\t\t\t\t\t<div class=\"e-gallery-image elementor-gallery-item__image\" data-thumbnail=\"https:\/\/julienmarchal.fr\/wp-content\/uploads\/2023\/01\/PhotosclientssaisonEssipit201318-1024x768.jpg\" data-width=\"1024\" data-height=\"768\" aria-label=\"\" role=\"img\" ><\/div>\n\t\t\t\t\t\t\t\t\t\t\t<div class=\"elementor-gallery-item__overlay\"><\/div>\n\t\t\t\t\t\t\t\t\t\t\t\t\t\t<\/a>\n\t\t\t\t\t<\/div>\n\t\t\t\t\t<\/div>\n\t\t\t\t<\/div>\n\t\t\t\t\t<\/div>\n\t\t<\/div>\n\t\t\t\t\t<\/div>\n\t\t<\/section>\n\t\t\t\t<section class=\"elementor-section elementor-top-section elementor-element elementor-element-5b003ca6 elementor-section-boxed elementor-section-height-default elementor-section-height-default\" data-id=\"5b003ca6\" data-element_type=\"section\" data-e-type=\"section\">\n\t\t\t\t\t\t<div class=\"elementor-container elementor-column-gap-default\">\n\t\t\t\t\t<div class=\"elementor-column elementor-col-100 elementor-top-column elementor-element elementor-element-6380cf78\" data-id=\"6380cf78\" data-element_type=\"column\" data-e-type=\"column\">\n\t\t\t<div class=\"elementor-widget-wrap elementor-element-populated\">\n\t\t\t\t\t\t<div class=\"elementor-element elementor-element-236fb139 elementor-widget__width-initial elementor-widget elementor-widget-text-editor\" data-id=\"236fb139\" data-element_type=\"widget\" data-e-type=\"widget\" data-widget_type=\"text-editor.default\">\n\t\t\t\t<div class=\"elementor-widget-container\">\n\t\t\t\t\t\t\t\t\t<blockquote><p><span style=\"font-size: medium;\">Estas fotos son magn\u00edficas, gracias a todos.<br \/>Adi\u00f3s.<br \/><\/span><\/p><p><span style=\"font-size: large;\">Les Escoumins - Quebec, Canad\u00e1, octubre de 2013<\/span><\/p><p><cite>Julien Marchal<\/cite><\/p><\/blockquote>\t\t\t\t\t\t\t\t<\/div>\n\t\t\t\t<\/div>\n\t\t\t\t\t<\/div>\n\t\t<\/div>\n\t\t\t\t\t<\/div>\n\t\t<\/section>\n\t\t\t\t<section class=\"elementor-section elementor-top-section elementor-element elementor-element-925b2d5 elementor-section-boxed elementor-section-height-default elementor-section-height-default\" data-id=\"925b2d5\" data-element_type=\"section\" data-e-type=\"section\">\n\t\t\t\t\t\t<div class=\"elementor-container elementor-column-gap-default\">\n\t\t\t\t\t<div class=\"elementor-column elementor-col-100 elementor-top-column elementor-element elementor-element-6aa87e4\" data-id=\"6aa87e4\" data-element_type=\"column\" data-e-type=\"column\">\n\t\t\t<div class=\"elementor-widget-wrap elementor-element-populated\">\n\t\t\t\t\t\t<div class=\"elementor-element elementor-element-9e3f117 elementor-widget elementor-widget-text-editor\" data-id=\"9e3f117\" data-element_type=\"widget\" data-e-type=\"widget\" data-widget_type=\"text-editor.default\">\n\t\t\t\t<div class=\"elementor-widget-container\">\n\t\t\t\t\t\t\t\t\t<p style=\"text-align: center;\">Diario de la temporada 2010 a 2015 con Essipit Cruises - :<\/p>\t\t\t\t\t\t\t\t<\/div>\n\t\t\t\t<\/div>\n\t\t\t\t\t<\/div>\n\t\t<\/div>\n\t\t\t\t\t<\/div>\n\t\t<\/section>\n\t\t\t\t<section class=\"elementor-section elementor-top-section elementor-element elementor-element-91a0d58 elementor-section-boxed elementor-section-height-default elementor-section-height-default\" data-id=\"91a0d58\" data-element_type=\"section\" data-e-type=\"section\">\n\t\t\t\t\t\t<div class=\"elementor-container elementor-column-gap-default\">\n\t\t\t\t\t<div class=\"elementor-column elementor-col-100 elementor-top-column elementor-element elementor-element-945f093\" data-id=\"945f093\" data-element_type=\"column\" data-e-type=\"column\">\n\t\t\t<div class=\"elementor-widget-wrap elementor-element-populated\">\n\t\t\t\t\t\t<div class=\"elementor-element elementor-element-dbd93f1 elementor-widget elementor-widget-shortcode\" data-id=\"dbd93f1\" data-element_type=\"widget\" data-e-type=\"widget\" data-widget_type=\"shortcode.default\">\n\t\t\t\t<div class=\"elementor-widget-container\">\n\t\t\t\t\t\t\t<div class=\"elementor-shortcode\"><div class=\"_df_book df-container df-loading\" id=\"df_8964\"  data-title=\"journal-de-bord-2010-2015-croisieres-essipit\" _slug=\"journal-de-bord-2010-2015-croisieres-essipit\" wpoptions=\"true\" thumbtype=\"bg\" ><\/div><script class=\"df-shortcode-script\" type=\"application\/javascript\">window.option_df_8964 = {\"outline\":[],\"forceFit\":\"true\",\"autoEnableOutline\":\"false\",\"autoEnableThumbnail\":\"false\",\"overwritePDFOutline\":\"false\",\"direction\":\"1\",\"pageSize\":\"0\",\"source\":\"https:\\\/\\\/julienmarchal.fr\\\/wp-content\\\/uploads\\\/2023\\\/02\\\/JulienMarchal.JournaldeBord.Essipit.2010-2015.pdf\",\"wpOptions\":\"true\"}; if(window.DFLIP && window.DFLIP.parseBooks){window.DFLIP.parseBooks();}<\/script><\/div>\n\t\t\t\t\t\t<\/div>\n\t\t\t\t<\/div>\n\t\t\t\t\t<\/div>\n\t\t<\/div>\n\t\t\t\t\t<\/div>\n\t\t<\/section>\n\t\t\t\t<\/div>","protected":false},"excerpt":{"rendered":"<p>El 06 de octubre de 2013, termin\u00e9 mi temporada en el agua y super\u00e9 el n\u00famero de mis salidas en comparaci\u00f3n con 2012. Mi total es de 185 salidas este a\u00f1o frente a las 174 de 2012, es decir, 11 m\u00e1s.<\/p>","protected":false},"author":1,"featured_media":4431,"comment_status":"closed","ping_status":"open","sticky":false,"template":"","format":"standard","meta":{"footnotes":""},"categories":[100],"tags":[],"class_list":["post-6830","post","type-post","status-publish","format-standard","has-post-thumbnail","hentry","category-photos-clients"],"yoast_head":"<!-- This site is optimized with the Yoast SEO plugin v27.5 - https:\/\/yoast.com\/product\/yoast-seo-wordpress\/ -->\n<title>JULIEN MARCHAL &#8212; Saison 2013 au Canada (octobre 2013)<\/title>\n<meta name=\"description\" content=\"Une saison 2013 comme capitaine pour observer les mammif\u00e8res marins dans le parc marin du Saguenay-Saint-Laurent au Canada\" \/>\n<meta name=\"robots\" content=\"index, follow, max-snippet:-1, max-image-preview:large, max-video-preview:-1\" \/>\n<link rel=\"canonical\" href=\"https:\/\/julienmarchal.fr\/es\/temporada-2013-en-canada-octubre-2013\/\" \/>\n<meta property=\"og:locale\" content=\"es_ES\" \/>\n<meta property=\"og:type\" content=\"article\" \/>\n<meta property=\"og:title\" content=\"JULIEN MARCHAL &#8212; Saison 2013 au Canada (octobre 2013)\" \/>\n<meta property=\"og:description\" content=\"Une saison 2013 comme capitaine pour observer les mammif\u00e8res marins dans le parc marin du Saguenay-Saint-Laurent au Canada\" \/>\n<meta property=\"og:url\" content=\"https:\/\/julienmarchal.fr\/es\/temporada-2013-en-canada-octubre-2013\/\" \/>\n<meta property=\"og:site_name\" content=\"JULIEN MARCHAL\" \/>\n<meta property=\"article:published_time\" content=\"2013-10-02T21:11:46+00:00\" \/>\n<meta property=\"article:modified_time\" content=\"2023-03-16T14:44:33+00:00\" \/>\n<meta property=\"og:image\" content=\"https:\/\/julienmarchal.fr\/wp-content\/uploads\/2023\/01\/PhotosclientssaisonEssipit201322-scaled.jpg\" \/>\n\t<meta property=\"og:image:width\" content=\"2560\" \/>\n\t<meta property=\"og:image:height\" content=\"1707\" \/>\n\t<meta property=\"og:image:type\" content=\"image\/jpeg\" \/>\n<meta name=\"author\" content=\"Julien Marchal\" \/>\n<meta name=\"twitter:card\" content=\"summary_large_image\" \/>\n<script type=\"application\/ld+json\" class=\"yoast-schema-graph\">{\"@context\":\"https:\\\/\\\/schema.org\",\"@graph\":[{\"@type\":\"Article\",\"@id\":\"https:\\\/\\\/julienmarchal.fr\\\/saison-2013-au-canada-octobre-2013\\\/#article\",\"isPartOf\":{\"@id\":\"https:\\\/\\\/julienmarchal.fr\\\/saison-2013-au-canada-octobre-2013\\\/\"},\"author\":{\"name\":\"Julien Marchal\",\"@id\":\"https:\\\/\\\/julienmarchal.fr\\\/#\\\/schema\\\/person\\\/666ce6402da97412a4009d2891d3cc1d\"},\"headline\":\"Saison 2013 au Canada (octobre 2013)\",\"datePublished\":\"2013-10-02T21:11:46+00:00\",\"dateModified\":\"2023-03-16T14:44:33+00:00\",\"mainEntityOfPage\":{\"@id\":\"https:\\\/\\\/julienmarchal.fr\\\/saison-2013-au-canada-octobre-2013\\\/\"},\"wordCount\":239,\"publisher\":{\"@id\":\"https:\\\/\\\/julienmarchal.fr\\\/#\\\/schema\\\/person\\\/9bad5d6d81f92720eaf6c4750c93b7c5\"},\"image\":{\"@id\":\"https:\\\/\\\/julienmarchal.fr\\\/saison-2013-au-canada-octobre-2013\\\/#primaryimage\"},\"thumbnailUrl\":\"https:\\\/\\\/julienmarchal.fr\\\/wp-content\\\/uploads\\\/2023\\\/01\\\/PhotosclientssaisonEssipit201322-scaled.jpg\",\"articleSection\":[\"Photos Clients\"],\"inLanguage\":\"es\"},{\"@type\":\"WebPage\",\"@id\":\"https:\\\/\\\/julienmarchal.fr\\\/saison-2013-au-canada-octobre-2013\\\/\",\"url\":\"https:\\\/\\\/julienmarchal.fr\\\/saison-2013-au-canada-octobre-2013\\\/\",\"name\":\"JULIEN MARCHAL &#8212; Saison 2013 au Canada (octobre 2013)\",\"isPartOf\":{\"@id\":\"https:\\\/\\\/julienmarchal.fr\\\/#website\"},\"primaryImageOfPage\":{\"@id\":\"https:\\\/\\\/julienmarchal.fr\\\/saison-2013-au-canada-octobre-2013\\\/#primaryimage\"},\"image\":{\"@id\":\"https:\\\/\\\/julienmarchal.fr\\\/saison-2013-au-canada-octobre-2013\\\/#primaryimage\"},\"thumbnailUrl\":\"https:\\\/\\\/julienmarchal.fr\\\/wp-content\\\/uploads\\\/2023\\\/01\\\/PhotosclientssaisonEssipit201322-scaled.jpg\",\"datePublished\":\"2013-10-02T21:11:46+00:00\",\"dateModified\":\"2023-03-16T14:44:33+00:00\",\"description\":\"Une saison 2013 comme capitaine pour observer les mammif\u00e8res marins dans le parc marin du Saguenay-Saint-Laurent au Canada\",\"breadcrumb\":{\"@id\":\"https:\\\/\\\/julienmarchal.fr\\\/saison-2013-au-canada-octobre-2013\\\/#breadcrumb\"},\"inLanguage\":\"es\",\"potentialAction\":[{\"@type\":\"ReadAction\",\"target\":[\"https:\\\/\\\/julienmarchal.fr\\\/saison-2013-au-canada-octobre-2013\\\/\"]}]},{\"@type\":\"ImageObject\",\"inLanguage\":\"es\",\"@id\":\"https:\\\/\\\/julienmarchal.fr\\\/saison-2013-au-canada-octobre-2013\\\/#primaryimage\",\"url\":\"https:\\\/\\\/julienmarchal.fr\\\/wp-content\\\/uploads\\\/2023\\\/01\\\/PhotosclientssaisonEssipit201322-scaled.jpg\",\"contentUrl\":\"https:\\\/\\\/julienmarchal.fr\\\/wp-content\\\/uploads\\\/2023\\\/01\\\/PhotosclientssaisonEssipit201322-scaled.jpg\",\"width\":2560,\"height\":1707},{\"@type\":\"BreadcrumbList\",\"@id\":\"https:\\\/\\\/julienmarchal.fr\\\/saison-2013-au-canada-octobre-2013\\\/#breadcrumb\",\"itemListElement\":[{\"@type\":\"ListItem\",\"position\":1,\"name\":\"Accueil\",\"item\":\"https:\\\/\\\/julienmarchal.fr\\\/\"},{\"@type\":\"ListItem\",\"position\":2,\"name\":\"Saison 2013 au Canada (octobre 2013)\"}]},{\"@type\":\"WebSite\",\"@id\":\"https:\\\/\\\/julienmarchal.fr\\\/#website\",\"url\":\"https:\\\/\\\/julienmarchal.fr\\\/\",\"name\":\"JULIEN MARCHAL, Observateur de mammif\u00e8res marins\",\"description\":\"Observateur Mammif\u00e8res marins\",\"publisher\":{\"@id\":\"https:\\\/\\\/julienmarchal.fr\\\/#\\\/schema\\\/person\\\/9bad5d6d81f92720eaf6c4750c93b7c5\"},\"potentialAction\":[{\"@type\":\"SearchAction\",\"target\":{\"@type\":\"EntryPoint\",\"urlTemplate\":\"https:\\\/\\\/julienmarchal.fr\\\/?s={search_term_string}\"},\"query-input\":{\"@type\":\"PropertyValueSpecification\",\"valueRequired\":true,\"valueName\":\"search_term_string\"}}],\"inLanguage\":\"es\"},{\"@type\":[\"Person\",\"Organization\"],\"@id\":\"https:\\\/\\\/julienmarchal.fr\\\/#\\\/schema\\\/person\\\/9bad5d6d81f92720eaf6c4750c93b7c5\",\"name\":\"Julien Marchal\",\"image\":{\"@type\":\"ImageObject\",\"inLanguage\":\"es\",\"@id\":\"https:\\\/\\\/julienmarchal.fr\\\/wp-content\\\/uploads\\\/2023\\\/02\\\/julien-marchal-debuts.png\",\"url\":\"https:\\\/\\\/julienmarchal.fr\\\/wp-content\\\/uploads\\\/2023\\\/02\\\/julien-marchal-debuts.png\",\"contentUrl\":\"https:\\\/\\\/julienmarchal.fr\\\/wp-content\\\/uploads\\\/2023\\\/02\\\/julien-marchal-debuts.png\",\"width\":1239,\"height\":711,\"caption\":\"Julien Marchal\"},\"logo\":{\"@id\":\"https:\\\/\\\/julienmarchal.fr\\\/wp-content\\\/uploads\\\/2023\\\/02\\\/julien-marchal-debuts.png\"},\"sameAs\":[\"https:\\\/\\\/www.instagram.com\\\/julienligniermarchal\\\/\",\"https:\\\/\\\/www.linkedin.com\\\/in\\\/julien-lignier-marchal\\\/\"]},{\"@type\":\"Person\",\"@id\":\"https:\\\/\\\/julienmarchal.fr\\\/#\\\/schema\\\/person\\\/666ce6402da97412a4009d2891d3cc1d\",\"name\":\"Julien Marchal\",\"image\":{\"@type\":\"ImageObject\",\"inLanguage\":\"es\",\"@id\":\"https:\\\/\\\/secure.gravatar.com\\\/avatar\\\/6ce4805ac055ef813258943a238453c65fb05242d1a5b34797c8fce2407e695b?s=96&r=g\",\"url\":\"https:\\\/\\\/secure.gravatar.com\\\/avatar\\\/6ce4805ac055ef813258943a238453c65fb05242d1a5b34797c8fce2407e695b?s=96&r=g\",\"contentUrl\":\"https:\\\/\\\/secure.gravatar.com\\\/avatar\\\/6ce4805ac055ef813258943a238453c65fb05242d1a5b34797c8fce2407e695b?s=96&r=g\",\"caption\":\"Julien Marchal\"},\"sameAs\":[\"https:\\\/\\\/julienmarchal.fr\\\/dev\"]}]}<\/script>\n<!-- \/ Yoast SEO plugin. -->","yoast_head_json":{"title":"JULIEN MARCHAL - Temporada 2013 en Canad\u00e1 (octubre de 2013)","description":"Una temporada 2013 como capit\u00e1n observando mam\u00edferos marinos en el Parque Marino Saguenay-St. Lawrence de Canad\u00e1.","robots":{"index":"index","follow":"follow","max-snippet":"max-snippet:-1","max-image-preview":"max-image-preview:large","max-video-preview":"max-video-preview:-1"},"canonical":"https:\/\/julienmarchal.fr\/es\/temporada-2013-en-canada-octubre-2013\/","og_locale":"es_ES","og_type":"article","og_title":"JULIEN MARCHAL &#8212; Saison 2013 au Canada (octobre 2013)","og_description":"Une saison 2013 comme capitaine pour observer les mammif\u00e8res marins dans le parc marin du Saguenay-Saint-Laurent au Canada","og_url":"https:\/\/julienmarchal.fr\/es\/temporada-2013-en-canada-octubre-2013\/","og_site_name":"JULIEN MARCHAL","article_published_time":"2013-10-02T21:11:46+00:00","article_modified_time":"2023-03-16T14:44:33+00:00","og_image":[{"width":2560,"height":1707,"url":"https:\/\/julienmarchal.fr\/wp-content\/uploads\/2023\/01\/PhotosclientssaisonEssipit201322-scaled.jpg","type":"image\/jpeg"}],"author":"Julien Marchal","twitter_card":"summary_large_image","schema":{"@context":"https:\/\/schema.org","@graph":[{"@type":"Article","@id":"https:\/\/julienmarchal.fr\/saison-2013-au-canada-octobre-2013\/#article","isPartOf":{"@id":"https:\/\/julienmarchal.fr\/saison-2013-au-canada-octobre-2013\/"},"author":{"name":"Julien Marchal","@id":"https:\/\/julienmarchal.fr\/#\/schema\/person\/666ce6402da97412a4009d2891d3cc1d"},"headline":"Saison 2013 au Canada (octobre 2013)","datePublished":"2013-10-02T21:11:46+00:00","dateModified":"2023-03-16T14:44:33+00:00","mainEntityOfPage":{"@id":"https:\/\/julienmarchal.fr\/saison-2013-au-canada-octobre-2013\/"},"wordCount":239,"publisher":{"@id":"https:\/\/julienmarchal.fr\/#\/schema\/person\/9bad5d6d81f92720eaf6c4750c93b7c5"},"image":{"@id":"https:\/\/julienmarchal.fr\/saison-2013-au-canada-octobre-2013\/#primaryimage"},"thumbnailUrl":"https:\/\/julienmarchal.fr\/wp-content\/uploads\/2023\/01\/PhotosclientssaisonEssipit201322-scaled.jpg","articleSection":["Photos Clients"],"inLanguage":"es"},{"@type":"WebPage","@id":"https:\/\/julienmarchal.fr\/saison-2013-au-canada-octobre-2013\/","url":"https:\/\/julienmarchal.fr\/saison-2013-au-canada-octobre-2013\/","name":"JULIEN MARCHAL - Temporada 2013 en Canad\u00e1 (octubre de 2013)","isPartOf":{"@id":"https:\/\/julienmarchal.fr\/#website"},"primaryImageOfPage":{"@id":"https:\/\/julienmarchal.fr\/saison-2013-au-canada-octobre-2013\/#primaryimage"},"image":{"@id":"https:\/\/julienmarchal.fr\/saison-2013-au-canada-octobre-2013\/#primaryimage"},"thumbnailUrl":"https:\/\/julienmarchal.fr\/wp-content\/uploads\/2023\/01\/PhotosclientssaisonEssipit201322-scaled.jpg","datePublished":"2013-10-02T21:11:46+00:00","dateModified":"2023-03-16T14:44:33+00:00","description":"Una temporada 2013 como capit\u00e1n observando mam\u00edferos marinos en el Parque Marino Saguenay-St. Lawrence de Canad\u00e1.","breadcrumb":{"@id":"https:\/\/julienmarchal.fr\/saison-2013-au-canada-octobre-2013\/#breadcrumb"},"inLanguage":"es","potentialAction":[{"@type":"ReadAction","target":["https:\/\/julienmarchal.fr\/saison-2013-au-canada-octobre-2013\/"]}]},{"@type":"ImageObject","inLanguage":"es","@id":"https:\/\/julienmarchal.fr\/saison-2013-au-canada-octobre-2013\/#primaryimage","url":"https:\/\/julienmarchal.fr\/wp-content\/uploads\/2023\/01\/PhotosclientssaisonEssipit201322-scaled.jpg","contentUrl":"https:\/\/julienmarchal.fr\/wp-content\/uploads\/2023\/01\/PhotosclientssaisonEssipit201322-scaled.jpg","width":2560,"height":1707},{"@type":"BreadcrumbList","@id":"https:\/\/julienmarchal.fr\/saison-2013-au-canada-octobre-2013\/#breadcrumb","itemListElement":[{"@type":"ListItem","position":1,"name":"Accueil","item":"https:\/\/julienmarchal.fr\/"},{"@type":"ListItem","position":2,"name":"Saison 2013 au Canada (octobre 2013)"}]},{"@type":"WebSite","@id":"https:\/\/julienmarchal.fr\/#website","url":"https:\/\/julienmarchal.fr\/","name":"JULIEN MARCHAL, Observador de mam\u00edferos marinos","description":"Observador de mam\u00edferos marinos","publisher":{"@id":"https:\/\/julienmarchal.fr\/#\/schema\/person\/9bad5d6d81f92720eaf6c4750c93b7c5"},"potentialAction":[{"@type":"SearchAction","target":{"@type":"EntryPoint","urlTemplate":"https:\/\/julienmarchal.fr\/?s={search_term_string}"},"query-input":{"@type":"PropertyValueSpecification","valueRequired":true,"valueName":"search_term_string"}}],"inLanguage":"es"},{"@type":["Person","Organization"],"@id":"https:\/\/julienmarchal.fr\/#\/schema\/person\/9bad5d6d81f92720eaf6c4750c93b7c5","name":"Julien Marchal","image":{"@type":"ImageObject","inLanguage":"es","@id":"https:\/\/julienmarchal.fr\/wp-content\/uploads\/2023\/02\/julien-marchal-debuts.png","url":"https:\/\/julienmarchal.fr\/wp-content\/uploads\/2023\/02\/julien-marchal-debuts.png","contentUrl":"https:\/\/julienmarchal.fr\/wp-content\/uploads\/2023\/02\/julien-marchal-debuts.png","width":1239,"height":711,"caption":"Julien Marchal"},"logo":{"@id":"https:\/\/julienmarchal.fr\/wp-content\/uploads\/2023\/02\/julien-marchal-debuts.png"},"sameAs":["https:\/\/www.instagram.com\/julienligniermarchal\/","https:\/\/www.linkedin.com\/in\/julien-lignier-marchal\/"]},{"@type":"Person","@id":"https:\/\/julienmarchal.fr\/#\/schema\/person\/666ce6402da97412a4009d2891d3cc1d","name":"Julien Marchal","image":{"@type":"ImageObject","inLanguage":"es","@id":"https:\/\/secure.gravatar.com\/avatar\/6ce4805ac055ef813258943a238453c65fb05242d1a5b34797c8fce2407e695b?s=96&r=g","url":"https:\/\/secure.gravatar.com\/avatar\/6ce4805ac055ef813258943a238453c65fb05242d1a5b34797c8fce2407e695b?s=96&r=g","contentUrl":"https:\/\/secure.gravatar.com\/avatar\/6ce4805ac055ef813258943a238453c65fb05242d1a5b34797c8fce2407e695b?s=96&r=g","caption":"Julien Marchal"},"sameAs":["https:\/\/julienmarchal.fr\/dev"]}]}},"_links":{"self":[{"href":"https:\/\/julienmarchal.fr\/es\/wp-json\/wp\/v2\/posts\/6830","targetHints":{"allow":["GET"]}}],"collection":[{"href":"https:\/\/julienmarchal.fr\/es\/wp-json\/wp\/v2\/posts"}],"about":[{"href":"https:\/\/julienmarchal.fr\/es\/wp-json\/wp\/v2\/types\/post"}],"author":[{"embeddable":true,"href":"https:\/\/julienmarchal.fr\/es\/wp-json\/wp\/v2\/users\/1"}],"replies":[{"embeddable":true,"href":"https:\/\/julienmarchal.fr\/es\/wp-json\/wp\/v2\/comments?post=6830"}],"version-history":[{"count":0,"href":"https:\/\/julienmarchal.fr\/es\/wp-json\/wp\/v2\/posts\/6830\/revisions"}],"wp:featuredmedia":[{"embeddable":true,"href":"https:\/\/julienmarchal.fr\/es\/wp-json\/wp\/v2\/media\/4431"}],"wp:attachment":[{"href":"https:\/\/julienmarchal.fr\/es\/wp-json\/wp\/v2\/media?parent=6830"}],"wp:term":[{"taxonomy":"category","embeddable":true,"href":"https:\/\/julienmarchal.fr\/es\/wp-json\/wp\/v2\/categories?post=6830"},{"taxonomy":"post_tag","embeddable":true,"href":"https:\/\/julienmarchal.fr\/es\/wp-json\/wp\/v2\/tags?post=6830"}],"curies":[{"name":"wp","href":"https:\/\/api.w.org\/{rel}","templated":true}]}}