{"id":6443,"date":"1997-07-12T01:59:08","date_gmt":"1997-07-11T23:59:08","guid":{"rendered":"https:\/\/julienmarchal.fr\/?p=6443"},"modified":"2023-03-10T16:38:29","modified_gmt":"2023-03-10T15:38:29","slug":"condiciones-de-cautividad-en-el-delfinario-del-parque-asterix-s-o-s-grand-bleu-1997","status":"publish","type":"post","link":"https:\/\/julienmarchal.fr\/es\/les-conditions-de-captivite-au-delphinarium-du-parc-asterix-s-o-s-grand-bleu-1997\/","title":{"rendered":"Condiciones de cautividad en el delfinario del Parque Ast\u00e9rix (S.O.S Grand Bleu - 1997)"},"content":{"rendered":"<div data-elementor-type=\"wp-post\" data-elementor-id=\"6443\" class=\"elementor elementor-6443\" data-elementor-post-type=\"post\">\n\t\t\t\t\t\t<section class=\"elementor-section elementor-top-section elementor-element elementor-element-cfbd296 elementor-section-boxed elementor-section-height-default elementor-section-height-default\" data-id=\"cfbd296\" data-element_type=\"section\" data-e-type=\"section\">\n\t\t\t\t\t\t<div class=\"elementor-container elementor-column-gap-default\">\n\t\t\t\t\t<div class=\"elementor-column elementor-col-100 elementor-top-column elementor-element elementor-element-96e8dc8\" data-id=\"96e8dc8\" data-element_type=\"column\" data-e-type=\"column\">\n\t\t\t<div class=\"elementor-widget-wrap elementor-element-populated\">\n\t\t\t\t\t\t<div class=\"elementor-element elementor-element-bb1e502 elementor-widget elementor-widget-heading\" data-id=\"bb1e502\" data-element_type=\"widget\" data-e-type=\"widget\" data-widget_type=\"heading.default\">\n\t\t\t\t<div class=\"elementor-widget-container\">\n\t\t\t\t\t<h2 class=\"elementor-heading-title elementor-size-default\">Introducci\u00f3n<\/h2>\t\t\t\t<\/div>\n\t\t\t\t<\/div>\n\t\t\t\t<div class=\"elementor-element elementor-element-92c9f54 elementor-widget elementor-widget-text-editor\" data-id=\"92c9f54\" data-element_type=\"widget\" data-e-type=\"widget\" data-widget_type=\"text-editor.default\">\n\t\t\t\t<div class=\"elementor-widget-container\">\n\t\t\t\t\t\t\t\t\t<p>Necesitaba conocer las condiciones de cautiverio en un delfinario. Para poder hablar realmente de ello. Me hab\u00eda organizado para que el equipo no se enterara de nada mientras me ganaba su confianza.<br \/>Para contar la realidad de tal empresa, trabaj\u00e9 complementariamente en la ac\u00fastica y el sonar de los delfines. El trabajo realizado y los datos descubiertos durante mis pr\u00e1cticas para la observaci\u00f3n de orcas en la Columbia Brit\u00e1nica en el verano de 1997 me motivaron para continuar en este campo. Esa fue mi tapadera. Ahora todo lo que voy a decir sobre Cindy y los otros delfines est\u00e1 probado y verificado. Juzgue usted.<\/p>\t\t\t\t\t\t\t\t<\/div>\n\t\t\t\t<\/div>\n\t\t\t\t\t<\/div>\n\t\t<\/div>\n\t\t\t\t\t<\/div>\n\t\t<\/section>\n\t\t\t\t<section class=\"elementor-section elementor-top-section elementor-element elementor-element-c83bf36 elementor-section-boxed elementor-section-height-default elementor-section-height-default\" data-id=\"c83bf36\" data-element_type=\"section\" data-e-type=\"section\">\n\t\t\t\t\t\t<div class=\"elementor-container elementor-column-gap-default\">\n\t\t\t\t\t<div class=\"elementor-column elementor-col-100 elementor-top-column elementor-element elementor-element-0e05ea9\" data-id=\"0e05ea9\" data-element_type=\"column\" data-e-type=\"column\">\n\t\t\t<div class=\"elementor-widget-wrap elementor-element-populated\">\n\t\t\t\t\t\t<div class=\"elementor-element elementor-element-abb16e0 elementor-widget elementor-widget-heading\" data-id=\"abb16e0\" data-element_type=\"widget\" data-e-type=\"widget\" data-widget_type=\"heading.default\">\n\t\t\t\t<div class=\"elementor-widget-container\">\n\t\t\t\t\t<h2 class=\"elementor-heading-title elementor-size-default\">Presentaci\u00f3n de los delfines del Parque Ast\u00e9rix<\/h2>\t\t\t\t<\/div>\n\t\t\t\t<\/div>\n\t\t\t\t<div class=\"elementor-element elementor-element-e902181 elementor-widget elementor-widget-text-editor\" data-id=\"e902181\" data-element_type=\"widget\" data-e-type=\"widget\" data-widget_type=\"text-editor.default\">\n\t\t\t\t<div class=\"elementor-widget-container\">\n\t\t\t\t\t\t\t\t\t<p>Los 7 delfines del delfinario son 5 hembras y 2 machos:<\/p>\t\t\t\t\t\t\t\t<\/div>\n\t\t\t\t<\/div>\n\t\t\t\t\t<\/div>\n\t\t<\/div>\n\t\t\t\t\t<\/div>\n\t\t<\/section>\n\t\t\t\t<section class=\"elementor-section elementor-top-section elementor-element elementor-element-f1408b1 elementor-section-boxed elementor-section-height-default elementor-section-height-default\" data-id=\"f1408b1\" data-element_type=\"section\" data-e-type=\"section\">\n\t\t\t\t\t\t<div class=\"elementor-container elementor-column-gap-default\">\n\t\t\t\t\t<div class=\"elementor-column elementor-col-50 elementor-top-column elementor-element elementor-element-04610b5\" data-id=\"04610b5\" data-element_type=\"column\" data-e-type=\"column\">\n\t\t\t<div class=\"elementor-widget-wrap elementor-element-populated\">\n\t\t\t\t\t\t<div class=\"elementor-element elementor-element-98bca2b elementor-widget elementor-widget-heading\" data-id=\"98bca2b\" data-element_type=\"widget\" data-e-type=\"widget\" data-widget_type=\"heading.default\">\n\t\t\t\t<div class=\"elementor-widget-container\">\n\t\t\t\t\t<h4 class=\"elementor-heading-title elementor-size-default\">MAYA<\/h4>\t\t\t\t<\/div>\n\t\t\t\t<\/div>\n\t\t\t\t<div class=\"elementor-element elementor-element-2cb8f77 elementor-widget elementor-widget-text-editor\" data-id=\"2cb8f77\" data-element_type=\"widget\" data-e-type=\"widget\" data-widget_type=\"text-editor.default\">\n\t\t\t\t<div class=\"elementor-widget-container\">\n\t\t\t\t\t\t\t\t\t<p>Es la hembra dominante del grupo, ya que no tiene marcas en el cuerpo. Lleg\u00f3 de Cuba el 18 de junio de 1988 y parece tener 13 a\u00f1os. Ha parido 2 hembras ATHENA y AYA.<\/p>\t\t\t\t\t\t\t\t<\/div>\n\t\t\t\t<\/div>\n\t\t\t\t\t<\/div>\n\t\t<\/div>\n\t\t\t\t<div class=\"elementor-column elementor-col-50 elementor-top-column elementor-element elementor-element-d5d4a50\" data-id=\"d5d4a50\" data-element_type=\"column\" data-e-type=\"column\">\n\t\t\t<div class=\"elementor-widget-wrap elementor-element-populated\">\n\t\t\t\t\t\t<div class=\"elementor-element elementor-element-618e653 elementor-widget elementor-widget-heading\" data-id=\"618e653\" data-element_type=\"widget\" data-e-type=\"widget\" data-widget_type=\"heading.default\">\n\t\t\t\t<div class=\"elementor-widget-container\">\n\t\t\t\t\t<h3 class=\"elementor-heading-title elementor-size-default\">ATHENA<\/h3>\t\t\t\t<\/div>\n\t\t\t\t<\/div>\n\t\t\t\t<div class=\"elementor-element elementor-element-f515565 elementor-widget elementor-widget-text-editor\" data-id=\"f515565\" data-element_type=\"widget\" data-e-type=\"widget\" data-widget_type=\"text-editor.default\">\n\t\t\t\t<div class=\"elementor-widget-container\">\n\t\t\t\t\t\t\t\t\t<p>Naci\u00f3 el 28 de julio de 1993. Se parece mucho a su madre y no tiene marcas.<\/p>\t\t\t\t\t\t\t\t<\/div>\n\t\t\t\t<\/div>\n\t\t\t\t\t<\/div>\n\t\t<\/div>\n\t\t\t\t\t<\/div>\n\t\t<\/section>\n\t\t\t\t<section class=\"elementor-section elementor-top-section elementor-element elementor-element-881fb4f elementor-section-boxed elementor-section-height-default elementor-section-height-default\" data-id=\"881fb4f\" data-element_type=\"section\" data-e-type=\"section\">\n\t\t\t\t\t\t<div class=\"elementor-container elementor-column-gap-default\">\n\t\t\t\t\t<div class=\"elementor-column elementor-col-50 elementor-top-column elementor-element elementor-element-25e24d5\" data-id=\"25e24d5\" data-element_type=\"column\" data-e-type=\"column\">\n\t\t\t<div class=\"elementor-widget-wrap elementor-element-populated\">\n\t\t\t\t\t\t<div class=\"elementor-element elementor-element-27dfc8d elementor-widget elementor-widget-heading\" data-id=\"27dfc8d\" data-element_type=\"widget\" data-e-type=\"widget\" data-widget_type=\"heading.default\">\n\t\t\t\t<div class=\"elementor-widget-container\">\n\t\t\t\t\t<h3 class=\"elementor-heading-title elementor-size-default\">AYA<\/h3>\t\t\t\t<\/div>\n\t\t\t\t<\/div>\n\t\t\t\t<div class=\"elementor-element elementor-element-9b97007 elementor-widget elementor-widget-text-editor\" data-id=\"9b97007\" data-element_type=\"widget\" data-e-type=\"widget\" data-widget_type=\"text-editor.default\">\n\t\t\t\t<div class=\"elementor-widget-container\">\n\t\t\t\t\t\t\t\t\t<p>Naci\u00f3 el 4 de julio de 1996. Su tama\u00f1o es peque\u00f1o y a los 6 meses empez\u00f3 a comer pescado. Sigue amamantando a su madre y a\u00fan no participa en exhibiciones.<\/p>\t\t\t\t\t\t\t\t<\/div>\n\t\t\t\t<\/div>\n\t\t\t\t\t<\/div>\n\t\t<\/div>\n\t\t\t\t<div class=\"elementor-column elementor-col-50 elementor-top-column elementor-element elementor-element-cc11296\" data-id=\"cc11296\" data-element_type=\"column\" data-e-type=\"column\">\n\t\t\t<div class=\"elementor-widget-wrap elementor-element-populated\">\n\t\t\t\t\t\t<div class=\"elementor-element elementor-element-b65989a elementor-widget elementor-widget-heading\" data-id=\"b65989a\" data-element_type=\"widget\" data-e-type=\"widget\" data-widget_type=\"heading.default\">\n\t\t\t\t<div class=\"elementor-widget-container\">\n\t\t\t\t\t<h3 class=\"elementor-heading-title elementor-size-default\">BELLEZA<\/h3>\t\t\t\t<\/div>\n\t\t\t\t<\/div>\n\t\t\t\t<div class=\"elementor-element elementor-element-29e7bde elementor-widget elementor-widget-text-editor\" data-id=\"29e7bde\" data-element_type=\"widget\" data-e-type=\"widget\" data-widget_type=\"text-editor.default\">\n\t\t\t\t<div class=\"elementor-widget-container\">\n\t\t\t\t\t\t\t\t\t<p>Naci\u00f3 el 4 de julio de 1996. Su tama\u00f1o es peque\u00f1o y a los 6 meses empez\u00f3 a comer pescado. Sigue amamantando a su madre y a\u00fan no participa en exhibiciones.<\/p>\t\t\t\t\t\t\t\t<\/div>\n\t\t\t\t<\/div>\n\t\t\t\t\t<\/div>\n\t\t<\/div>\n\t\t\t\t\t<\/div>\n\t\t<\/section>\n\t\t\t\t<section class=\"elementor-section elementor-top-section elementor-element elementor-element-21a0227 elementor-section-boxed elementor-section-height-default elementor-section-height-default\" data-id=\"21a0227\" data-element_type=\"section\" data-e-type=\"section\">\n\t\t\t\t\t\t<div class=\"elementor-container elementor-column-gap-default\">\n\t\t\t\t\t<div class=\"elementor-column elementor-col-50 elementor-top-column elementor-element elementor-element-c4d8012\" data-id=\"c4d8012\" data-element_type=\"column\" data-e-type=\"column\">\n\t\t\t<div class=\"elementor-widget-wrap elementor-element-populated\">\n\t\t\t\t\t\t<div class=\"elementor-element elementor-element-66897e8 elementor-widget elementor-widget-heading\" data-id=\"66897e8\" data-element_type=\"widget\" data-e-type=\"widget\" data-widget_type=\"heading.default\">\n\t\t\t\t<div class=\"elementor-widget-container\">\n\t\t\t\t\t<h3 class=\"elementor-heading-title elementor-size-default\">CINDY<\/h3>\t\t\t\t<\/div>\n\t\t\t\t<\/div>\n\t\t\t\t<div class=\"elementor-element elementor-element-f812502 elementor-widget elementor-widget-text-editor\" data-id=\"f812502\" data-element_type=\"widget\" data-e-type=\"widget\" data-widget_type=\"text-editor.default\">\n\t\t\t\t<div class=\"elementor-widget-container\">\n\t\t\t\t\t\t\t\t\t<p>Estuvo en el mismo delfinario que BEAUTY y tambi\u00e9n est\u00e1 afectada por hongos cut\u00e1neos que le provocan piel en carne viva alrededor del espir\u00e1culo.<\/p>\t\t\t\t\t\t\t\t<\/div>\n\t\t\t\t<\/div>\n\t\t\t\t\t<\/div>\n\t\t<\/div>\n\t\t\t\t<div class=\"elementor-column elementor-col-50 elementor-top-column elementor-element elementor-element-4b7cac1\" data-id=\"4b7cac1\" data-element_type=\"column\" data-e-type=\"column\">\n\t\t\t<div class=\"elementor-widget-wrap elementor-element-populated\">\n\t\t\t\t\t\t<div class=\"elementor-element elementor-element-2436231 elementor-widget elementor-widget-heading\" data-id=\"2436231\" data-element_type=\"widget\" data-e-type=\"widget\" data-widget_type=\"heading.default\">\n\t\t\t\t<div class=\"elementor-widget-container\">\n\t\t\t\t\t<h3 class=\"elementor-heading-title elementor-size-default\">PICHI<\/h3>\t\t\t\t<\/div>\n\t\t\t\t<\/div>\n\t\t\t\t<div class=\"elementor-element elementor-element-c87e6d3 elementor-widget elementor-widget-text-editor\" data-id=\"c87e6d3\" data-element_type=\"widget\" data-e-type=\"widget\" data-widget_type=\"text-editor.default\">\n\t\t\t\t<div class=\"elementor-widget-container\">\n\t\t\t\t\t\t\t\t\t<p>Lleg\u00f3 al Parque el 18 de junio de 1988 procedente de Cuba y tiene aproximadamente 14 a\u00f1os. Muy recientemente recibi\u00f3 una marca de dientes de 30 cm de largo de un delf\u00edn (probablemente GUAMA). Es muy visible y est\u00e1 situada detr\u00e1s del cr\u00e1neo y a un lado. \u00a1Esto demuestra que los choques y los golpes de dientes son muy violentos!<\/p>\t\t\t\t\t\t\t\t<\/div>\n\t\t\t\t<\/div>\n\t\t\t\t\t<\/div>\n\t\t<\/div>\n\t\t\t\t\t<\/div>\n\t\t<\/section>\n\t\t\t\t<section class=\"elementor-section elementor-top-section elementor-element elementor-element-6a36f6d elementor-section-boxed elementor-section-height-default elementor-section-height-default\" data-id=\"6a36f6d\" data-element_type=\"section\" data-e-type=\"section\">\n\t\t\t\t\t\t<div class=\"elementor-container elementor-column-gap-default\">\n\t\t\t\t\t<div class=\"elementor-column elementor-col-50 elementor-top-column elementor-element elementor-element-eea10dd\" data-id=\"eea10dd\" data-element_type=\"column\" data-e-type=\"column\">\n\t\t\t<div class=\"elementor-widget-wrap elementor-element-populated\">\n\t\t\t\t\t\t<div class=\"elementor-element elementor-element-f40f1ff elementor-widget elementor-widget-heading\" data-id=\"f40f1ff\" data-element_type=\"widget\" data-e-type=\"widget\" data-widget_type=\"heading.default\">\n\t\t\t\t<div class=\"elementor-widget-container\">\n\t\t\t\t\t<h3 class=\"elementor-heading-title elementor-size-default\">GUAMA<\/h3>\t\t\t\t<\/div>\n\t\t\t\t<\/div>\n\t\t\t\t<div class=\"elementor-element elementor-element-ec9f2cf elementor-widget elementor-widget-text-editor\" data-id=\"ec9f2cf\" data-element_type=\"widget\" data-e-type=\"widget\" data-widget_type=\"text-editor.default\">\n\t\t\t\t<div class=\"elementor-widget-container\">\n\t\t\t\t\t\t\t\t\t<p>Es el segundo macho que lleg\u00f3 de Cuba el 13 de junio de 1988 y tiene unos 14 a\u00f1os. Es el delf\u00edn dominante del grupo. Tiene cicatrices en todo el cuerpo y cortes en toda la aleta caudal. \u00a0<\/p>\t\t\t\t\t\t\t\t<\/div>\n\t\t\t\t<\/div>\n\t\t\t\t\t<\/div>\n\t\t<\/div>\n\t\t\t\t<div class=\"elementor-column elementor-col-50 elementor-top-column elementor-element elementor-element-28fab71\" data-id=\"28fab71\" data-element_type=\"column\" data-e-type=\"column\">\n\t\t\t<div class=\"elementor-widget-wrap\">\n\t\t\t\t\t\t\t<\/div>\n\t\t<\/div>\n\t\t\t\t\t<\/div>\n\t\t<\/section>\n\t\t\t\t<section class=\"elementor-section elementor-top-section elementor-element elementor-element-20b6013 elementor-section-boxed elementor-section-height-default elementor-section-height-default\" data-id=\"20b6013\" data-element_type=\"section\" data-e-type=\"section\">\n\t\t\t\t\t\t<div class=\"elementor-container elementor-column-gap-default\">\n\t\t\t\t\t<div class=\"elementor-column elementor-col-100 elementor-top-column elementor-element elementor-element-acd07e7\" data-id=\"acd07e7\" data-element_type=\"column\" data-e-type=\"column\">\n\t\t\t<div class=\"elementor-widget-wrap elementor-element-populated\">\n\t\t\t\t\t\t<div class=\"elementor-element elementor-element-bcfd9d6 elementor-widget elementor-widget-heading\" data-id=\"bcfd9d6\" data-element_type=\"widget\" data-e-type=\"widget\" data-widget_type=\"heading.default\">\n\t\t\t\t<div class=\"elementor-widget-container\">\n\t\t\t\t\t<h2 class=\"elementor-heading-title elementor-size-default\">DESCRIPCI\u00d3N DEL DELFINARIO<\/h2>\t\t\t\t<\/div>\n\t\t\t\t<\/div>\n\t\t\t\t<div class=\"elementor-element elementor-element-3d5ee94 elementor-widget elementor-widget-text-editor\" data-id=\"3d5ee94\" data-element_type=\"widget\" data-e-type=\"widget\" data-widget_type=\"text-editor.default\">\n\t\t\t\t<div class=\"elementor-widget-container\">\n\t\t\t\t\t\t\t\t\t<p>La superficie total de las cuencas (cuenca principal, cuenca hospitalaria y cuencas de cuarentena) es de 1044,5 m2 para un volumen de agua de 34.000 hectolitros. La cantidad de sal necesaria para obtener una salinidad equivalente a la del medio marino es de 100 toneladas.<\/p><p>La piscina tiene 45 metros de largo y 17,5 metros de ancho. La profundidad es de 4,5 metros en los puntos m\u00e1s hondos y de 2,5 metros en los m\u00e1s estrechos. La temperatura del agua es de 12\u00b0 en invierno y 26\u00b0 en verano. Esta diferencia de temperatura se debe a la pol\u00edtica de ahorro energ\u00e9tico del personal.<\/p>\t\t\t\t\t\t\t\t<\/div>\n\t\t\t\t<\/div>\n\t\t\t\t\t<\/div>\n\t\t<\/div>\n\t\t\t\t\t<\/div>\n\t\t<\/section>\n\t\t\t\t<section class=\"elementor-section elementor-top-section elementor-element elementor-element-3b12dd6 elementor-section-boxed elementor-section-height-default elementor-section-height-default\" data-id=\"3b12dd6\" data-element_type=\"section\" data-e-type=\"section\">\n\t\t\t\t\t\t<div class=\"elementor-container elementor-column-gap-default\">\n\t\t\t\t\t<div class=\"elementor-column elementor-col-100 elementor-top-column elementor-element elementor-element-a76d711\" data-id=\"a76d711\" data-element_type=\"column\" data-e-type=\"column\">\n\t\t\t<div class=\"elementor-widget-wrap elementor-element-populated\">\n\t\t\t\t\t\t<div class=\"elementor-element elementor-element-a4ef102 elementor-widget elementor-widget-heading\" data-id=\"a4ef102\" data-element_type=\"widget\" data-e-type=\"widget\" data-widget_type=\"heading.default\">\n\t\t\t\t<div class=\"elementor-widget-container\">\n\t\t\t\t\t<h2 class=\"elementor-heading-title elementor-size-default\">LOS DIFERENTES PRODUCTOS QU\u00cdMICOS UTILIZADOS<\/h2>\t\t\t\t<\/div>\n\t\t\t\t<\/div>\n\t\t\t\t<div class=\"elementor-element elementor-element-8bda4f6 elementor-widget elementor-widget-text-editor\" data-id=\"8bda4f6\" data-element_type=\"widget\" data-e-type=\"widget\" data-widget_type=\"text-editor.default\">\n\t\t\t\t<div class=\"elementor-widget-container\">\n\t\t\t\t\t\t\t\t\t<p><span style=\"font-size: medium;\">A la salida de los filtros, se a\u00f1adir\u00e1n los siguientes productos:<br \/>NACL o cloruro s\u00f3dico<br \/>ALSO4 o sulfato de al\u00famina, como floculante y para bajar el PH<br \/>NAOH o sosa para aumentar el PH<br \/>HCL o \u00e1cido clorh\u00eddrico para regular el PH<br \/>NAOCL o hipoclorito de sodio CUSO4 o sulfato de cobre, como alguicida, para controlar el crecimiento de algas. <\/span><\/p>\t\t\t\t\t\t\t\t<\/div>\n\t\t\t\t<\/div>\n\t\t\t\t\t<\/div>\n\t\t<\/div>\n\t\t\t\t\t<\/div>\n\t\t<\/section>\n\t\t\t\t<section class=\"elementor-section elementor-top-section elementor-element elementor-element-1932831 elementor-section-boxed elementor-section-height-default elementor-section-height-default\" data-id=\"1932831\" data-element_type=\"section\" data-e-type=\"section\">\n\t\t\t\t\t\t<div class=\"elementor-container elementor-column-gap-default\">\n\t\t\t\t\t<div class=\"elementor-column elementor-col-100 elementor-top-column elementor-element elementor-element-9cfd503\" data-id=\"9cfd503\" data-element_type=\"column\" data-e-type=\"column\">\n\t\t\t<div class=\"elementor-widget-wrap elementor-element-populated\">\n\t\t\t\t\t\t<div class=\"elementor-element elementor-element-b4eb9d6 elementor-widget elementor-widget-heading\" data-id=\"b4eb9d6\" data-element_type=\"widget\" data-e-type=\"widget\" data-widget_type=\"heading.default\">\n\t\t\t\t<div class=\"elementor-widget-container\">\n\t\t\t\t\t<h2 class=\"elementor-heading-title elementor-size-default\">COMIDA Y ENTRETENIMIENTO<\/h2>\t\t\t\t<\/div>\n\t\t\t\t<\/div>\n\t\t\t\t<div class=\"elementor-element elementor-element-7376aa3 elementor-widget elementor-widget-text-editor\" data-id=\"7376aa3\" data-element_type=\"widget\" data-e-type=\"widget\" data-widget_type=\"text-editor.default\">\n\t\t\t\t<div class=\"elementor-widget-container\">\n\t\t\t\t\t\t\t\t\t<p>Se ve que hacen falta muchos productos qu\u00edmicos t\u00f3xicos para conseguir una buena calidad del agua, o al menos acercarse a ella. Pero lo que m\u00e1s me llama la atenci\u00f3n es la cantidad de cloro que se utiliza contra las bacterias que pueden da\u00f1ar a los delfines. Es muy f\u00e1cil darse cuenta de ello cuando se est\u00e1 cerca de la piscina porque el cloro tiene un olor particular. Por no hablar de los litros que se utilizan cada d\u00eda para limpiar la cocina y las principales playas. Cuando pienso que se trata de cloro puro, un estudio del subsuelo mostrar\u00eda un nivel extraordinario de contaminaci\u00f3n qu\u00edmica.<\/p><p>Los delfines comen pescado descongelado: capel\u00e1n, arenque, caballa (a veces en un estado deplorable). Como la descongelaci\u00f3n provoca la p\u00e9rdida de vitaminas esenciales para la salud de los delfines, el primer pescado del d\u00eda se enriquece con vitaminas. Un d\u00eda sin espect\u00e1culo incluye cuatro comidas diarias, con dos libres y dos aderezos. Cuando el parque est\u00e1 abierto, los espect\u00e1culos var\u00edan de dos a seis al d\u00eda, m\u00e1s un curso de entrenamiento matinal.<br \/>As\u00ed, en un d\u00eda completo, puede haber seis espect\u00e1culos y una clase \"educativa\": un total de 7 actuaciones de payasos. El espect\u00e1culo es realmente rid\u00edculo. El presentador habla muy alto por el micr\u00f3fono y pide al p\u00fablico que grite y aplauda. Durante un acto, se lanzan globos al agua para que los delfines jueguen al \"f\u00fatbol\".<br \/>Y al p\u00fablico le encanta...<\/p><p>A menudo se dice que los delfines son libres de comportarse como quieran, pero no es cierto. Si no hacen el ejercicio deseado durante un espect\u00e1culo, no se les alimenta. Esa es la realidad.<\/p><p>El delfinario tiene capacidad para 3000 personas. Es una actividad rentable y esencial porque 80% de los visitantes vienen a ver a los delfines. Durante un espect\u00e1culo educativo, PICHI, AMAYA y GUAMA no quisieron trabajar. El animador dijo que los machos estaban en pleno desfile amoroso (\u00a1buena idea porque los delfines hacen el amor todo el tiempo!) y prefer\u00edan cortejar a las hembras que \"jugar\". Evidentemente, esto no es cierto.<\/p><p>El d\u00eda anterior los veterinarios vacunaron y advirtieron que necesitaban unos d\u00edas para recuperarse. Bonita mentira verdad - Para terminar sobre el espect\u00e1culo, es una verdadera verg\u00fcenza tratar as\u00ed a los animales y enga\u00f1ar tanto al p\u00fablico. Hay que ver un espect\u00e1culo como este y darse cuenta de lo est\u00fapidos que somos los humanos en relaci\u00f3n con los delfines.<span style=\"font-size: medium;\"><\/span><\/p>\t\t\t\t\t\t\t\t<\/div>\n\t\t\t\t<\/div>\n\t\t\t\t\t<\/div>\n\t\t<\/div>\n\t\t\t\t\t<\/div>\n\t\t<\/section>\n\t\t\t\t<section class=\"elementor-section elementor-top-section elementor-element elementor-element-5a73fdc elementor-section-boxed elementor-section-height-default elementor-section-height-default\" data-id=\"5a73fdc\" data-element_type=\"section\" data-e-type=\"section\">\n\t\t\t\t\t\t<div class=\"elementor-container elementor-column-gap-default\">\n\t\t\t\t\t<div class=\"elementor-column elementor-col-100 elementor-top-column elementor-element elementor-element-4578e40\" data-id=\"4578e40\" data-element_type=\"column\" data-e-type=\"column\">\n\t\t\t<div class=\"elementor-widget-wrap elementor-element-populated\">\n\t\t\t\t\t\t<div class=\"elementor-element elementor-element-8dd46ac elementor-widget elementor-widget-heading\" data-id=\"8dd46ac\" data-element_type=\"widget\" data-e-type=\"widget\" data-widget_type=\"heading.default\">\n\t\t\t\t<div class=\"elementor-widget-container\">\n\t\t\t\t\t<h2 class=\"elementor-heading-title elementor-size-default\">VETERINARIOS Y CONTROLES M\u00c9DICOS<\/h2>\t\t\t\t<\/div>\n\t\t\t\t<\/div>\n\t\t\t\t<div class=\"elementor-element elementor-element-4cb40fa elementor-widget elementor-widget-text-editor\" data-id=\"4cb40fa\" data-element_type=\"widget\" data-e-type=\"widget\" data-widget_type=\"text-editor.default\">\n\t\t\t\t<div class=\"elementor-widget-container\">\n\t\t\t\t\t\t\t\t\t<p>Tres veterinarios se ocupan de los delfines. El jefe del equipo es el Sr. TAYLOR. Es conocido en todo el mundo por su experiencia con los delfines. Su trayectoria \"profesional\" debe analizarse con detenimiento.<br \/>Cada mes aproximadamente, los veterinarios toman muestras de sangre. El m\u00e9todo habitual y deseado por este veterinario consiste en aislar a unos cuantos delfines en el \"tanque hospital\" y vaciarlo de agua. A continuaci\u00f3n, los entrenadores sujetan firmemente la cola y todo el cuerpo. El delf\u00edn no debe moverse.<\/p><p>Son liberados cuando todos los delfines han pasado el examen m\u00e9dico. He presenciado una de estas pr\u00e1cticas y puedo asegurar que los delfines est\u00e1n totalmente estresados. Un movimiento involuntario (o voluntario) empuja al delf\u00edn de al lado y as\u00ed sucesivamente. <br \/>No hay posibilidad de escapar. El veterinario tarda unos 20 minutos en terminar y luego el tanque se llena. O\u00ed a un delf\u00edn emitir un sonido horrible por el espir\u00e1culo y golpear violentamente la cola para expresar su deseo de escapar. Fue horrible.\u00a0<\/p><p>Consegu\u00ed sacar algunas fotos de este m\u00e9todo a pesar de la prohibici\u00f3n del equipo. El Sr. TAYLOR siempre ha practicado este m\u00e9todo porque los delfines est\u00e1n acostumbrados a \u00e9l. Pero \u00a1qu\u00e9 costumbre!<\/p><p>Si al cabo de los a\u00f1os los delfines parecen m\u00e1s tranquilos (\u00a1confirmado por un miembro del equipo!), \u00a1c\u00f3mo debi\u00f3 de ser al principio!<br \/>El segundo veterinario es de la misma opini\u00f3n. Lleva a\u00f1os proponiendo que se acostumbre a los delfines a un \"entrenamiento m\u00e9dico\". Es decir, a presentar la cola en el borde del tanque, panza arriba, para tomar la muestra de sangre. Es evidente que este m\u00e9todo es menos estresante que el primero. El parque est\u00e1 adoptando progresivamente este m\u00e9todo (4 delfines en total: PICHI, GUAMA, CINDY y BEAUTY), pero ha ocurrido que un delf\u00edn no desee mostrar la cola y se vea obligado a someterse al \"tanque hospital\".<\/p><p>En cualquier caso, el delf\u00edn no tendr\u00e1 elecci\u00f3n.<\/p><p>Hubo una seria discusi\u00f3n entre el director del delfinario y los dos veterinarios sobre c\u00f3mo proceder. Mientras tanto, cada uno hace lo que quiere. El tercer veterinario era un ayudante. Sobre las tres muertes en el delfinario, consegui hacer fotocopias de las autopsias hechas por el Sr.TAYLOR.<\/p><p>Ver\u00e1 que las mentiras y la falta de detalles sobre estos delfines son ampliamente explicadas por el \"gran veterinario\". \u00a1Los resultados son sorprendentes! \u00a0<\/p>\t\t\t\t\t\t\t\t<\/div>\n\t\t\t\t<\/div>\n\t\t\t\t\t<\/div>\n\t\t<\/div>\n\t\t\t\t\t<\/div>\n\t\t<\/section>\n\t\t\t\t<section class=\"elementor-section elementor-top-section elementor-element elementor-element-d0b7def elementor-section-boxed elementor-section-height-default elementor-section-height-default\" data-id=\"d0b7def\" data-element_type=\"section\" data-e-type=\"section\">\n\t\t\t\t\t\t<div class=\"elementor-container elementor-column-gap-default\">\n\t\t\t\t\t<div class=\"elementor-column elementor-col-100 elementor-top-column elementor-element elementor-element-e23ca63\" data-id=\"e23ca63\" data-element_type=\"column\" data-e-type=\"column\">\n\t\t\t<div class=\"elementor-widget-wrap elementor-element-populated\">\n\t\t\t\t\t\t<div class=\"elementor-element elementor-element-66f9f03 elementor-widget elementor-widget-heading\" data-id=\"66f9f03\" data-element_type=\"widget\" data-e-type=\"widget\" data-widget_type=\"heading.default\">\n\t\t\t\t<div class=\"elementor-widget-container\">\n\t\t\t\t\t<h2 class=\"elementor-heading-title elementor-size-default\">EL CASO DE CINDY<\/h2>\t\t\t\t<\/div>\n\t\t\t\t<\/div>\n\t\t\t\t<div class=\"elementor-element elementor-element-7a508a5 elementor-widget elementor-widget-text-editor\" data-id=\"7a508a5\" data-element_type=\"widget\" data-e-type=\"widget\" data-widget_type=\"text-editor.default\">\n\t\t\t\t<div class=\"elementor-widget-container\">\n\t\t\t\t\t\t\t\t\t<p align=\"left\"><span style=\"font-size: medium;\">Su caso es horrible.<br \/>Lleg\u00f3 de Alemania (con BEAUTY) con infecciones \"dentro\" y \"alrededor\" del espir\u00e1culo. Son los hongos de la piel que le dan el color rosado al respiradero. El personal me asegur\u00f3 que ya las ten\u00eda antes de venir aqu\u00ed. Como estuvo 14 a\u00f1os cautiva en Alemania en un delfinario en condiciones deplorables y en un tanque rid\u00edculo (he visto las fotos), es muy posible que las cogiera all\u00ed.<\/span><\/p><p align=\"left\"><span style=\"font-size: medium;\"><br \/>Ahora no tiene, afortunadamente. Su comportamiento es indicativo de estr\u00e9s causado por el aislamiento. Va por la piscina saltando violentamente y nadie sabe por qu\u00e9. Lo mas dramatico es que a menudo se queda sola en un rincon de la piscina, aislada de los demas (o con BEAUTY), emitiendo un sonido por su espir\u00e1culo.<\/span><\/p><p align=\"left\"><span style=\"font-size: medium;\"><br \/>Es un llanto horrible y estridente que entristece a todo el mundo. Ning\u00fan veterinario sabe exactamente qu\u00e9 le pasa. Parece estar da\u00f1ada f\u00edsica y mentalmente.<\/span><\/p><p align=\"left\"><span style=\"font-size: medium;\">Recientemente ha tenido que ser aislada durante 4 meses seguidos para ponerle una inyecci\u00f3n destinada a aumentar su recuento de gl\u00f3bulos rojos: padece anemia. Todo el mundo est\u00e1 acostumbrado a verla as\u00ed desde hace a\u00f1os y los veterinarios intentan en vano averiguar qu\u00e9 le pasa. A\u00fan no se ha encontrado ninguna respuesta. En conclusi\u00f3n, pido la rehabilitaci\u00f3n pura y simple de CINDY con su amiga desde el principio: BELLEZA.<\/span><\/p><p align=\"left\"><span style=\"font-size: medium;\"><br \/>No s\u00e9 si podremos encontrar a su grupo original, pero a pesar de su edad y de su comportamiento (todo parece normal durante el espect\u00e1culo), que es preocupante, tenemos que darnos cuenta de que necesita ayuda externa y un primer paso en un tanque semicautivo le ayudar\u00eda psicol\u00f3gicamente. <\/span><\/p>\t\t\t\t\t\t\t\t<\/div>\n\t\t\t\t<\/div>\n\t\t\t\t\t<\/div>\n\t\t<\/div>\n\t\t\t\t\t<\/div>\n\t\t<\/section>\n\t\t\t\t<section class=\"elementor-section elementor-top-section elementor-element elementor-element-2acc916 elementor-section-boxed elementor-section-height-default elementor-section-height-default\" data-id=\"2acc916\" data-element_type=\"section\" data-e-type=\"section\">\n\t\t\t\t\t\t<div class=\"elementor-container elementor-column-gap-default\">\n\t\t\t\t\t<div class=\"elementor-column elementor-col-100 elementor-top-column elementor-element elementor-element-bb5058b\" data-id=\"bb5058b\" data-element_type=\"column\" data-e-type=\"column\">\n\t\t\t<div class=\"elementor-widget-wrap elementor-element-populated\">\n\t\t\t\t\t\t<div class=\"elementor-element elementor-element-57acecf elementor-widget elementor-widget-heading\" data-id=\"57acecf\" data-element_type=\"widget\" data-e-type=\"widget\" data-widget_type=\"heading.default\">\n\t\t\t\t<div class=\"elementor-widget-container\">\n\t\t\t\t\t<h2 class=\"elementor-heading-title elementor-size-default\">LOS CICATRICES<\/h2>\t\t\t\t<\/div>\n\t\t\t\t<\/div>\n\t\t\t\t<div class=\"elementor-element elementor-element-cee4158 elementor-widget elementor-widget-text-editor\" data-id=\"cee4158\" data-element_type=\"widget\" data-e-type=\"widget\" data-widget_type=\"text-editor.default\">\n\t\t\t\t<div class=\"elementor-widget-container\">\n\t\t\t\t\t\t\t\t\t<p>Cuando empec\u00e9 a mediados de septiembre, nunca pens\u00e9 que ver\u00eda un aumento de cicatrices en dos meses. Efectivamente, CINDY, GUAMA y PICHI son los que m\u00e1s marcas tienen. GUAMA, adem\u00e1s de su caudal totalmente cortada y sus numerosas cicatrices causadas por PICHI, acaba de tener un corte profundo, justo delante de su caudal, y en su vientre (una cicatriz de 10cm de ancho por 30cm de largo, como \"garras\"). Se le ha administrado una gran cantidad de pastillas antiinfecciosas durante varios d\u00edas.<\/p><p>PICHI tiene una enorme cicatriz en la nuca en mitad del curso. CINDY, ya descontenta, tiene una cicatriz en el sexo. Todas estas cicatrices se tratan con aerosol azul \"TERRAMYCIN\" para calmar la herida. Pero esto es in\u00fatil. En cuanto el delf\u00edn vuelve a sumergirse, el color azul desaparece y nada parece curarse. Un miembro del equipo y un veterinario me confirmaron que el spray era in\u00fatil, pero no pudieron encontrar nada m\u00e1s. Los delfines han experimentado un aumento de cicatrices en 2 meses sin poder curarlas. \u00a1Juzgue usted!<\/p><p>Obviamente, el mayor estr\u00e9s del cautiverio es una muy buena raz\u00f3n, pero que nadie diga que esto es una prueba de la jerarqu\u00eda del grupo.<\/p>\t\t\t\t\t\t\t\t<\/div>\n\t\t\t\t<\/div>\n\t\t\t\t\t<\/div>\n\t\t<\/div>\n\t\t\t\t\t<\/div>\n\t\t<\/section>\n\t\t\t\t<section class=\"elementor-section elementor-top-section elementor-element elementor-element-db30229 elementor-section-boxed elementor-section-height-default elementor-section-height-default\" data-id=\"db30229\" data-element_type=\"section\" data-e-type=\"section\">\n\t\t\t\t\t\t<div class=\"elementor-container elementor-column-gap-default\">\n\t\t\t\t\t<div class=\"elementor-column elementor-col-100 elementor-top-column elementor-element elementor-element-c480c44\" data-id=\"c480c44\" data-element_type=\"column\" data-e-type=\"column\">\n\t\t\t<div class=\"elementor-widget-wrap elementor-element-populated\">\n\t\t\t\t\t\t<div class=\"elementor-element elementor-element-d105b24 elementor-widget elementor-widget-image\" data-id=\"d105b24\" data-element_type=\"widget\" data-e-type=\"widget\" data-widget_type=\"image.default\">\n\t\t\t\t<div class=\"elementor-widget-container\">\n\t\t\t\t\t\t\t\t\t\t\t\t\t\t\t<img decoding=\"async\" width=\"251\" height=\"164\" src=\"https:\/\/julienmarchal.fr\/wp-content\/uploads\/2023\/01\/aquarium1.jpg\" class=\"attachment-full size-full wp-image-3812\" alt=\"\" \/>\t\t\t\t\t\t\t\t\t\t\t\t\t\t\t<\/div>\n\t\t\t\t<\/div>\n\t\t\t\t\t<\/div>\n\t\t<\/div>\n\t\t\t\t\t<\/div>\n\t\t<\/section>\n\t\t\t\t<section class=\"elementor-section elementor-top-section elementor-element elementor-element-72c6c63 elementor-section-boxed elementor-section-height-default elementor-section-height-default\" data-id=\"72c6c63\" data-element_type=\"section\" data-e-type=\"section\">\n\t\t\t\t\t\t<div class=\"elementor-container elementor-column-gap-default\">\n\t\t\t\t\t<div class=\"elementor-column elementor-col-100 elementor-top-column elementor-element elementor-element-f4e0a4c\" data-id=\"f4e0a4c\" data-element_type=\"column\" data-e-type=\"column\">\n\t\t\t<div class=\"elementor-widget-wrap elementor-element-populated\">\n\t\t\t\t\t\t<div class=\"elementor-element elementor-element-8779c34 elementor-widget elementor-widget-heading\" data-id=\"8779c34\" data-element_type=\"widget\" data-e-type=\"widget\" data-widget_type=\"heading.default\">\n\t\t\t\t<div class=\"elementor-widget-container\">\n\t\t\t\t\t<h4 class=\"elementor-heading-title elementor-size-default\">Otros ejemplos<\/h4>\t\t\t\t<\/div>\n\t\t\t\t<\/div>\n\t\t\t\t<div class=\"elementor-element elementor-element-32635ae elementor-widget elementor-widget-text-editor\" data-id=\"32635ae\" data-element_type=\"widget\" data-e-type=\"widget\" data-widget_type=\"text-editor.default\">\n\t\t\t\t<div class=\"elementor-widget-container\">\n\t\t\t\t\t\t\t\t\t<p>En este p\u00e1rrafo mencionar\u00e9 otros hechos importantes que he conocido:<\/p><p>Alg\u00fan tiempo despu\u00e9s de nacer AYA, su madre, AMAYA, dej\u00f3 de alimentarla durante diez d\u00edas.<\/p><p>AMAYA no se encontraba nada bien, estaba cada vez m\u00e1s delgada y d\u00e9bil f\u00edsicamente. Deber\u00edan haberle colocado una sonda para alimentarla, pero no lo hicieron.<br \/>Los an\u00e1lisis de sangre no mostraron nada y los veterinarios nunca supieron qu\u00e9 hab\u00eda tenido. Durante estos diez d\u00edas, fue BEAUTY quien aliment\u00f3 a AYA con su leche, que hab\u00eda quedado inservible desde la muerte de su cachorro.<\/p><p>Durante la temporada, innumerables personas pasan por la pasarela para observar a los delfines. Las manos que se deslizan sobre las ventanas y los golpes (junto con los gritos constantes) crean un verdadero estr\u00e9s para los delfines. La prueba est\u00e1 en el informe sobre la evaluaci\u00f3n de los niveles de sonido y ultrasonidos en la piscina de delfines realizado por el Dr. CLAUDY y el Dr. Albi DZIEDZIC. (no se adjunta en este sitio, por favor pregunte al autor).<\/p><p>Este informe muestra muy claramente el ruido fuera del tanque y los autores creen que las bombas internas no afectan a los delfines. Adem\u00e1s, durante el espect\u00e1culo se utilizan silbatos agudos todos los d\u00edas, incluso cuando el parque est\u00e1 cerrado. \u00a1Las 3.000 personas que hay en el delfinario tampoco mejoran el ruido!<\/p><p>Afortunadamente, el parque est\u00e1 cerrado 5 meses al a\u00f1o, a diferencia de Marineland d'Antibes, que permanece abierto todo el a\u00f1o. Ya he visto a los delfines alejarse de las piscinas laterales, bajo las gradas, lejos del p\u00fablico para permanecer tranquilos (excepto AYA, que tiene miedo de meterse ah\u00ed debajo).<\/p><p>El delfinario hab\u00eda organizado una conferencia con todos los responsables de delfinarios de Europa y de algunos pa\u00edses lejanos. Desgraciadamente, no pude asistir, pero sab\u00eda que iban a intercambiar continuamente informaci\u00f3n sobre el cuidado de los delfines con las asociaciones contra la cautividad.<br \/>Todos est\u00e1n bajo el paraguas de SEAWORLD y llevan con orgullo la marca.<\/p><p>Los locales del delfinario se encuentran en un estado deplorable: la pintura se est\u00e1 descascarillando, hay grietas por todas partes, agujeros en el techo, \u00f3xido que avanza lentamente, en fin, no hay obras previstas hasta la fecha a pesar de las protestas del equipo.<\/p><p>A menudo se olvida a los dos leones marinos en un tanque junto a los delfines. Existe un verdadero tr\u00e1fico nacional e internacional de estos animales porque no est\u00e1n protegidos. Me parece vergonzoso. En el delfinario, las aletas de los leones marinos se han quemado por el abuso del cloro utilizado para limpiar las playas. No hay ninguna mejora de las aletas a la vista.<\/p>\t\t\t\t\t\t\t\t<\/div>\n\t\t\t\t<\/div>\n\t\t\t\t\t<\/div>\n\t\t<\/div>\n\t\t\t\t\t<\/div>\n\t\t<\/section>\n\t\t\t\t<section class=\"elementor-section elementor-top-section elementor-element elementor-element-2206b1b elementor-section-boxed elementor-section-height-default elementor-section-height-default\" data-id=\"2206b1b\" data-element_type=\"section\" data-e-type=\"section\">\n\t\t\t\t\t\t<div class=\"elementor-container elementor-column-gap-default\">\n\t\t\t\t\t<div class=\"elementor-column elementor-col-100 elementor-top-column elementor-element elementor-element-813cfeb\" data-id=\"813cfeb\" data-element_type=\"column\" data-e-type=\"column\">\n\t\t\t<div class=\"elementor-widget-wrap elementor-element-populated\">\n\t\t\t\t\t\t<div class=\"elementor-element elementor-element-4d731b1 elementor-widget elementor-widget-heading\" data-id=\"4d731b1\" data-element_type=\"widget\" data-e-type=\"widget\" data-widget_type=\"heading.default\">\n\t\t\t\t<div class=\"elementor-widget-container\">\n\t\t\t\t\t<h2 class=\"elementor-heading-title elementor-size-default\">Conclusi\u00f3n<\/h2>\t\t\t\t<\/div>\n\t\t\t\t<\/div>\n\t\t\t\t<div class=\"elementor-element elementor-element-e1677c8 elementor-widget elementor-widget-text-editor\" data-id=\"e1677c8\" data-element_type=\"widget\" data-e-type=\"widget\" data-widget_type=\"text-editor.default\">\n\t\t\t\t<div class=\"elementor-widget-container\">\n\t\t\t\t\t\t\t\t\t<p>No lo voy a negar, CINDY me hizo doler el coraz\u00f3n, junto con todo lo dem\u00e1s. Para calmar la infecci\u00f3n de su espir\u00e1culo, tenemos que introducirle pomada con los dedos. Recientemente, el an\u00e1lisis de sangre no mostr\u00f3 ning\u00fan aumento de gl\u00f3bulos rojos. Todas las noches se lanzan juguetes al tanque para entretener a los delfines y CINDY lleva consigo un aro negro del que nunca se separa. Es su \"doudou\".<\/p><p>Aqu\u00ed todo el mundo critica la rehabilitaci\u00f3n por varios motivos. El delf\u00edn tiene pocas posibilidades de volver a su grupo original, corre el riesgo de transmitir bacterias, depende de los humanos, etc. Todo ello para justificar el cautiverio. Pero no hay que olvidar la maldad de los delfines. He visto a un delf\u00edn golpear con el pico la ventana del pasillo. Por no hablar de los n\u00fameros de circo que cambian constantemente para la nueva temporada (veremos en el anexo a qu\u00e9 est\u00e1 obligado GUAMA).<br \/>Pero sin duda, las condiciones no son tan malas como en otros delfinarios y el tanque no parece tan peque\u00f1o.<\/p><p>Cuando te das cuenta de que los \u00fanicos d\u00edas festivos para los delfines son el d\u00eda de Navidad y el de A\u00f1o Nuevo, puedo asegurarte que luchar\u00e9 contra esta realidad durante el resto de mi vida. Espero haber dejado claro de qu\u00e9 va realmente este delfinario.<br \/>A pesar de ello, los ni\u00f1os que presenciaron el espect\u00e1culo y las cartas enviadas al delfinario se est\u00e1n dando cuenta poco a poco de la verdad. Lo espero de todo coraz\u00f3n.<\/p>\t\t\t\t\t\t\t\t<\/div>\n\t\t\t\t<\/div>\n\t\t\t\t\t<\/div>\n\t\t<\/div>\n\t\t\t\t\t<\/div>\n\t\t<\/section>\n\t\t\t\t<section class=\"elementor-section elementor-top-section elementor-element elementor-element-7fff4486 elementor-section-boxed elementor-section-height-default elementor-section-height-default\" data-id=\"7fff4486\" data-element_type=\"section\" data-e-type=\"section\">\n\t\t\t\t\t\t<div class=\"elementor-container elementor-column-gap-default\">\n\t\t\t\t\t<div class=\"elementor-column elementor-col-100 elementor-top-column elementor-element elementor-element-7ee9bc69\" data-id=\"7ee9bc69\" data-element_type=\"column\" data-e-type=\"column\">\n\t\t\t<div class=\"elementor-widget-wrap elementor-element-populated\">\n\t\t\t\t\t\t<div class=\"elementor-element elementor-element-3c4bcf81 elementor-widget__width-initial elementor-widget elementor-widget-text-editor\" data-id=\"3c4bcf81\" data-element_type=\"widget\" data-e-type=\"widget\" data-widget_type=\"text-editor.default\">\n\t\t\t\t<div class=\"elementor-widget-container\">\n\t\t\t\t\t\t\t\t\t<blockquote><p><span style=\"font-size: medium;\">Estudio realizado de septiembre a noviembre de 1997<\/span><span style=\"font-size: large;\"><\/span><\/p><p><cite>por Julien Marchal<\/cite><\/p><\/blockquote>\t\t\t\t\t\t\t\t<\/div>\n\t\t\t\t<\/div>\n\t\t\t\t\t<\/div>\n\t\t<\/div>\n\t\t\t\t\t<\/div>\n\t\t<\/section>\n\t\t\t\t<\/div>","protected":false},"excerpt":{"rendered":"<p>Necesitaba conocer las condiciones de cautividad en un delfinario. Para poder hablar realmente de ello. Me hab\u00eda organizado para que el equipo no se enterara de nada y, al mismo tiempo, ganarme su confianza.<br \/>\nPara contar la historia real de semejante empresa, trabaj\u00e9 en la ac\u00fastica y el sonar de los delfines. <\/p>","protected":false},"author":1,"featured_media":6457,"comment_status":"closed","ping_status":"open","sticky":false,"template":"","format":"standard","meta":{"footnotes":""},"categories":[4],"tags":[],"class_list":["post-6443","post","type-post","status-publish","format-standard","has-post-thumbnail","hentry","category-articles-publies-sur-les-cetaces"],"yoast_head":"<!-- This site is optimized with the Yoast SEO plugin v27.3 - https:\/\/yoast.com\/product\/yoast-seo-wordpress\/ -->\n<title>JULIEN MARCHAL &#8212; Les conditions de captivit\u00e9 au delphinarium du Parc Asterix (S.O.S Grand Bleu - 1997)<\/title>\n<meta name=\"description\" content=\"Les conditions de captivit\u00e9 des grands dauphins et otaries dans le delphinarium du Parc Ast\u00e9rix en France\" \/>\n<meta name=\"robots\" content=\"index, follow, max-snippet:-1, max-image-preview:large, max-video-preview:-1\" \/>\n<link rel=\"canonical\" href=\"https:\/\/julienmarchal.fr\/es\/condiciones-de-cautividad-en-el-delfinario-del-parque-asterix-s-o-s-grand-bleu-1997\/\" \/>\n<meta property=\"og:locale\" content=\"es_ES\" \/>\n<meta property=\"og:type\" content=\"article\" \/>\n<meta property=\"og:title\" content=\"JULIEN MARCHAL &#8212; Les conditions de captivit\u00e9 au delphinarium du Parc Asterix (S.O.S Grand Bleu - 1997)\" \/>\n<meta property=\"og:description\" content=\"Les conditions de captivit\u00e9 des grands dauphins et otaries dans le delphinarium du Parc Ast\u00e9rix en France\" \/>\n<meta property=\"og:url\" content=\"https:\/\/julienmarchal.fr\/es\/condiciones-de-cautividad-en-el-delfinario-del-parque-asterix-s-o-s-grand-bleu-1997\/\" \/>\n<meta property=\"og:site_name\" content=\"JULIEN MARCHAL\" \/>\n<meta property=\"article:published_time\" content=\"1997-07-11T23:59:08+00:00\" \/>\n<meta property=\"article:modified_time\" content=\"2023-03-10T15:38:29+00:00\" \/>\n<meta property=\"og:image\" content=\"https:\/\/julienmarchal.fr\/wp-content\/uploads\/1997\/07\/dauphins-parc-asterix-scaled.jpg\" \/>\n\t<meta property=\"og:image:width\" content=\"2560\" \/>\n\t<meta property=\"og:image:height\" content=\"1919\" \/>\n\t<meta property=\"og:image:type\" content=\"image\/jpeg\" \/>\n<meta name=\"author\" content=\"Julien Marchal\" \/>\n<meta name=\"twitter:card\" content=\"summary_large_image\" \/>\n<script type=\"application\/ld+json\" class=\"yoast-schema-graph\">{\"@context\":\"https:\\\/\\\/schema.org\",\"@graph\":[{\"@type\":\"Article\",\"@id\":\"https:\\\/\\\/julienmarchal.fr\\\/les-conditions-de-captivite-au-delphinarium-du-parc-asterix-s-o-s-grand-bleu-1997\\\/#article\",\"isPartOf\":{\"@id\":\"https:\\\/\\\/julienmarchal.fr\\\/les-conditions-de-captivite-au-delphinarium-du-parc-asterix-s-o-s-grand-bleu-1997\\\/\"},\"author\":{\"name\":\"Julien Marchal\",\"@id\":\"https:\\\/\\\/julienmarchal.fr\\\/#\\\/schema\\\/person\\\/666ce6402da97412a4009d2891d3cc1d\"},\"headline\":\"Les conditions de captivit\u00e9 au delphinarium du Parc Asterix (S.O.S Grand Bleu &#8211; 1997)\",\"datePublished\":\"1997-07-11T23:59:08+00:00\",\"dateModified\":\"2023-03-10T15:38:29+00:00\",\"mainEntityOfPage\":{\"@id\":\"https:\\\/\\\/julienmarchal.fr\\\/les-conditions-de-captivite-au-delphinarium-du-parc-asterix-s-o-s-grand-bleu-1997\\\/\"},\"wordCount\":2898,\"publisher\":{\"@id\":\"https:\\\/\\\/julienmarchal.fr\\\/#\\\/schema\\\/person\\\/9bad5d6d81f92720eaf6c4750c93b7c5\"},\"image\":{\"@id\":\"https:\\\/\\\/julienmarchal.fr\\\/les-conditions-de-captivite-au-delphinarium-du-parc-asterix-s-o-s-grand-bleu-1997\\\/#primaryimage\"},\"thumbnailUrl\":\"https:\\\/\\\/julienmarchal.fr\\\/wp-content\\\/uploads\\\/1997\\\/07\\\/dauphins-parc-asterix-scaled.jpg\",\"articleSection\":[\"Articles publi\u00e9s sur les c\u00e9tac\u00e9s\"],\"inLanguage\":\"es\"},{\"@type\":\"WebPage\",\"@id\":\"https:\\\/\\\/julienmarchal.fr\\\/les-conditions-de-captivite-au-delphinarium-du-parc-asterix-s-o-s-grand-bleu-1997\\\/\",\"url\":\"https:\\\/\\\/julienmarchal.fr\\\/les-conditions-de-captivite-au-delphinarium-du-parc-asterix-s-o-s-grand-bleu-1997\\\/\",\"name\":\"JULIEN MARCHAL &#8212; Les conditions de captivit\u00e9 au delphinarium du Parc Asterix (S.O.S Grand Bleu - 1997)\",\"isPartOf\":{\"@id\":\"https:\\\/\\\/julienmarchal.fr\\\/#website\"},\"primaryImageOfPage\":{\"@id\":\"https:\\\/\\\/julienmarchal.fr\\\/les-conditions-de-captivite-au-delphinarium-du-parc-asterix-s-o-s-grand-bleu-1997\\\/#primaryimage\"},\"image\":{\"@id\":\"https:\\\/\\\/julienmarchal.fr\\\/les-conditions-de-captivite-au-delphinarium-du-parc-asterix-s-o-s-grand-bleu-1997\\\/#primaryimage\"},\"thumbnailUrl\":\"https:\\\/\\\/julienmarchal.fr\\\/wp-content\\\/uploads\\\/1997\\\/07\\\/dauphins-parc-asterix-scaled.jpg\",\"datePublished\":\"1997-07-11T23:59:08+00:00\",\"dateModified\":\"2023-03-10T15:38:29+00:00\",\"description\":\"Les conditions de captivit\u00e9 des grands dauphins et otaries dans le delphinarium du Parc Ast\u00e9rix en France\",\"breadcrumb\":{\"@id\":\"https:\\\/\\\/julienmarchal.fr\\\/les-conditions-de-captivite-au-delphinarium-du-parc-asterix-s-o-s-grand-bleu-1997\\\/#breadcrumb\"},\"inLanguage\":\"es\",\"potentialAction\":[{\"@type\":\"ReadAction\",\"target\":[\"https:\\\/\\\/julienmarchal.fr\\\/les-conditions-de-captivite-au-delphinarium-du-parc-asterix-s-o-s-grand-bleu-1997\\\/\"]}]},{\"@type\":\"ImageObject\",\"inLanguage\":\"es\",\"@id\":\"https:\\\/\\\/julienmarchal.fr\\\/les-conditions-de-captivite-au-delphinarium-du-parc-asterix-s-o-s-grand-bleu-1997\\\/#primaryimage\",\"url\":\"https:\\\/\\\/julienmarchal.fr\\\/wp-content\\\/uploads\\\/1997\\\/07\\\/dauphins-parc-asterix-scaled.jpg\",\"contentUrl\":\"https:\\\/\\\/julienmarchal.fr\\\/wp-content\\\/uploads\\\/1997\\\/07\\\/dauphins-parc-asterix-scaled.jpg\",\"width\":2560,\"height\":1919},{\"@type\":\"BreadcrumbList\",\"@id\":\"https:\\\/\\\/julienmarchal.fr\\\/les-conditions-de-captivite-au-delphinarium-du-parc-asterix-s-o-s-grand-bleu-1997\\\/#breadcrumb\",\"itemListElement\":[{\"@type\":\"ListItem\",\"position\":1,\"name\":\"Accueil\",\"item\":\"https:\\\/\\\/julienmarchal.fr\\\/\"},{\"@type\":\"ListItem\",\"position\":2,\"name\":\"Les conditions de captivit\u00e9 au delphinarium du Parc Asterix (S.O.S Grand Bleu &#8211; 1997)\"}]},{\"@type\":\"WebSite\",\"@id\":\"https:\\\/\\\/julienmarchal.fr\\\/#website\",\"url\":\"https:\\\/\\\/julienmarchal.fr\\\/\",\"name\":\"JULIEN MARCHAL, Observateur de mammif\u00e8res marins\",\"description\":\"Observateur Mammif\u00e8res marins\",\"publisher\":{\"@id\":\"https:\\\/\\\/julienmarchal.fr\\\/#\\\/schema\\\/person\\\/9bad5d6d81f92720eaf6c4750c93b7c5\"},\"potentialAction\":[{\"@type\":\"SearchAction\",\"target\":{\"@type\":\"EntryPoint\",\"urlTemplate\":\"https:\\\/\\\/julienmarchal.fr\\\/?s={search_term_string}\"},\"query-input\":{\"@type\":\"PropertyValueSpecification\",\"valueRequired\":true,\"valueName\":\"search_term_string\"}}],\"inLanguage\":\"es\"},{\"@type\":[\"Person\",\"Organization\"],\"@id\":\"https:\\\/\\\/julienmarchal.fr\\\/#\\\/schema\\\/person\\\/9bad5d6d81f92720eaf6c4750c93b7c5\",\"name\":\"Julien Marchal\",\"image\":{\"@type\":\"ImageObject\",\"inLanguage\":\"es\",\"@id\":\"https:\\\/\\\/julienmarchal.fr\\\/wp-content\\\/uploads\\\/2023\\\/02\\\/julien-marchal-debuts.png\",\"url\":\"https:\\\/\\\/julienmarchal.fr\\\/wp-content\\\/uploads\\\/2023\\\/02\\\/julien-marchal-debuts.png\",\"contentUrl\":\"https:\\\/\\\/julienmarchal.fr\\\/wp-content\\\/uploads\\\/2023\\\/02\\\/julien-marchal-debuts.png\",\"width\":1239,\"height\":711,\"caption\":\"Julien Marchal\"},\"logo\":{\"@id\":\"https:\\\/\\\/julienmarchal.fr\\\/wp-content\\\/uploads\\\/2023\\\/02\\\/julien-marchal-debuts.png\"},\"sameAs\":[\"https:\\\/\\\/www.instagram.com\\\/julienligniermarchal\\\/\",\"https:\\\/\\\/www.linkedin.com\\\/in\\\/julien-lignier-marchal\\\/\"]},{\"@type\":\"Person\",\"@id\":\"https:\\\/\\\/julienmarchal.fr\\\/#\\\/schema\\\/person\\\/666ce6402da97412a4009d2891d3cc1d\",\"name\":\"Julien Marchal\",\"image\":{\"@type\":\"ImageObject\",\"inLanguage\":\"es\",\"@id\":\"https:\\\/\\\/secure.gravatar.com\\\/avatar\\\/6ce4805ac055ef813258943a238453c65fb05242d1a5b34797c8fce2407e695b?s=96&r=g\",\"url\":\"https:\\\/\\\/secure.gravatar.com\\\/avatar\\\/6ce4805ac055ef813258943a238453c65fb05242d1a5b34797c8fce2407e695b?s=96&r=g\",\"contentUrl\":\"https:\\\/\\\/secure.gravatar.com\\\/avatar\\\/6ce4805ac055ef813258943a238453c65fb05242d1a5b34797c8fce2407e695b?s=96&r=g\",\"caption\":\"Julien Marchal\"},\"sameAs\":[\"https:\\\/\\\/julienmarchal.fr\\\/dev\"]}]}<\/script>\n<!-- \/ Yoast SEO plugin. -->","yoast_head_json":{"title":"JULIEN MARCHAL - Condiciones de cautividad en el delfinario del Parque Ast\u00e9rix (S.O.S Grand Bleu - 1997)","description":"Condiciones de cautividad de los delfines mulares y los leones marinos en el delfinario del Parque Ast\u00e9rix en Francia","robots":{"index":"index","follow":"follow","max-snippet":"max-snippet:-1","max-image-preview":"max-image-preview:large","max-video-preview":"max-video-preview:-1"},"canonical":"https:\/\/julienmarchal.fr\/es\/condiciones-de-cautividad-en-el-delfinario-del-parque-asterix-s-o-s-grand-bleu-1997\/","og_locale":"es_ES","og_type":"article","og_title":"JULIEN MARCHAL &#8212; Les conditions de captivit\u00e9 au delphinarium du Parc Asterix (S.O.S Grand Bleu - 1997)","og_description":"Les conditions de captivit\u00e9 des grands dauphins et otaries dans le delphinarium du Parc Ast\u00e9rix en France","og_url":"https:\/\/julienmarchal.fr\/es\/condiciones-de-cautividad-en-el-delfinario-del-parque-asterix-s-o-s-grand-bleu-1997\/","og_site_name":"JULIEN MARCHAL","article_published_time":"1997-07-11T23:59:08+00:00","article_modified_time":"2023-03-10T15:38:29+00:00","og_image":[{"width":2560,"height":1919,"url":"https:\/\/julienmarchal.fr\/wp-content\/uploads\/1997\/07\/dauphins-parc-asterix-scaled.jpg","type":"image\/jpeg"}],"author":"Julien Marchal","twitter_card":"summary_large_image","schema":{"@context":"https:\/\/schema.org","@graph":[{"@type":"Article","@id":"https:\/\/julienmarchal.fr\/les-conditions-de-captivite-au-delphinarium-du-parc-asterix-s-o-s-grand-bleu-1997\/#article","isPartOf":{"@id":"https:\/\/julienmarchal.fr\/les-conditions-de-captivite-au-delphinarium-du-parc-asterix-s-o-s-grand-bleu-1997\/"},"author":{"name":"Julien Marchal","@id":"https:\/\/julienmarchal.fr\/#\/schema\/person\/666ce6402da97412a4009d2891d3cc1d"},"headline":"Les conditions de captivit\u00e9 au delphinarium du Parc Asterix (S.O.S Grand Bleu &#8211; 1997)","datePublished":"1997-07-11T23:59:08+00:00","dateModified":"2023-03-10T15:38:29+00:00","mainEntityOfPage":{"@id":"https:\/\/julienmarchal.fr\/les-conditions-de-captivite-au-delphinarium-du-parc-asterix-s-o-s-grand-bleu-1997\/"},"wordCount":2898,"publisher":{"@id":"https:\/\/julienmarchal.fr\/#\/schema\/person\/9bad5d6d81f92720eaf6c4750c93b7c5"},"image":{"@id":"https:\/\/julienmarchal.fr\/les-conditions-de-captivite-au-delphinarium-du-parc-asterix-s-o-s-grand-bleu-1997\/#primaryimage"},"thumbnailUrl":"https:\/\/julienmarchal.fr\/wp-content\/uploads\/1997\/07\/dauphins-parc-asterix-scaled.jpg","articleSection":["Articles publi\u00e9s sur les c\u00e9tac\u00e9s"],"inLanguage":"es"},{"@type":"WebPage","@id":"https:\/\/julienmarchal.fr\/les-conditions-de-captivite-au-delphinarium-du-parc-asterix-s-o-s-grand-bleu-1997\/","url":"https:\/\/julienmarchal.fr\/les-conditions-de-captivite-au-delphinarium-du-parc-asterix-s-o-s-grand-bleu-1997\/","name":"JULIEN MARCHAL - Condiciones de cautividad en el delfinario del Parque Ast\u00e9rix (S.O.S Grand Bleu - 1997)","isPartOf":{"@id":"https:\/\/julienmarchal.fr\/#website"},"primaryImageOfPage":{"@id":"https:\/\/julienmarchal.fr\/les-conditions-de-captivite-au-delphinarium-du-parc-asterix-s-o-s-grand-bleu-1997\/#primaryimage"},"image":{"@id":"https:\/\/julienmarchal.fr\/les-conditions-de-captivite-au-delphinarium-du-parc-asterix-s-o-s-grand-bleu-1997\/#primaryimage"},"thumbnailUrl":"https:\/\/julienmarchal.fr\/wp-content\/uploads\/1997\/07\/dauphins-parc-asterix-scaled.jpg","datePublished":"1997-07-11T23:59:08+00:00","dateModified":"2023-03-10T15:38:29+00:00","description":"Condiciones de cautividad de los delfines mulares y los leones marinos en el delfinario del Parque Ast\u00e9rix en Francia","breadcrumb":{"@id":"https:\/\/julienmarchal.fr\/les-conditions-de-captivite-au-delphinarium-du-parc-asterix-s-o-s-grand-bleu-1997\/#breadcrumb"},"inLanguage":"es","potentialAction":[{"@type":"ReadAction","target":["https:\/\/julienmarchal.fr\/les-conditions-de-captivite-au-delphinarium-du-parc-asterix-s-o-s-grand-bleu-1997\/"]}]},{"@type":"ImageObject","inLanguage":"es","@id":"https:\/\/julienmarchal.fr\/les-conditions-de-captivite-au-delphinarium-du-parc-asterix-s-o-s-grand-bleu-1997\/#primaryimage","url":"https:\/\/julienmarchal.fr\/wp-content\/uploads\/1997\/07\/dauphins-parc-asterix-scaled.jpg","contentUrl":"https:\/\/julienmarchal.fr\/wp-content\/uploads\/1997\/07\/dauphins-parc-asterix-scaled.jpg","width":2560,"height":1919},{"@type":"BreadcrumbList","@id":"https:\/\/julienmarchal.fr\/les-conditions-de-captivite-au-delphinarium-du-parc-asterix-s-o-s-grand-bleu-1997\/#breadcrumb","itemListElement":[{"@type":"ListItem","position":1,"name":"Accueil","item":"https:\/\/julienmarchal.fr\/"},{"@type":"ListItem","position":2,"name":"Les conditions de captivit\u00e9 au delphinarium du Parc Asterix (S.O.S Grand Bleu &#8211; 1997)"}]},{"@type":"WebSite","@id":"https:\/\/julienmarchal.fr\/#website","url":"https:\/\/julienmarchal.fr\/","name":"JULIEN MARCHAL, Observador de mam\u00edferos marinos","description":"Observador de mam\u00edferos marinos","publisher":{"@id":"https:\/\/julienmarchal.fr\/#\/schema\/person\/9bad5d6d81f92720eaf6c4750c93b7c5"},"potentialAction":[{"@type":"SearchAction","target":{"@type":"EntryPoint","urlTemplate":"https:\/\/julienmarchal.fr\/?s={search_term_string}"},"query-input":{"@type":"PropertyValueSpecification","valueRequired":true,"valueName":"search_term_string"}}],"inLanguage":"es"},{"@type":["Person","Organization"],"@id":"https:\/\/julienmarchal.fr\/#\/schema\/person\/9bad5d6d81f92720eaf6c4750c93b7c5","name":"Julien Marchal","image":{"@type":"ImageObject","inLanguage":"es","@id":"https:\/\/julienmarchal.fr\/wp-content\/uploads\/2023\/02\/julien-marchal-debuts.png","url":"https:\/\/julienmarchal.fr\/wp-content\/uploads\/2023\/02\/julien-marchal-debuts.png","contentUrl":"https:\/\/julienmarchal.fr\/wp-content\/uploads\/2023\/02\/julien-marchal-debuts.png","width":1239,"height":711,"caption":"Julien Marchal"},"logo":{"@id":"https:\/\/julienmarchal.fr\/wp-content\/uploads\/2023\/02\/julien-marchal-debuts.png"},"sameAs":["https:\/\/www.instagram.com\/julienligniermarchal\/","https:\/\/www.linkedin.com\/in\/julien-lignier-marchal\/"]},{"@type":"Person","@id":"https:\/\/julienmarchal.fr\/#\/schema\/person\/666ce6402da97412a4009d2891d3cc1d","name":"Julien Marchal","image":{"@type":"ImageObject","inLanguage":"es","@id":"https:\/\/secure.gravatar.com\/avatar\/6ce4805ac055ef813258943a238453c65fb05242d1a5b34797c8fce2407e695b?s=96&r=g","url":"https:\/\/secure.gravatar.com\/avatar\/6ce4805ac055ef813258943a238453c65fb05242d1a5b34797c8fce2407e695b?s=96&r=g","contentUrl":"https:\/\/secure.gravatar.com\/avatar\/6ce4805ac055ef813258943a238453c65fb05242d1a5b34797c8fce2407e695b?s=96&r=g","caption":"Julien Marchal"},"sameAs":["https:\/\/julienmarchal.fr\/dev"]}]}},"_links":{"self":[{"href":"https:\/\/julienmarchal.fr\/es\/wp-json\/wp\/v2\/posts\/6443","targetHints":{"allow":["GET"]}}],"collection":[{"href":"https:\/\/julienmarchal.fr\/es\/wp-json\/wp\/v2\/posts"}],"about":[{"href":"https:\/\/julienmarchal.fr\/es\/wp-json\/wp\/v2\/types\/post"}],"author":[{"embeddable":true,"href":"https:\/\/julienmarchal.fr\/es\/wp-json\/wp\/v2\/users\/1"}],"replies":[{"embeddable":true,"href":"https:\/\/julienmarchal.fr\/es\/wp-json\/wp\/v2\/comments?post=6443"}],"version-history":[{"count":0,"href":"https:\/\/julienmarchal.fr\/es\/wp-json\/wp\/v2\/posts\/6443\/revisions"}],"wp:featuredmedia":[{"embeddable":true,"href":"https:\/\/julienmarchal.fr\/es\/wp-json\/wp\/v2\/media\/6457"}],"wp:attachment":[{"href":"https:\/\/julienmarchal.fr\/es\/wp-json\/wp\/v2\/media?parent=6443"}],"wp:term":[{"taxonomy":"category","embeddable":true,"href":"https:\/\/julienmarchal.fr\/es\/wp-json\/wp\/v2\/categories?post=6443"},{"taxonomy":"post_tag","embeddable":true,"href":"https:\/\/julienmarchal.fr\/es\/wp-json\/wp\/v2\/tags?post=6443"}],"curies":[{"name":"wp","href":"https:\/\/api.w.org\/{rel}","templated":true}]}}