{"id":6391,"date":"2000-05-09T01:15:51","date_gmt":"2000-05-08T23:15:51","guid":{"rendered":"https:\/\/julienmarchal.fr\/?p=6391"},"modified":"2023-03-09T09:49:45","modified_gmt":"2023-03-09T08:49:45","slug":"analisis-y-resumen-del-estudio-realizado-entre-tadoussac-grandes-bergeronnes-y-les-escoumins","status":"publish","type":"post","link":"https:\/\/julienmarchal.fr\/es\/analyse-et-synthese-detude-effectuee-entre-tadoussac-grandes-bergeronnes-et-les-escoumins\/","title":{"rendered":"An\u00e1lisis y s\u00edntesis del estudio realizado entre Tadoussac, Grandes-Bergeronnes y Les Escoumins"},"content":{"rendered":"<div data-elementor-type=\"wp-post\" data-elementor-id=\"6391\" class=\"elementor elementor-6391\" data-elementor-post-type=\"post\">\n\t\t\t\t\t\t<section class=\"elementor-section elementor-top-section elementor-element elementor-element-b364d16 elementor-section-boxed elementor-section-height-default elementor-section-height-default\" data-id=\"b364d16\" data-element_type=\"section\" data-e-type=\"section\">\n\t\t\t\t\t\t<div class=\"elementor-container elementor-column-gap-default\">\n\t\t\t\t\t<div class=\"elementor-column elementor-col-100 elementor-top-column elementor-element elementor-element-25cd9b3\" data-id=\"25cd9b3\" data-element_type=\"column\" data-e-type=\"column\">\n\t\t\t<div class=\"elementor-widget-wrap elementor-element-populated\">\n\t\t\t\t\t\t<div class=\"elementor-element elementor-element-4d2dec3 elementor-widget elementor-widget-text-editor\" data-id=\"4d2dec3\" data-element_type=\"widget\" data-e-type=\"widget\" data-widget_type=\"text-editor.default\">\n\t\t\t\t<div class=\"elementor-widget-container\">\n\t\t\t\t\t\t\t\t\t<p>El r\u00edo San Lorenzo y la desembocadura del r\u00edo Saguenay son un lugar propicio para el encuentro con las ballenas. Desde hace muchos a\u00f1os eligen este lugar para alimentarse y engordar antes de volver a emigrar en invierno. La oceanograf\u00eda del r\u00edo permite una importante concentraci\u00f3n de plancton, que choca en un talud en la desembocadura del r\u00edo Saguenay, frente a Tadoussac. En 1998 se cre\u00f3 el Parque Marino de Saguenay-Saint-Laurent, que engloba Grandes-Bergeronnes, Tadoussac y Les Escoumins.<\/p>\t\t\t\t\t\t\t\t<\/div>\n\t\t\t\t<\/div>\n\t\t\t\t<section class=\"elementor-section elementor-inner-section elementor-element elementor-element-d79e5cb elementor-section-content-middle elementor-section-boxed elementor-section-height-default elementor-section-height-default\" data-id=\"d79e5cb\" data-element_type=\"section\" data-e-type=\"section\">\n\t\t\t\t\t\t<div class=\"elementor-container elementor-column-gap-no\">\n\t\t\t\t\t<div class=\"elementor-column elementor-col-50 elementor-inner-column elementor-element elementor-element-247c560\" data-id=\"247c560\" data-element_type=\"column\" data-e-type=\"column\">\n\t\t\t<div class=\"elementor-widget-wrap elementor-element-populated\">\n\t\t\t\t\t\t<div class=\"elementor-element elementor-element-11a0db7 elementor-widget elementor-widget-image\" data-id=\"11a0db7\" data-element_type=\"widget\" data-e-type=\"widget\" data-widget_type=\"image.default\">\n\t\t\t\t<div class=\"elementor-widget-container\">\n\t\t\t\t\t\t\t\t\t\t\t\t\t\t\t<img decoding=\"async\" width=\"217\" height=\"144\" src=\"https:\/\/julienmarchal.fr\/wp-content\/uploads\/2023\/01\/canada12.jpg\" class=\"attachment-large size-large wp-image-3981\" alt=\"\" \/>\t\t\t\t\t\t\t\t\t\t\t\t\t\t\t<\/div>\n\t\t\t\t<\/div>\n\t\t\t\t\t<\/div>\n\t\t<\/div>\n\t\t\t\t<div class=\"elementor-column elementor-col-50 elementor-inner-column elementor-element elementor-element-c25b904\" data-id=\"c25b904\" data-element_type=\"column\" data-e-type=\"column\">\n\t\t\t<div class=\"elementor-widget-wrap elementor-element-populated\">\n\t\t\t\t\t\t<div class=\"elementor-element elementor-element-b4d1e61 elementor-widget elementor-widget-text-editor\" data-id=\"b4d1e61\" data-element_type=\"widget\" data-e-type=\"widget\" data-widget_type=\"text-editor.default\">\n\t\t\t\t<div class=\"elementor-widget-container\">\n\t\t\t\t\t\t\t\t\t<p>Aqu\u00ed el agua es casi tan salada como en el oc\u00e9ano y toneladas de nutrientes se depositan en el fondo. Llevado a la superficie por una corriente influenciada por las mareas, el plancton prolifera e inicia su cadena alimentaria. Los peces pel\u00e1gicos se alimentan de \u00e9l y luego se lo comen las ballenas. \u00a0<\/p>\t\t\t\t\t\t\t\t<\/div>\n\t\t\t\t<\/div>\n\t\t\t\t\t<\/div>\n\t\t<\/div>\n\t\t\t\t\t<\/div>\n\t\t<\/section>\n\t\t\t\t<div class=\"elementor-element elementor-element-99484e1 elementor-widget elementor-widget-text-editor\" data-id=\"99484e1\" data-element_type=\"widget\" data-e-type=\"widget\" data-widget_type=\"text-editor.default\">\n\t\t\t\t<div class=\"elementor-widget-container\">\n\t\t\t\t\t\t\t\t\t<p>En el San Lorenzo se encuentran unas veinte especies. El rorcual com\u00fan (Balaenoptera physalus), el rorcual aliblanco (Balaenoptera acutorostrata) y el rorcual beluga (Delphinapterus leucas) son los m\u00e1s frecuentemente observados en cada viaje. Es habitual ver a la primera o a la segunda aliment\u00e1ndose en la superficie, frente a turistas armados con sus c\u00e1maras.<\/p><p>La regi\u00f3n vive principalmente de los turistas. En 1995, la observaci\u00f3n del mar aport\u00f3 51.000.000 Ca$ por 300.000 visitantes. Esta cifra se duplic\u00f3 en 2000 y la curva sigue siendo exponencial.<\/p><p>En octubre de 2000, el Parque Marino y todos los implicados en las AOM (Actividades de Observaci\u00f3n en el Mar), as\u00ed como las organizaciones de investigaci\u00f3n, presentaron al gobierno propuestas de reglamentaci\u00f3n. Una de ellas se refiere a la beluga: los barcos estar\u00e1n obligados a mantener una distancia de 400 metros. Adem\u00e1s, se expedir\u00e1 un permiso obligatorio a 54 embarcaciones en el parque marino. Se impondr\u00e1 una multa de hasta 100.000 Ca$ por cualquier infracci\u00f3n de la Ley del Parque Marino Saguenay-San Lorenzo.<\/p>\t\t\t\t\t\t\t\t<\/div>\n\t\t\t\t<\/div>\n\t\t\t\t<section class=\"elementor-section elementor-inner-section elementor-element elementor-element-0bd1858 elementor-section-content-middle elementor-section-boxed elementor-section-height-default elementor-section-height-default\" data-id=\"0bd1858\" data-element_type=\"section\" data-e-type=\"section\">\n\t\t\t\t\t\t<div class=\"elementor-container elementor-column-gap-no\">\n\t\t\t\t\t<div class=\"elementor-column elementor-col-50 elementor-inner-column elementor-element elementor-element-7e4b3f4\" data-id=\"7e4b3f4\" data-element_type=\"column\" data-e-type=\"column\">\n\t\t\t<div class=\"elementor-widget-wrap elementor-element-populated\">\n\t\t\t\t\t\t<div class=\"elementor-element elementor-element-5e91411 elementor-widget elementor-widget-text-editor\" data-id=\"5e91411\" data-element_type=\"widget\" data-e-type=\"widget\" data-widget_type=\"text-editor.default\">\n\t\t\t\t<div class=\"elementor-widget-container\">\n\t\t\t\t\t\t\t\t\t<p>Sabemos desde hace tiempo que las belugas acumulan contaminantes t\u00f3xicos en sus tejidos. Al estar en la parte inferior de la cadena alimentaria, ingieren peces e invertebrados altamente contaminados.<\/p>\t\t\t\t\t\t\t\t<\/div>\n\t\t\t\t<\/div>\n\t\t\t\t\t<\/div>\n\t\t<\/div>\n\t\t\t\t<div class=\"elementor-column elementor-col-50 elementor-inner-column elementor-element elementor-element-d71af85\" data-id=\"d71af85\" data-element_type=\"column\" data-e-type=\"column\">\n\t\t\t<div class=\"elementor-widget-wrap elementor-element-populated\">\n\t\t\t\t\t\t<div class=\"elementor-element elementor-element-8c10032 elementor-widget elementor-widget-image\" data-id=\"8c10032\" data-element_type=\"widget\" data-e-type=\"widget\" data-widget_type=\"image.default\">\n\t\t\t\t<div class=\"elementor-widget-container\">\n\t\t\t\t\t\t\t\t\t\t\t\t\t\t\t<img fetchpriority=\"high\" decoding=\"async\" width=\"535\" height=\"360\" src=\"https:\/\/julienmarchal.fr\/wp-content\/uploads\/2023\/01\/beluga2bis.jpg\" class=\"attachment-large size-large wp-image-3902\" alt=\"\" srcset=\"https:\/\/julienmarchal.fr\/wp-content\/uploads\/2023\/01\/beluga2bis.jpg 535w, https:\/\/julienmarchal.fr\/wp-content\/uploads\/2023\/01\/beluga2bis-300x202.jpg 300w\" sizes=\"(max-width: 535px) 100vw, 535px\" \/>\t\t\t\t\t\t\t\t\t\t\t\t\t\t\t<\/div>\n\t\t\t\t<\/div>\n\t\t\t\t\t<\/div>\n\t\t<\/div>\n\t\t\t\t\t<\/div>\n\t\t<\/section>\n\t\t\t\t<div class=\"elementor-element elementor-element-db4c3c3 elementor-widget elementor-widget-text-editor\" data-id=\"db4c3c3\" data-element_type=\"widget\" data-e-type=\"widget\" data-widget_type=\"text-editor.default\">\n\t\t\t\t<div class=\"elementor-widget-container\">\n\t\t\t\t\t\t\t\t\t<p>El examen de los tejidos de los animales muertos revel\u00f3 altas concentraciones de plomo en los m\u00fasculos y el h\u00edgado, DDT, PCB y organoclorados, altos niveles de mercurio, tumores y c\u00e1nceres. Los resultados mostraron que las belugas est\u00e1n entre 100 y 1.000 veces m\u00e1s contaminadas que sus vecinas del \u00c1rtico.\u00a0<\/p><p>Tras la lactancia, los terneros son contaminados por sus madres y el ciclo vuelve a empezar. Adem\u00e1s, algunos contaminantes tienen un efecto inmunosupresor. Sin embargo, los cient\u00edficos siguen siendo cautos sobre los efectos de estos contaminantes. No se pueden tomar muestras de sangre de animales vivos, a menos que una beluga quede atrapada viva en una red por accidente. En este caso, el an\u00e1lisis de sangre se realizar\u00eda en las venas visibles de la cola. En el \u00c1rtico ha sido posible capturar belugas con redes, tomar c\u00e9lulas y analizarlas con contaminantes similares a los del San Lorenzo. Los humos contaminantes, los insecticidas utilizados en la agricultura, los residuos de petr\u00f3leo, los hidrocarburos, las bisagras a base de esta\u00f1o y, en otro contexto, la pesca deportiva, interfieren con los mam\u00edferos marinos.<\/p><p>Las industrias han hecho esfuerzos, pero siguen siendo las grandes f\u00e1bricas situadas a orillas de los grandes lagos americanos las que contaminan.<\/p><p>\u00a0\u00a0\u00a0\u00a0\u00a0\u00a0\u00a0\u00a0\u00a0\u00a0\u00a0 Los recuentos de belugas han sido controvertidos porque el m\u00e9todo a\u00e9reo no ten\u00eda en cuenta las especies subsuperficiales.<\/p><p>Ahora, con el m\u00e9todo del transecto lineal + un factor de 15%, se restablecer\u00e1n las estimaciones. Pero har\u00e1n falta muchos a\u00f1os para confirmar las cifras y dar una estimaci\u00f3n exacta. Actualmente, entre 800 y 1'200 belugas frecuentan el San Lorenzo. Alrededor de 250 individuos est\u00e1n fotoidentificados por el GREMM.<\/p>\t\t\t\t\t\t\t\t<\/div>\n\t\t\t\t<\/div>\n\t\t\t\t<section class=\"elementor-section elementor-inner-section elementor-element elementor-element-abf9895 elementor-section-content-middle elementor-section-boxed elementor-section-height-default elementor-section-height-default\" data-id=\"abf9895\" data-element_type=\"section\" data-e-type=\"section\">\n\t\t\t\t\t\t<div class=\"elementor-container elementor-column-gap-no\">\n\t\t\t\t\t<div class=\"elementor-column elementor-col-50 elementor-inner-column elementor-element elementor-element-2ecc510\" data-id=\"2ecc510\" data-element_type=\"column\" data-e-type=\"column\">\n\t\t\t<div class=\"elementor-widget-wrap elementor-element-populated\">\n\t\t\t\t\t\t<div class=\"elementor-element elementor-element-156782e elementor-widget elementor-widget-text-editor\" data-id=\"156782e\" data-element_type=\"widget\" data-e-type=\"widget\" data-widget_type=\"text-editor.default\">\n\t\t\t\t<div class=\"elementor-widget-container\">\n\t\t\t\t\t\t\t\t\t<p>El mismo trabajo de fotoidentificaci\u00f3n se realiz\u00f3 con rorcuales comunes, rorcuales aliblancos, ballenas azules (Balaenoptera musculus), cachalotes (Physeter macrocephalus) y ballenas jorobadas (Megaptera novaeangliae).<\/p>\t\t\t\t\t\t\t\t<\/div>\n\t\t\t\t<\/div>\n\t\t\t\t\t<\/div>\n\t\t<\/div>\n\t\t\t\t<div class=\"elementor-column elementor-col-50 elementor-inner-column elementor-element elementor-element-6401d6b\" data-id=\"6401d6b\" data-element_type=\"column\" data-e-type=\"column\">\n\t\t\t<div class=\"elementor-widget-wrap elementor-element-populated\">\n\t\t\t\t\t\t<div class=\"elementor-element elementor-element-ff4b62b elementor-widget elementor-widget-image\" data-id=\"ff4b62b\" data-element_type=\"widget\" data-e-type=\"widget\" data-widget_type=\"image.default\">\n\t\t\t\t<div class=\"elementor-widget-container\">\n\t\t\t\t\t\t\t\t\t\t\t\t\t\t\t<img decoding=\"async\" width=\"277\" height=\"185\" src=\"https:\/\/julienmarchal.fr\/wp-content\/uploads\/2023\/01\/canada5.jpg\" class=\"attachment-large size-large wp-image-3972\" alt=\"\" \/>\t\t\t\t\t\t\t\t\t\t\t\t\t\t\t<\/div>\n\t\t\t\t<\/div>\n\t\t\t\t\t<\/div>\n\t\t<\/div>\n\t\t\t\t\t<\/div>\n\t\t<\/section>\n\t\t\t\t<div class=\"elementor-element elementor-element-d3f6987 elementor-widget elementor-widget-text-editor\" data-id=\"d3f6987\" data-element_type=\"widget\" data-e-type=\"widget\" data-widget_type=\"text-editor.default\">\n\t\t\t\t<div class=\"elementor-widget-container\">\n\t\t\t\t\t\t\t\t\t<p>Entre 1986 y 1996 se fotografiaron unos 200 rorcuales comunes y el estudio contin\u00faa hasta este a\u00f1o. Para identificarlos se utilizan cuatro partes distintas: el chevr\u00f3n, el flanco, la aleta dorsal y el ped\u00fanculo caudal. La coloraci\u00f3n del ped\u00fanculo es m\u00e1s prominente en el lado derecho de la cabeza, id\u00e9ntica a la mand\u00edbula blanca derecha. A principios de la d\u00e9cada de 1980, en los rorcuales comunes s\u00f3lo se fotografiaba el flanco derecho, debido a su evidente pigmentaci\u00f3n, pero el equipo del GREMM decidi\u00f3 entonces tomar ambos lados. Desde entonces, las fotograf\u00edas demuestran que ambos flancos pueden aportar informaci\u00f3n valiosa.<\/p><p>El mismo equipo, del Parque Marino de Saguenay-St. Lawrence y del Instituto Maurice Lamentagne, sigui\u00f3 a 25 rorcuales comunes durante el verano utilizando una baliza transmisora fijada a sus lomos. Descubrieron que sus actividades difieren entre el d\u00eda y la noche. Durante el d\u00eda, los rorcuales realizan inmersiones profundas en forma de U en la cabecera del Canal Laurentino. Por la noche, se alimentan en la superficie, lo que es normal debido al afloramiento de krill. Este estudio es una primicia mundial, dado que a las ballenas les gusta pasar m\u00e1s de 90% de su tiempo bajo el agua. <br \/>El equipo tambi\u00e9n descubri\u00f3 que el tr\u00e1fico mar\u00edtimo influ\u00eda en su actividad alimentaria. Las ballenas se enfrentan a la contaminaci\u00f3n ac\u00fastica y, por tanto, pasan menos tiempo en profundidad para buscar a sus presas. \u00a0<\/p><p>El r\u00edo San Lorenzo es un lugar \u00fanico para la observaci\u00f3n y el estudio. Podemos aprender mucho de las investigaciones, leyes y prevenciones de este pa\u00eds para proteger a los cet\u00e1ceos.<\/p><p>Aunque seamos reacios a desarrollar excursiones puramente tur\u00edsticas de avistamiento de cet\u00e1ceos en el Mediterr\u00e1neo (y en particular en el santuario), podemos combinar nuestro trabajo. El problema de la contaminaci\u00f3n industrial y ac\u00fastica y algunas de las especies de cet\u00e1ceos que encontramos son id\u00e9nticos.<\/p>\t\t\t\t\t\t\t\t<\/div>\n\t\t\t\t<\/div>\n\t\t\t\t<section class=\"elementor-section elementor-inner-section elementor-element elementor-element-509b5d6 elementor-section-content-middle elementor-section-boxed elementor-section-height-default elementor-section-height-default\" data-id=\"509b5d6\" data-element_type=\"section\" data-e-type=\"section\">\n\t\t\t\t\t\t<div class=\"elementor-container elementor-column-gap-default\">\n\t\t\t\t\t<div class=\"elementor-column elementor-col-50 elementor-inner-column elementor-element elementor-element-ff39547\" data-id=\"ff39547\" data-element_type=\"column\" data-e-type=\"column\">\n\t\t\t<div class=\"elementor-widget-wrap elementor-element-populated\">\n\t\t\t\t\t\t<div class=\"elementor-element elementor-element-0f4b00e elementor-widget elementor-widget-image\" data-id=\"0f4b00e\" data-element_type=\"widget\" data-e-type=\"widget\" data-widget_type=\"image.default\">\n\t\t\t\t<div class=\"elementor-widget-container\">\n\t\t\t\t\t\t\t\t\t\t\t\t\t\t\t<img loading=\"lazy\" decoding=\"async\" width=\"123\" height=\"181\" src=\"https:\/\/julienmarchal.fr\/wp-content\/uploads\/2023\/01\/canada10.jpg\" class=\"attachment-full size-full wp-image-3980\" alt=\"\" \/>\t\t\t\t\t\t\t\t\t\t\t\t\t\t\t<\/div>\n\t\t\t\t<\/div>\n\t\t\t\t\t<\/div>\n\t\t<\/div>\n\t\t\t\t<div class=\"elementor-column elementor-col-50 elementor-inner-column elementor-element elementor-element-a892801\" data-id=\"a892801\" data-element_type=\"column\" data-e-type=\"column\">\n\t\t\t<div class=\"elementor-widget-wrap elementor-element-populated\">\n\t\t\t\t\t\t<div class=\"elementor-element elementor-element-032ee9a elementor-widget elementor-widget-text-editor\" data-id=\"032ee9a\" data-element_type=\"widget\" data-e-type=\"widget\" data-widget_type=\"text-editor.default\">\n\t\t\t\t<div class=\"elementor-widget-container\">\n\t\t\t\t\t\t\t\t\t<p>El r\u00edo San Lorenzo es un lugar \u00fanico para la observaci\u00f3n y el estudio. Podemos aprender mucho de las investigaciones, leyes y prevenciones de este pa\u00eds para proteger a los cet\u00e1ceos.<\/p><p>Aunque seamos reacios a desarrollar excursiones puramente tur\u00edsticas de avistamiento de cet\u00e1ceos en el Mediterr\u00e1neo (y en particular en el santuario), podemos combinar nuestro trabajo. El problema de la contaminaci\u00f3n industrial y ac\u00fastica y algunas de las especies de cet\u00e1ceos que encontramos son id\u00e9nticos.<\/p>\t\t\t\t\t\t\t\t<\/div>\n\t\t\t\t<\/div>\n\t\t\t\t\t<\/div>\n\t\t<\/div>\n\t\t\t\t\t<\/div>\n\t\t<\/section>\n\t\t\t\t\t<\/div>\n\t\t<\/div>\n\t\t\t\t\t<\/div>\n\t\t<\/section>\n\t\t\t\t<section class=\"elementor-section elementor-top-section elementor-element elementor-element-562bf26c elementor-section-boxed elementor-section-height-default elementor-section-height-default\" data-id=\"562bf26c\" data-element_type=\"section\" data-e-type=\"section\" data-settings=\"{&quot;background_background&quot;:&quot;classic&quot;}\">\n\t\t\t\t\t\t<div class=\"elementor-container elementor-column-gap-default\">\n\t\t\t\t\t<div class=\"elementor-column elementor-col-100 elementor-top-column elementor-element elementor-element-67591668\" data-id=\"67591668\" data-element_type=\"column\" data-e-type=\"column\">\n\t\t\t<div class=\"elementor-widget-wrap elementor-element-populated\">\n\t\t\t\t\t\t<div class=\"elementor-element elementor-element-286fa286 elementor-widget elementor-widget-heading\" data-id=\"286fa286\" data-element_type=\"widget\" data-e-type=\"widget\" data-widget_type=\"heading.default\">\n\t\t\t\t<div class=\"elementor-widget-container\">\n\t\t\t\t\t<h4 class=\"elementor-heading-title elementor-size-default\">Fuentes y bibliograf\u00eda recomendada: <\/h4>\t\t\t\t<\/div>\n\t\t\t\t<\/div>\n\t\t\t\t<div class=\"elementor-element elementor-element-505dcf85 elementor-widget elementor-widget-text-editor\" data-id=\"505dcf85\" data-element_type=\"widget\" data-e-type=\"widget\" data-widget_type=\"text-editor.default\">\n\t\t\t\t<div class=\"elementor-widget-container\">\n\t\t\t\t\t\t\t\t\t<p>(1) Taller regional sobre actividades de observaci\u00f3n de mam\u00edferos marinos, res\u00famenes de proyectos de investigaci\u00f3n cient\u00edfica, Parque Marino de Saguenay-Saint-Laurent, mayo de 1998.<\/p><p>(2) Les Baleines du Saint - Laurent, La Recherche et l'Education: un passeport pour le XXI\u00e8me si\u00e8cle, GREMM, 1998.<\/p><p>(3) Bolet\u00edn \"Le Souffleur\", desde 1989, GREMM.<\/p><p>(4) Simard Yvan, Comment la mer nourrit-elle les baleines \u00e0 Tadoussac ou Le pourquoi oc\u00e9anographique de la visite estivale des rorquals dans l'estuaire maritime du Saint - Laurent, \u00e0 la t\u00eate du Chenal Laurentien (Tadoussac, Les Escoumins, Grandes - Bergeronnes), L'Euskarien, Les Sciences de la Mer, p.33 \u00e0 38, \u00e9t\u00e9 1994.<\/p><p>(5) Rossignol Anne, L'estuaire maritime et le golfe du Saint - Laurent, Camet Oc\u00e9anographique, INRS - Oc\u00e9anologie, 1998.<\/p><p>(6) Michaud Robert, Rencontre avec les Baleines du Saint - Laurent, GREMM, 1993.<\/p><p>(7) Fontaine Pierre - Henry, Les Baleines de l'Atlantique Nord, Biologie et Ecologie, Editions Multimondes, 1998.<\/p><p>(8) Robert M., V\u00e9zina A., Rondeau N. y Vigneault Y., Distribution annuelle et caract\u00e9risation pr\u00e9liminaire des habitats du beluga (Delphinapterus leucas) du Saint - Laurent, Fisheries and Oceans Canada, Canadian Technical Report of Fisheries and Aquatic Sciences, n\u00ba 1756, septiembre de 1990.<\/p><p>(9) Pippard L., Status of the St. Lawrence River Population of Beluga (Delphinapterus leucas), Canadian Field - Naturalist 99 (3): 438 - 450, 1985.<\/p><p>(10) Lesage V\u00e9ronique y C.S. Kingsley Michael, Updated Status of the St Lawrence River Population of the Beluga (Delphinapterus leucas), Departamento de Pesca y Oc\u00e9anos, Instituto Maurice Lamontagne, 1998.<\/p><p>(11) Reglamento de actividades marinas del Parque Marino de Saguenay-Saint-Laurent, Base legislativa, Ley del Parque Marino de Saguenay-Saint-Laurent, Ministerio del Patrimonio Canadiense, Gaceta de Canad\u00e1, Parte 1, 28 de octubre de 2000.<\/p><p>(12) Saucier Fran\u00e7ois y Cabana Anne Marie, Les eaux du Saint - Laurent - Guide d'interpr\u00e9tation scientifique du Parc Marin du Saguenay - Saint - Laurent, Ocean Sciences Division, MLI, Fisheries and Oceans Canada, octubre de 2000.<\/p>\t\t\t\t\t\t\t\t<\/div>\n\t\t\t\t<\/div>\n\t\t\t\t\t<\/div>\n\t\t<\/div>\n\t\t\t\t\t<\/div>\n\t\t<\/section>\n\t\t\t\t<section class=\"elementor-section elementor-top-section elementor-element elementor-element-7124583b elementor-section-boxed elementor-section-height-default elementor-section-height-default\" data-id=\"7124583b\" data-element_type=\"section\" data-e-type=\"section\">\n\t\t\t\t\t\t<div class=\"elementor-container elementor-column-gap-default\">\n\t\t\t\t\t<div class=\"elementor-column elementor-col-100 elementor-top-column elementor-element elementor-element-1f6c1979\" data-id=\"1f6c1979\" data-element_type=\"column\" data-e-type=\"column\">\n\t\t\t<div class=\"elementor-widget-wrap elementor-element-populated\">\n\t\t\t\t\t\t<div class=\"elementor-element elementor-element-f55779e elementor-widget__width-initial elementor-widget elementor-widget-text-editor\" data-id=\"f55779e\" data-element_type=\"widget\" data-e-type=\"widget\" data-widget_type=\"text-editor.default\">\n\t\t\t\t<div class=\"elementor-widget-container\">\n\t\t\t\t\t\t\t\t\t<blockquote><p><span style=\"font-size: medium;\">L'\u00c9cho des Baleines - Bulletin Suisse du naturaliste C\u00e9tologue - Sociedad Suiza de Cet\u00e1ceos - N\u00b010, invierno 2000 - 2001<\/span><\/p><p><span style=\"font-size: large;\">Tadoussac, Quebec \/ Canad\u00e1, octubre de 2000<\/span><\/p><p><cite>por Julien Marchal<\/cite><\/p><\/blockquote>\t\t\t\t\t\t\t\t<\/div>\n\t\t\t\t<\/div>\n\t\t\t\t\t<\/div>\n\t\t<\/div>\n\t\t\t\t\t<\/div>\n\t\t<\/section>\n\t\t\t\t<section class=\"elementor-section elementor-top-section elementor-element elementor-element-e89641a elementor-section-content-middle elementor-section-boxed elementor-section-height-default elementor-section-height-default\" data-id=\"e89641a\" data-element_type=\"section\" data-e-type=\"section\">\n\t\t\t\t\t\t<div class=\"elementor-container elementor-column-gap-default\">\n\t\t\t\t\t<div class=\"elementor-column elementor-col-25 elementor-top-column elementor-element elementor-element-b12d09d\" data-id=\"b12d09d\" data-element_type=\"column\" data-e-type=\"column\">\n\t\t\t<div class=\"elementor-widget-wrap\">\n\t\t\t\t\t\t\t<\/div>\n\t\t<\/div>\n\t\t\t\t<div class=\"elementor-column elementor-col-25 elementor-top-column elementor-element elementor-element-33a62f7\" data-id=\"33a62f7\" data-element_type=\"column\" data-e-type=\"column\">\n\t\t\t<div class=\"elementor-widget-wrap elementor-element-populated\">\n\t\t\t\t\t\t<div class=\"elementor-element elementor-element-9c0c48e elementor-widget elementor-widget-image\" data-id=\"9c0c48e\" data-element_type=\"widget\" data-e-type=\"widget\" data-widget_type=\"image.default\">\n\t\t\t\t<div class=\"elementor-widget-container\">\n\t\t\t\t\t\t\t\t\t\t\t\t\t\t\t\t<a href=\"https:\/\/www.swisscetaceansociety.org\/\" target=\"_blank\">\n\t\t\t\t\t\t\t<img loading=\"lazy\" decoding=\"async\" width=\"216\" height=\"102\" src=\"https:\/\/julienmarchal.fr\/wp-content\/uploads\/2023\/02\/Swiss-Cetacean-Society.png\" class=\"attachment-medium size-medium wp-image-6408\" alt=\"\" \/>\t\t\t\t\t\t\t\t<\/a>\n\t\t\t\t\t\t\t\t\t\t\t\t\t\t\t<\/div>\n\t\t\t\t<\/div>\n\t\t\t\t\t<\/div>\n\t\t<\/div>\n\t\t\t\t<div class=\"elementor-column elementor-col-25 elementor-top-column elementor-element elementor-element-eb996d2\" data-id=\"eb996d2\" data-element_type=\"column\" data-e-type=\"column\">\n\t\t\t<div class=\"elementor-widget-wrap elementor-element-populated\">\n\t\t\t\t\t\t<div class=\"elementor-element elementor-element-375a238 elementor-widget elementor-widget-image\" data-id=\"375a238\" data-element_type=\"widget\" data-e-type=\"widget\" data-widget_type=\"image.default\">\n\t\t\t\t<div class=\"elementor-widget-container\">\n\t\t\t\t\t\t\t\t\t\t\t\t\t\t\t\t<a href=\"https:\/\/gremm.org\/\" target=\"_blank\">\n\t\t\t\t\t\t\t<img loading=\"lazy\" decoding=\"async\" width=\"300\" height=\"251\" src=\"https:\/\/julienmarchal.fr\/wp-content\/uploads\/2008\/07\/Groupe-de-recherche-et-d-education-sur-les-mammiferes-marins-GREMM_image360-300x251.jpg\" class=\"attachment-medium size-medium wp-image-6357\" alt=\"\" srcset=\"https:\/\/julienmarchal.fr\/wp-content\/uploads\/2008\/07\/Groupe-de-recherche-et-d-education-sur-les-mammiferes-marins-GREMM_image360-300x251.jpg 300w, https:\/\/julienmarchal.fr\/wp-content\/uploads\/2008\/07\/Groupe-de-recherche-et-d-education-sur-les-mammiferes-marins-GREMM_image360.jpg 360w\" sizes=\"(max-width: 300px) 100vw, 300px\" \/>\t\t\t\t\t\t\t\t<\/a>\n\t\t\t\t\t\t\t\t\t\t\t\t\t\t\t<\/div>\n\t\t\t\t<\/div>\n\t\t\t\t\t<\/div>\n\t\t<\/div>\n\t\t\t\t<div class=\"elementor-column elementor-col-25 elementor-top-column elementor-element elementor-element-df6c342\" data-id=\"df6c342\" data-element_type=\"column\" data-e-type=\"column\">\n\t\t\t<div class=\"elementor-widget-wrap\">\n\t\t\t\t\t\t\t<\/div>\n\t\t<\/div>\n\t\t\t\t\t<\/div>\n\t\t<\/section>\n\t\t\t\t<\/div>","protected":false},"excerpt":{"rendered":"<p>El r\u00edo San Lorenzo y la desembocadura del Saguenay son lugares ideales para encontrarse con ballenas. Desde hace a\u00f1os, eligen este lugar para alimentarse y engordar antes de emprender su migraci\u00f3n invernal.<\/p>","protected":false},"author":1,"featured_media":6429,"comment_status":"closed","ping_status":"open","sticky":false,"template":"","format":"standard","meta":{"footnotes":""},"categories":[4],"tags":[],"class_list":["post-6391","post","type-post","status-publish","format-standard","has-post-thumbnail","hentry","category-articles-publies-sur-les-cetaces"],"yoast_head":"<!-- This site is optimized with the Yoast SEO plugin v27.3 - https:\/\/yoast.com\/product\/yoast-seo-wordpress\/ -->\n<title>JULIEN MARCHAL &#8212; Analyse et synth\u00e8se d&#039;\u00e9tude effectu\u00e9e entre Tadoussac, Grandes-Bergeronnes et les Escoumins<\/title>\n<meta name=\"robots\" content=\"index, follow, max-snippet:-1, max-image-preview:large, max-video-preview:-1\" \/>\n<link rel=\"canonical\" href=\"https:\/\/julienmarchal.fr\/es\/analisis-y-resumen-del-estudio-realizado-entre-tadoussac-grandes-bergeronnes-y-les-escoumins\/\" \/>\n<meta property=\"og:locale\" content=\"es_ES\" \/>\n<meta property=\"og:type\" content=\"article\" \/>\n<meta property=\"og:title\" content=\"JULIEN MARCHAL &#8212; Analyse et synth\u00e8se d&#039;\u00e9tude effectu\u00e9e entre Tadoussac, Grandes-Bergeronnes et les Escoumins\" \/>\n<meta property=\"og:description\" content=\"Le fleuve du Saint - Laurent et l&#039;embouchure du Saguenay sont un lieu favorable \u00e0 la rencontre des baleines. Depuis des ann\u00e9es elles choisissent de venir s&#039;alimenter et s&#039;engraisser avant de repartir migrer en hiver.\" \/>\n<meta property=\"og:url\" content=\"https:\/\/julienmarchal.fr\/es\/analisis-y-resumen-del-estudio-realizado-entre-tadoussac-grandes-bergeronnes-y-les-escoumins\/\" \/>\n<meta property=\"og:site_name\" content=\"JULIEN MARCHAL\" \/>\n<meta property=\"article:published_time\" content=\"2000-05-08T23:15:51+00:00\" \/>\n<meta property=\"article:modified_time\" content=\"2023-03-09T08:49:45+00:00\" \/>\n<meta property=\"og:image\" content=\"https:\/\/julienmarchal.fr\/wp-content\/uploads\/2023\/02\/parc-marin-du-Saguenay-Saint-Laurent.jpeg\" \/>\n\t<meta property=\"og:image:width\" content=\"1280\" \/>\n\t<meta property=\"og:image:height\" content=\"960\" \/>\n\t<meta property=\"og:image:type\" content=\"image\/jpeg\" \/>\n<meta name=\"author\" content=\"Julien Marchal\" \/>\n<meta name=\"twitter:card\" content=\"summary_large_image\" \/>\n<script type=\"application\/ld+json\" class=\"yoast-schema-graph\">{\"@context\":\"https:\\\/\\\/schema.org\",\"@graph\":[{\"@type\":\"Article\",\"@id\":\"https:\\\/\\\/julienmarchal.fr\\\/analyse-et-synthese-detude-effectuee-entre-tadoussac-grandes-bergeronnes-et-les-escoumins\\\/#article\",\"isPartOf\":{\"@id\":\"https:\\\/\\\/julienmarchal.fr\\\/analyse-et-synthese-detude-effectuee-entre-tadoussac-grandes-bergeronnes-et-les-escoumins\\\/\"},\"author\":{\"name\":\"Julien Marchal\",\"@id\":\"https:\\\/\\\/julienmarchal.fr\\\/#\\\/schema\\\/person\\\/666ce6402da97412a4009d2891d3cc1d\"},\"headline\":\"Analyse et synth\u00e8se d&#8217;\u00e9tude effectu\u00e9e entre Tadoussac, Grandes-Bergeronnes et les Escoumins\",\"datePublished\":\"2000-05-08T23:15:51+00:00\",\"dateModified\":\"2023-03-09T08:49:45+00:00\",\"mainEntityOfPage\":{\"@id\":\"https:\\\/\\\/julienmarchal.fr\\\/analyse-et-synthese-detude-effectuee-entre-tadoussac-grandes-bergeronnes-et-les-escoumins\\\/\"},\"wordCount\":1541,\"publisher\":{\"@id\":\"https:\\\/\\\/julienmarchal.fr\\\/#\\\/schema\\\/person\\\/9bad5d6d81f92720eaf6c4750c93b7c5\"},\"image\":{\"@id\":\"https:\\\/\\\/julienmarchal.fr\\\/analyse-et-synthese-detude-effectuee-entre-tadoussac-grandes-bergeronnes-et-les-escoumins\\\/#primaryimage\"},\"thumbnailUrl\":\"https:\\\/\\\/julienmarchal.fr\\\/wp-content\\\/uploads\\\/2023\\\/02\\\/parc-marin-du-Saguenay-Saint-Laurent.jpeg\",\"articleSection\":[\"Articles publi\u00e9s sur les c\u00e9tac\u00e9s\"],\"inLanguage\":\"es\"},{\"@type\":\"WebPage\",\"@id\":\"https:\\\/\\\/julienmarchal.fr\\\/analyse-et-synthese-detude-effectuee-entre-tadoussac-grandes-bergeronnes-et-les-escoumins\\\/\",\"url\":\"https:\\\/\\\/julienmarchal.fr\\\/analyse-et-synthese-detude-effectuee-entre-tadoussac-grandes-bergeronnes-et-les-escoumins\\\/\",\"name\":\"JULIEN MARCHAL &#8212; Analyse et synth\u00e8se d'\u00e9tude effectu\u00e9e entre Tadoussac, Grandes-Bergeronnes et les Escoumins\",\"isPartOf\":{\"@id\":\"https:\\\/\\\/julienmarchal.fr\\\/#website\"},\"primaryImageOfPage\":{\"@id\":\"https:\\\/\\\/julienmarchal.fr\\\/analyse-et-synthese-detude-effectuee-entre-tadoussac-grandes-bergeronnes-et-les-escoumins\\\/#primaryimage\"},\"image\":{\"@id\":\"https:\\\/\\\/julienmarchal.fr\\\/analyse-et-synthese-detude-effectuee-entre-tadoussac-grandes-bergeronnes-et-les-escoumins\\\/#primaryimage\"},\"thumbnailUrl\":\"https:\\\/\\\/julienmarchal.fr\\\/wp-content\\\/uploads\\\/2023\\\/02\\\/parc-marin-du-Saguenay-Saint-Laurent.jpeg\",\"datePublished\":\"2000-05-08T23:15:51+00:00\",\"dateModified\":\"2023-03-09T08:49:45+00:00\",\"breadcrumb\":{\"@id\":\"https:\\\/\\\/julienmarchal.fr\\\/analyse-et-synthese-detude-effectuee-entre-tadoussac-grandes-bergeronnes-et-les-escoumins\\\/#breadcrumb\"},\"inLanguage\":\"es\",\"potentialAction\":[{\"@type\":\"ReadAction\",\"target\":[\"https:\\\/\\\/julienmarchal.fr\\\/analyse-et-synthese-detude-effectuee-entre-tadoussac-grandes-bergeronnes-et-les-escoumins\\\/\"]}]},{\"@type\":\"ImageObject\",\"inLanguage\":\"es\",\"@id\":\"https:\\\/\\\/julienmarchal.fr\\\/analyse-et-synthese-detude-effectuee-entre-tadoussac-grandes-bergeronnes-et-les-escoumins\\\/#primaryimage\",\"url\":\"https:\\\/\\\/julienmarchal.fr\\\/wp-content\\\/uploads\\\/2023\\\/02\\\/parc-marin-du-Saguenay-Saint-Laurent.jpeg\",\"contentUrl\":\"https:\\\/\\\/julienmarchal.fr\\\/wp-content\\\/uploads\\\/2023\\\/02\\\/parc-marin-du-Saguenay-Saint-Laurent.jpeg\",\"width\":1280,\"height\":960},{\"@type\":\"BreadcrumbList\",\"@id\":\"https:\\\/\\\/julienmarchal.fr\\\/analyse-et-synthese-detude-effectuee-entre-tadoussac-grandes-bergeronnes-et-les-escoumins\\\/#breadcrumb\",\"itemListElement\":[{\"@type\":\"ListItem\",\"position\":1,\"name\":\"Accueil\",\"item\":\"https:\\\/\\\/julienmarchal.fr\\\/\"},{\"@type\":\"ListItem\",\"position\":2,\"name\":\"Analyse et synth\u00e8se d&#8217;\u00e9tude effectu\u00e9e entre Tadoussac, Grandes-Bergeronnes et les Escoumins\"}]},{\"@type\":\"WebSite\",\"@id\":\"https:\\\/\\\/julienmarchal.fr\\\/#website\",\"url\":\"https:\\\/\\\/julienmarchal.fr\\\/\",\"name\":\"JULIEN MARCHAL, Observateur de mammif\u00e8res marins\",\"description\":\"Observateur Mammif\u00e8res marins\",\"publisher\":{\"@id\":\"https:\\\/\\\/julienmarchal.fr\\\/#\\\/schema\\\/person\\\/9bad5d6d81f92720eaf6c4750c93b7c5\"},\"potentialAction\":[{\"@type\":\"SearchAction\",\"target\":{\"@type\":\"EntryPoint\",\"urlTemplate\":\"https:\\\/\\\/julienmarchal.fr\\\/?s={search_term_string}\"},\"query-input\":{\"@type\":\"PropertyValueSpecification\",\"valueRequired\":true,\"valueName\":\"search_term_string\"}}],\"inLanguage\":\"es\"},{\"@type\":[\"Person\",\"Organization\"],\"@id\":\"https:\\\/\\\/julienmarchal.fr\\\/#\\\/schema\\\/person\\\/9bad5d6d81f92720eaf6c4750c93b7c5\",\"name\":\"Julien Marchal\",\"image\":{\"@type\":\"ImageObject\",\"inLanguage\":\"es\",\"@id\":\"https:\\\/\\\/julienmarchal.fr\\\/wp-content\\\/uploads\\\/2023\\\/02\\\/julien-marchal-debuts.png\",\"url\":\"https:\\\/\\\/julienmarchal.fr\\\/wp-content\\\/uploads\\\/2023\\\/02\\\/julien-marchal-debuts.png\",\"contentUrl\":\"https:\\\/\\\/julienmarchal.fr\\\/wp-content\\\/uploads\\\/2023\\\/02\\\/julien-marchal-debuts.png\",\"width\":1239,\"height\":711,\"caption\":\"Julien Marchal\"},\"logo\":{\"@id\":\"https:\\\/\\\/julienmarchal.fr\\\/wp-content\\\/uploads\\\/2023\\\/02\\\/julien-marchal-debuts.png\"},\"sameAs\":[\"https:\\\/\\\/www.instagram.com\\\/julienligniermarchal\\\/\",\"https:\\\/\\\/www.linkedin.com\\\/in\\\/julien-lignier-marchal\\\/\"]},{\"@type\":\"Person\",\"@id\":\"https:\\\/\\\/julienmarchal.fr\\\/#\\\/schema\\\/person\\\/666ce6402da97412a4009d2891d3cc1d\",\"name\":\"Julien Marchal\",\"image\":{\"@type\":\"ImageObject\",\"inLanguage\":\"es\",\"@id\":\"https:\\\/\\\/secure.gravatar.com\\\/avatar\\\/6ce4805ac055ef813258943a238453c65fb05242d1a5b34797c8fce2407e695b?s=96&r=g\",\"url\":\"https:\\\/\\\/secure.gravatar.com\\\/avatar\\\/6ce4805ac055ef813258943a238453c65fb05242d1a5b34797c8fce2407e695b?s=96&r=g\",\"contentUrl\":\"https:\\\/\\\/secure.gravatar.com\\\/avatar\\\/6ce4805ac055ef813258943a238453c65fb05242d1a5b34797c8fce2407e695b?s=96&r=g\",\"caption\":\"Julien Marchal\"},\"sameAs\":[\"https:\\\/\\\/julienmarchal.fr\\\/dev\"]}]}<\/script>\n<!-- \/ Yoast SEO plugin. -->","yoast_head_json":{"title":"JULIEN MARCHAL - An\u00e1lisis y s\u00edntesis de un estudio realizado entre Tadoussac, Grandes-Bergeronnes y Les Escoumins","robots":{"index":"index","follow":"follow","max-snippet":"max-snippet:-1","max-image-preview":"max-image-preview:large","max-video-preview":"max-video-preview:-1"},"canonical":"https:\/\/julienmarchal.fr\/es\/analisis-y-resumen-del-estudio-realizado-entre-tadoussac-grandes-bergeronnes-y-les-escoumins\/","og_locale":"es_ES","og_type":"article","og_title":"JULIEN MARCHAL &#8212; Analyse et synth\u00e8se d'\u00e9tude effectu\u00e9e entre Tadoussac, Grandes-Bergeronnes et les Escoumins","og_description":"Le fleuve du Saint - Laurent et l'embouchure du Saguenay sont un lieu favorable \u00e0 la rencontre des baleines. Depuis des ann\u00e9es elles choisissent de venir s'alimenter et s'engraisser avant de repartir migrer en hiver.","og_url":"https:\/\/julienmarchal.fr\/es\/analisis-y-resumen-del-estudio-realizado-entre-tadoussac-grandes-bergeronnes-y-les-escoumins\/","og_site_name":"JULIEN MARCHAL","article_published_time":"2000-05-08T23:15:51+00:00","article_modified_time":"2023-03-09T08:49:45+00:00","og_image":[{"width":1280,"height":960,"url":"https:\/\/julienmarchal.fr\/wp-content\/uploads\/2023\/02\/parc-marin-du-Saguenay-Saint-Laurent.jpeg","type":"image\/jpeg"}],"author":"Julien Marchal","twitter_card":"summary_large_image","schema":{"@context":"https:\/\/schema.org","@graph":[{"@type":"Article","@id":"https:\/\/julienmarchal.fr\/analyse-et-synthese-detude-effectuee-entre-tadoussac-grandes-bergeronnes-et-les-escoumins\/#article","isPartOf":{"@id":"https:\/\/julienmarchal.fr\/analyse-et-synthese-detude-effectuee-entre-tadoussac-grandes-bergeronnes-et-les-escoumins\/"},"author":{"name":"Julien Marchal","@id":"https:\/\/julienmarchal.fr\/#\/schema\/person\/666ce6402da97412a4009d2891d3cc1d"},"headline":"Analyse et synth\u00e8se d&#8217;\u00e9tude effectu\u00e9e entre Tadoussac, Grandes-Bergeronnes et les Escoumins","datePublished":"2000-05-08T23:15:51+00:00","dateModified":"2023-03-09T08:49:45+00:00","mainEntityOfPage":{"@id":"https:\/\/julienmarchal.fr\/analyse-et-synthese-detude-effectuee-entre-tadoussac-grandes-bergeronnes-et-les-escoumins\/"},"wordCount":1541,"publisher":{"@id":"https:\/\/julienmarchal.fr\/#\/schema\/person\/9bad5d6d81f92720eaf6c4750c93b7c5"},"image":{"@id":"https:\/\/julienmarchal.fr\/analyse-et-synthese-detude-effectuee-entre-tadoussac-grandes-bergeronnes-et-les-escoumins\/#primaryimage"},"thumbnailUrl":"https:\/\/julienmarchal.fr\/wp-content\/uploads\/2023\/02\/parc-marin-du-Saguenay-Saint-Laurent.jpeg","articleSection":["Articles publi\u00e9s sur les c\u00e9tac\u00e9s"],"inLanguage":"es"},{"@type":"WebPage","@id":"https:\/\/julienmarchal.fr\/analyse-et-synthese-detude-effectuee-entre-tadoussac-grandes-bergeronnes-et-les-escoumins\/","url":"https:\/\/julienmarchal.fr\/analyse-et-synthese-detude-effectuee-entre-tadoussac-grandes-bergeronnes-et-les-escoumins\/","name":"JULIEN MARCHAL - An\u00e1lisis y s\u00edntesis de un estudio realizado entre Tadoussac, Grandes-Bergeronnes y Les Escoumins","isPartOf":{"@id":"https:\/\/julienmarchal.fr\/#website"},"primaryImageOfPage":{"@id":"https:\/\/julienmarchal.fr\/analyse-et-synthese-detude-effectuee-entre-tadoussac-grandes-bergeronnes-et-les-escoumins\/#primaryimage"},"image":{"@id":"https:\/\/julienmarchal.fr\/analyse-et-synthese-detude-effectuee-entre-tadoussac-grandes-bergeronnes-et-les-escoumins\/#primaryimage"},"thumbnailUrl":"https:\/\/julienmarchal.fr\/wp-content\/uploads\/2023\/02\/parc-marin-du-Saguenay-Saint-Laurent.jpeg","datePublished":"2000-05-08T23:15:51+00:00","dateModified":"2023-03-09T08:49:45+00:00","breadcrumb":{"@id":"https:\/\/julienmarchal.fr\/analyse-et-synthese-detude-effectuee-entre-tadoussac-grandes-bergeronnes-et-les-escoumins\/#breadcrumb"},"inLanguage":"es","potentialAction":[{"@type":"ReadAction","target":["https:\/\/julienmarchal.fr\/analyse-et-synthese-detude-effectuee-entre-tadoussac-grandes-bergeronnes-et-les-escoumins\/"]}]},{"@type":"ImageObject","inLanguage":"es","@id":"https:\/\/julienmarchal.fr\/analyse-et-synthese-detude-effectuee-entre-tadoussac-grandes-bergeronnes-et-les-escoumins\/#primaryimage","url":"https:\/\/julienmarchal.fr\/wp-content\/uploads\/2023\/02\/parc-marin-du-Saguenay-Saint-Laurent.jpeg","contentUrl":"https:\/\/julienmarchal.fr\/wp-content\/uploads\/2023\/02\/parc-marin-du-Saguenay-Saint-Laurent.jpeg","width":1280,"height":960},{"@type":"BreadcrumbList","@id":"https:\/\/julienmarchal.fr\/analyse-et-synthese-detude-effectuee-entre-tadoussac-grandes-bergeronnes-et-les-escoumins\/#breadcrumb","itemListElement":[{"@type":"ListItem","position":1,"name":"Accueil","item":"https:\/\/julienmarchal.fr\/"},{"@type":"ListItem","position":2,"name":"Analyse et synth\u00e8se d&#8217;\u00e9tude effectu\u00e9e entre Tadoussac, Grandes-Bergeronnes et les Escoumins"}]},{"@type":"WebSite","@id":"https:\/\/julienmarchal.fr\/#website","url":"https:\/\/julienmarchal.fr\/","name":"JULIEN MARCHAL, Observador de mam\u00edferos marinos","description":"Observador de mam\u00edferos marinos","publisher":{"@id":"https:\/\/julienmarchal.fr\/#\/schema\/person\/9bad5d6d81f92720eaf6c4750c93b7c5"},"potentialAction":[{"@type":"SearchAction","target":{"@type":"EntryPoint","urlTemplate":"https:\/\/julienmarchal.fr\/?s={search_term_string}"},"query-input":{"@type":"PropertyValueSpecification","valueRequired":true,"valueName":"search_term_string"}}],"inLanguage":"es"},{"@type":["Person","Organization"],"@id":"https:\/\/julienmarchal.fr\/#\/schema\/person\/9bad5d6d81f92720eaf6c4750c93b7c5","name":"Julien Marchal","image":{"@type":"ImageObject","inLanguage":"es","@id":"https:\/\/julienmarchal.fr\/wp-content\/uploads\/2023\/02\/julien-marchal-debuts.png","url":"https:\/\/julienmarchal.fr\/wp-content\/uploads\/2023\/02\/julien-marchal-debuts.png","contentUrl":"https:\/\/julienmarchal.fr\/wp-content\/uploads\/2023\/02\/julien-marchal-debuts.png","width":1239,"height":711,"caption":"Julien Marchal"},"logo":{"@id":"https:\/\/julienmarchal.fr\/wp-content\/uploads\/2023\/02\/julien-marchal-debuts.png"},"sameAs":["https:\/\/www.instagram.com\/julienligniermarchal\/","https:\/\/www.linkedin.com\/in\/julien-lignier-marchal\/"]},{"@type":"Person","@id":"https:\/\/julienmarchal.fr\/#\/schema\/person\/666ce6402da97412a4009d2891d3cc1d","name":"Julien Marchal","image":{"@type":"ImageObject","inLanguage":"es","@id":"https:\/\/secure.gravatar.com\/avatar\/6ce4805ac055ef813258943a238453c65fb05242d1a5b34797c8fce2407e695b?s=96&r=g","url":"https:\/\/secure.gravatar.com\/avatar\/6ce4805ac055ef813258943a238453c65fb05242d1a5b34797c8fce2407e695b?s=96&r=g","contentUrl":"https:\/\/secure.gravatar.com\/avatar\/6ce4805ac055ef813258943a238453c65fb05242d1a5b34797c8fce2407e695b?s=96&r=g","caption":"Julien Marchal"},"sameAs":["https:\/\/julienmarchal.fr\/dev"]}]}},"_links":{"self":[{"href":"https:\/\/julienmarchal.fr\/es\/wp-json\/wp\/v2\/posts\/6391","targetHints":{"allow":["GET"]}}],"collection":[{"href":"https:\/\/julienmarchal.fr\/es\/wp-json\/wp\/v2\/posts"}],"about":[{"href":"https:\/\/julienmarchal.fr\/es\/wp-json\/wp\/v2\/types\/post"}],"author":[{"embeddable":true,"href":"https:\/\/julienmarchal.fr\/es\/wp-json\/wp\/v2\/users\/1"}],"replies":[{"embeddable":true,"href":"https:\/\/julienmarchal.fr\/es\/wp-json\/wp\/v2\/comments?post=6391"}],"version-history":[{"count":0,"href":"https:\/\/julienmarchal.fr\/es\/wp-json\/wp\/v2\/posts\/6391\/revisions"}],"wp:featuredmedia":[{"embeddable":true,"href":"https:\/\/julienmarchal.fr\/es\/wp-json\/wp\/v2\/media\/6429"}],"wp:attachment":[{"href":"https:\/\/julienmarchal.fr\/es\/wp-json\/wp\/v2\/media?parent=6391"}],"wp:term":[{"taxonomy":"category","embeddable":true,"href":"https:\/\/julienmarchal.fr\/es\/wp-json\/wp\/v2\/categories?post=6391"},{"taxonomy":"post_tag","embeddable":true,"href":"https:\/\/julienmarchal.fr\/es\/wp-json\/wp\/v2\/tags?post=6391"}],"curies":[{"name":"wp","href":"https:\/\/api.w.org\/{rel}","templated":true}]}}