{"id":11642,"date":"2026-01-06T01:29:57","date_gmt":"2026-01-06T00:29:57","guid":{"rendered":"https:\/\/julienmarchal.fr\/?p=11642"},"modified":"2026-01-07T02:40:36","modified_gmt":"2026-01-07T01:40:36","slug":"libro-y-comentarios","status":"publish","type":"post","link":"https:\/\/julienmarchal.fr\/es\/livre-et-commentaires\/","title":{"rendered":"Libro y comentarios"},"content":{"rendered":"<div data-elementor-type=\"wp-post\" data-elementor-id=\"11642\" class=\"elementor elementor-11642\" data-elementor-post-type=\"post\">\n\t\t\t\t\t\t<section class=\"elementor-section elementor-top-section elementor-element elementor-element-b2d0059 elementor-section-boxed elementor-section-height-default elementor-section-height-default\" data-id=\"b2d0059\" data-element_type=\"section\" data-e-type=\"section\">\n\t\t\t\t\t\t<div class=\"elementor-container elementor-column-gap-default\">\n\t\t\t\t\t<div class=\"elementor-column elementor-col-100 elementor-top-column elementor-element elementor-element-107b1c7\" data-id=\"107b1c7\" data-element_type=\"column\" data-e-type=\"column\">\n\t\t\t<div class=\"elementor-widget-wrap elementor-element-populated\">\n\t\t\t\t\t\t<div class=\"elementor-element elementor-element-a2de1bf elementor-widget elementor-widget-heading\" data-id=\"a2de1bf\" data-element_type=\"widget\" data-e-type=\"widget\" data-widget_type=\"heading.default\">\n\t\t\t\t<div class=\"elementor-widget-container\">\n\t\t\t\t\t<h2 class=\"elementor-heading-title elementor-size-default\">Hola lectores,<\/h2>\t\t\t\t<\/div>\n\t\t\t\t<\/div>\n\t\t\t\t<div class=\"elementor-element elementor-element-b8ac11b elementor-widget elementor-widget-text-editor\" data-id=\"b8ac11b\" data-element_type=\"widget\" data-e-type=\"widget\" data-widget_type=\"text-editor.default\">\n\t\t\t\t<div class=\"elementor-widget-container\">\n\t\t\t\t\t\t\t\t\t<p>Cuando mi libro sali\u00f3 a la venta en mayo de 2025, primero compart\u00ed la noticia con mi familia y amigos de todo el mundo, as\u00ed como con mi corrector. Luego lo puse a la venta en mi sitio web, en Amazon y en librer\u00edas independientes de todo Quebec.<\/p><p>Tambi\u00e9n sab\u00eda que podr\u00eda venderlo directamente durante mi temporada como capit\u00e1n de los cruceros de avistamiento de ballenas. Durante el verano de 2025, en alta mar o despu\u00e9s de mi salida, ofrec\u00eda a los clientes la posibilidad de llevarse un recuerdo escrito, sobre todo cuando hab\u00edamos tenido un gran encuentro con mam\u00edferos marinos. Colgu\u00e9 mi libro en la ventanilla de mi barco, junto con mi sitio web y estas tres palabras: A<em>utobiograf\u00eda de Julien Marchal<\/em>. La gente ten\u00eda la opci\u00f3n de comprarlo all\u00ed mismo, en la tienda que hab\u00eda encima de la recepci\u00f3n. A veces los clientes me daban propinas, pero yo les suger\u00eda que compraran mi autobiograf\u00eda, porque era un buen regalo.  No vend\u00ed muchos ejemplares y, para ser sincero, al principio no ten\u00eda ni idea de cu\u00e1ntos iba a vender. En mi mente, distribuir unos pocos ya era mucho. Al final, vend\u00ed unos 25 ejemplares. A veces ten\u00eda tiempo entre crucero y crucero para firmar el libro, pero otras veces no, porque no ten\u00eda tiempo suficiente. Sobre todo porque los clientes ten\u00edan que devolver primero su ropa de vela y luego subir a la tienda. Esto pod\u00eda llevar mucho tiempo, ya que hab\u00eda gente en todas las plantas.<\/p><p>He aqu\u00ed algunos comentarios de la gente:<\/p><p>Mi antiguo director en Montpellier, Francia:<\/p><p>\" S<span>alut Julien,\u00a0<\/span>S\u00ed, claro que he le\u00eddo tu libro, y me quito el sombrero ante ti, porque escribir un libro repasando tu vida y tus pasiones es una tarea monumental. Enhorabuena, porque cuando leemos tu libro, no es s\u00f3lo una vida la que has tenido, sino mil. Qu\u00e9 vida tan rica has tenido.  Tu familia, tus amigos, C\u00f3rcega, tus viajes, tus encuentros (muchos) y sobre todo tu pasi\u00f3n por los mam\u00edferos marinos en los cuatro puntos cardinales... qu\u00e9 alegr\u00eda haberlo vivido todo. Me olvidaba de tu determinaci\u00f3n para triunfar, que percib\u00ed cuando estabas aqu\u00ed y te formabas en Montpellier. Debes dar envidia a mucha gente que no ha tenido la \"oportunidad\" o las ganas de tener una vida como la tuya. En cualquier caso, \u00e9se es mi caso. Enhorabuena de nuevo. Julien, eres un gran tipo. \u00bfQu\u00e9 m\u00e1s puedo decir? Eres feliz con tu peque\u00f1a familia, has cumplido tus sue\u00f1os, aunque a\u00fan te queden algunos por cumplir. Sigue so\u00f1ando y avanzando por ti, pero sobre todo por tu sirenita Sa\u00efna. Te deseo lo mejor.<\/p><div>Comentario de un cliente de mi barco:<\/div><div>\u00a0<\/div><div>\" <span>Hola Julien, Gracias, Gracias, Gracias, por todos sus testimonios con nuestros hermanos y hermanas en el mundo animal. <\/span><span>Usted fue mi capit\u00e1n el 28 de septiembre (un domingo para la excursi\u00f3n de las 11.00 o las 11.30). <\/span><span>Compr\u00e9 su libro y acabo de terminar de leerlo. Durante todo el tiempo que lo le\u00eda, no dejaba de venirme a la cabeza este mensaje: tengo que decirle que venimos del mismo planeta. He visto cu\u00e1nto ama usted a los animales y he reconocido en usted la misma intensidad que yo siento por ellos.<\/span><br \/><span>Hace 2 semanas que volv\u00ed a casa y mi coraz\u00f3n sigue en el estuario del Saguenay y frente a Bergeronnes con todos estos maravillosos seres vivos. Doy las gracias al universo, al creador o al gran jefe, como cada uno de nosotros deber\u00eda llamarlo, por haber puesto en mi camino seres inspiradores llenos de amor por sus vecinos (vecinos significa aqu\u00ed seres encarnados en un cuerpo distinto del humano). Reconoc\u00ed el mismo amor por los animales, sienta bien reconocernos y da un impulso a nuestra misi\u00f3n de vida en la tierra, gracias por ello Julien.<\/span><span>. <\/span><span>Ve donde tu coraz\u00f3n te deleite. En cuanto a m\u00ed, es cuando entro en contacto con los animales y la m\u00fasica cuando mi coraz\u00f3n se deleita, al igual que te ocurre a ti con los animales... cu\u00eddate....<\/span>\".<\/div><div>\u00a0<\/div><div>Otra:\u00a0<\/div><div>\u00a0<\/div><div dir=\"auto\">\"\u00a1Hola Julien! Realmente disfrutamos de las 2 excursiones con usted y lo que es m\u00e1s, me compr\u00e9 un coche nuevo.<span>\u00e9<\/span> Acabo de terminar su libro y quer\u00eda darle la ENHORABUENA por su excelente trabajo y por todo lo que ha hecho, y tambi\u00e9n gracias por ser tan considerado con nuestros amigos los animales. Gracias de nuevo y enhorabuena.<\/div><div dir=\"auto\">\u00a0<\/div><div dir=\"auto\">Un amigo de la infancia:\u00a0<\/div><div dir=\"auto\">\"Lo siento, es verdad que nunca hemos hablado de ello... Pero quer\u00eda decirte lo orgullosa que estoy de ti. Tu libro cuenta tan bien tu infancia y tu historia, es fuerte, sincero y profundamente conmovedor. Lo que pas\u00f3 tu hermana con el vecino fue terrible... S\u00f3lo puedo imaginarme lo enfadada y disgustada que debiste estar cuando te enteraste. Y luego est\u00e1 la parte de Calvi, que es tan conmovedora. Podemos sentir lo mal que lo pasaste. Realmente me conmovi\u00f3, no pens\u00e9 que te hubiera afectado tanto. Se parece tanto a lo que eres: un verdadero entusiasta. Hablas de todos los temas con una dedicaci\u00f3n incre\u00edble, eso es claramente lo que te caracteriza. Y, por supuesto, tu tema favorito, el mar... Se nota lo esencial que es para ti, hablas de \u00e9l con el coraz\u00f3n. Estoy muy orgulloso de ser tu amigo y, sobre todo, de todo lo que has conseguido.<\/div><div dir=\"auto\">\u00a0<\/div><div dir=\"auto\">Mi segundo corrector:\u00a0<\/div><div dir=\"auto\">\"Un trozo de vida muy interesante que demuestra que todo el mundo puede alcanzar sus sue\u00f1os si los alimenta y sabe c\u00f3mo hacerlos crecer.<\/div><div dir=\"auto\">\u00a0<\/div><div dir=\"auto\">La madre de un amigo desaparecido:<\/div><div dir=\"auto\">\u00a0<\/div><div dir=\"auto\">\"S\u00ed, le\u00ed el cap\u00edtulo sobre Mauricio y Delphine. Tengo que admitir que se me saltaron las l\u00e1grimas. Te lo contar\u00e9 en otro mensaje. Estoy leyendo tu libro con gran inter\u00e9s, tu valent\u00eda y tenacidad son notables. Aqu\u00ed estoy otra vez llorando. Pronto escribir\u00e9 m\u00e1s. El resto: \"\u00a1Es maravilloso poder vivir con tu pasi\u00f3n! He terminado de leer tu libro y me gustar\u00eda decirte \u00a1bien hecho de nuevo! Delphine y t\u00fa ten\u00e9is algo del mismo ADN \ud83d\ude0a. Delphine tambi\u00e9n fue al mar Adri\u00e1tico con un investigador italiano del Instituto Tethys, fue con Europe Conservation en 1995 en plena guerra en Croacia. Est\u00e1bamos preocupados porque se fue sola y no ten\u00edamos contacto con la asociaci\u00f3n. En Portugal estuvo con Stefan Harzen. Fui varias veces a Moorea para reunirme con ella tras la muerte de mi marido. Hice mi primera inmersi\u00f3n en Rangiroa y vi las ballenas de cerca en Rurutu. \u00bfSe acaba la temporada de verano?<\/div><div dir=\"auto\">\u00a0<\/div><div dir=\"auto\">Me gustar\u00eda dar las gracias a todos por sus maravillosos comentarios. Este sitio web se enriquecer\u00e1 durante mucho tiempo con los mensajes recibidos.\u00a0<\/div><div dir=\"auto\">\u00a0<\/div><div dir=\"auto\">Estoy orgullosa de haberlo escrito y de haber podido contactar con tanta gente para que me ayudara. Fue dif\u00edcil porque la gente se muda, cambia de nombre, no contesta o muere.<\/div><div dir=\"auto\">\u00a0<\/div><div dir=\"auto\">A partir de ahora, cuando lo leas, sabr\u00e1s m\u00e1s sobre m\u00ed y sobre por qu\u00e9 me mud\u00e9 a Canad\u00e1. Comparto mi historia porque siempre he cre\u00eddo en m\u00ed misma y he sido capaz de definir un objetivo en mi vida. Si crees firmemente en tus posibilidades, puedes alcanzarlas.\u00a0<\/div><div dir=\"auto\">\u00a0<\/div><div dir=\"auto\">Quiero que sepas que es muy duro pasar el invierno en Canad\u00e1, lejos del mar, en un trabajo que no me gusta. Vivir de lo que amas es un reto cada d\u00eda.<\/div><div dir=\"auto\">\u00a0<\/div><div dir=\"auto\">Tambi\u00e9n s\u00e9 que mi salud se deteriorar\u00e1 f\u00edsicamente con los a\u00f1os y que ya no podr\u00e9 estar en el agua. Mientras tanto, pienso escribir un segundo libro con fotos y an\u00e9cdotas.<\/div><div dir=\"auto\">\u00a0<\/div><div dir=\"auto\">Continuar\u00e1.<\/div>\t\t\t\t\t\t\t\t<\/div>\n\t\t\t\t<\/div>\n\t\t\t\t\t<\/div>\n\t\t<\/div>\n\t\t\t\t\t<\/div>\n\t\t<\/section>\n\t\t\t\t<section class=\"elementor-section elementor-top-section elementor-element elementor-element-4ed92c5d elementor-section-boxed elementor-section-height-default elementor-section-height-default\" data-id=\"4ed92c5d\" data-element_type=\"section\" data-e-type=\"section\">\n\t\t\t\t\t\t<div class=\"elementor-container elementor-column-gap-default\">\n\t\t\t\t\t<div class=\"elementor-column elementor-col-100 elementor-top-column elementor-element elementor-element-25f35b8a\" data-id=\"25f35b8a\" data-element_type=\"column\" data-e-type=\"column\">\n\t\t\t<div class=\"elementor-widget-wrap elementor-element-populated\">\n\t\t\t\t\t\t<div class=\"elementor-element elementor-element-55e8f500 elementor-widget__width-initial elementor-widget elementor-widget-text-editor\" data-id=\"55e8f500\" data-element_type=\"widget\" data-e-type=\"widget\" data-widget_type=\"text-editor.default\">\n\t\t\t\t<div class=\"elementor-widget-container\">\n\t\t\t\t\t\t\t\t\t<blockquote><p><span style=\"font-size: medium;\">Atentamente.<\/span><\/p><p><span style=\"font-size: large;\">Terrebonne, Quebec\/Canad\u00e1, enero de 2026<\/span><\/p><p><cite>Julien Marchal<\/cite><\/p><\/blockquote>\t\t\t\t\t\t\t\t<\/div>\n\t\t\t\t<\/div>\n\t\t\t\t\t<\/div>\n\t\t<\/div>\n\t\t\t\t\t<\/div>\n\t\t<\/section>\n\t\t\t\t<section class=\"elementor-section elementor-top-section elementor-element elementor-element-f16334f elementor-section-boxed elementor-section-height-default elementor-section-height-default\" data-id=\"f16334f\" data-element_type=\"section\" data-e-type=\"section\">\n\t\t\t\t\t\t<div class=\"elementor-container elementor-column-gap-default\">\n\t\t\t\t\t<div class=\"elementor-column elementor-col-100 elementor-top-column elementor-element elementor-element-ce5aee1\" data-id=\"ce5aee1\" data-element_type=\"column\" data-e-type=\"column\">\n\t\t\t<div class=\"elementor-widget-wrap elementor-element-populated\">\n\t\t\t\t\t\t<div class=\"elementor-element elementor-element-5a0baa0 elementor-widget elementor-widget-gallery\" data-id=\"5a0baa0\" data-element_type=\"widget\" data-e-type=\"widget\" data-settings=\"{&quot;gallery_layout&quot;:&quot;justified&quot;,&quot;lazyload&quot;:&quot;yes&quot;,&quot;ideal_row_height&quot;:{&quot;unit&quot;:&quot;px&quot;,&quot;size&quot;:200,&quot;sizes&quot;:[]},&quot;ideal_row_height_tablet&quot;:{&quot;unit&quot;:&quot;px&quot;,&quot;size&quot;:150,&quot;sizes&quot;:[]},&quot;ideal_row_height_mobile&quot;:{&quot;unit&quot;:&quot;px&quot;,&quot;size&quot;:150,&quot;sizes&quot;:[]},&quot;gap&quot;:{&quot;unit&quot;:&quot;px&quot;,&quot;size&quot;:10,&quot;sizes&quot;:[]},&quot;gap_tablet&quot;:{&quot;unit&quot;:&quot;px&quot;,&quot;size&quot;:10,&quot;sizes&quot;:[]},&quot;gap_mobile&quot;:{&quot;unit&quot;:&quot;px&quot;,&quot;size&quot;:10,&quot;sizes&quot;:[]},&quot;link_to&quot;:&quot;file&quot;,&quot;overlay_background&quot;:&quot;yes&quot;,&quot;content_hover_animation&quot;:&quot;fade-in&quot;}\" data-widget_type=\"gallery.default\">\n\t\t\t\t<div class=\"elementor-widget-container\">\n\t\t\t\t\t\t\t<div class=\"elementor-gallery__container\">\n\t\t\t\t\t\t\t<a class=\"e-gallery-item elementor-gallery-item elementor-animated-content\" href=\"https:\/\/julienmarchal.fr\/wp-content\/uploads\/2024\/06\/saison-2024-croisieres-essipit-julien-marchal-3.jpeg\" data-elementor-open-lightbox=\"yes\" data-elementor-lightbox-slideshow=\"5a0baa0\" data-elementor-lightbox-title=\"saison-2024-croisieres-essipit-julien-marchal-3\" data-e-action-hash=\"#elementor-action%3Aaction%3Dlightbox%26settings%3DeyJpZCI6MTA1MTgsInVybCI6Imh0dHBzOlwvXC9qdWxpZW5tYXJjaGFsLmZyXC93cC1jb250ZW50XC91cGxvYWRzXC8yMDI0XC8wNlwvc2Fpc29uLTIwMjQtY3JvaXNpZXJlcy1lc3NpcGl0LWp1bGllbi1tYXJjaGFsLTMuanBlZyIsInNsaWRlc2hvdyI6IjVhMGJhYTAifQ%3D%3D\">\n\t\t\t\t\t<div class=\"e-gallery-image elementor-gallery-item__image\" data-thumbnail=\"https:\/\/julienmarchal.fr\/wp-content\/uploads\/2024\/06\/saison-2024-croisieres-essipit-julien-marchal-3-1024x473.jpeg\" data-width=\"1024\" data-height=\"473\" aria-label=\"\" role=\"img\" ><\/div>\n\t\t\t\t\t\t\t\t\t\t\t<div class=\"elementor-gallery-item__overlay\"><\/div>\n\t\t\t\t\t\t\t\t\t\t\t\t\t\t<\/a>\n\t\t\t\t\t\t\t<a class=\"e-gallery-item elementor-gallery-item elementor-animated-content\" href=\"https:\/\/julienmarchal.fr\/wp-content\/uploads\/2025\/10\/musee-bergeronnes-livre-2025.jpg\" data-elementor-open-lightbox=\"yes\" data-elementor-lightbox-slideshow=\"5a0baa0\" data-elementor-lightbox-title=\"musee-bergeronnes-livre-2025\" data-e-action-hash=\"#elementor-action%3Aaction%3Dlightbox%26settings%3DeyJpZCI6MTE0NzMsInVybCI6Imh0dHBzOlwvXC9qdWxpZW5tYXJjaGFsLmZyXC93cC1jb250ZW50XC91cGxvYWRzXC8yMDI1XC8xMFwvbXVzZWUtYmVyZ2Vyb25uZXMtbGl2cmUtMjAyNS5qcGciLCJzbGlkZXNob3ciOiI1YTBiYWEwIn0%3D\">\n\t\t\t\t\t<div class=\"e-gallery-image elementor-gallery-item__image\" data-thumbnail=\"https:\/\/julienmarchal.fr\/wp-content\/uploads\/2025\/10\/musee-bergeronnes-livre-2025-768x1024.jpg\" data-width=\"768\" data-height=\"1024\" aria-label=\"\" role=\"img\" ><\/div>\n\t\t\t\t\t\t\t\t\t\t\t<div class=\"elementor-gallery-item__overlay\"><\/div>\n\t\t\t\t\t\t\t\t\t\t\t\t\t\t<\/a>\n\t\t\t\t\t\t\t<a class=\"e-gallery-item elementor-gallery-item elementor-animated-content\" href=\"https:\/\/julienmarchal.fr\/wp-content\/uploads\/2025\/10\/musee-bergeronnes-livre-4-2025.jpg\" data-elementor-open-lightbox=\"yes\" data-elementor-lightbox-slideshow=\"5a0baa0\" data-elementor-lightbox-title=\"musee-bergeronnes-livre-4-2025\" data-e-action-hash=\"#elementor-action%3Aaction%3Dlightbox%26settings%3DeyJpZCI6MTE0NzIsInVybCI6Imh0dHBzOlwvXC9qdWxpZW5tYXJjaGFsLmZyXC93cC1jb250ZW50XC91cGxvYWRzXC8yMDI1XC8xMFwvbXVzZWUtYmVyZ2Vyb25uZXMtbGl2cmUtNC0yMDI1LmpwZyIsInNsaWRlc2hvdyI6IjVhMGJhYTAifQ%3D%3D\">\n\t\t\t\t\t<div class=\"e-gallery-image elementor-gallery-item__image\" data-thumbnail=\"https:\/\/julienmarchal.fr\/wp-content\/uploads\/2025\/10\/musee-bergeronnes-livre-4-2025-1024x768.jpg\" data-width=\"1024\" data-height=\"768\" aria-label=\"\" role=\"img\" ><\/div>\n\t\t\t\t\t\t\t\t\t\t\t<div class=\"elementor-gallery-item__overlay\"><\/div>\n\t\t\t\t\t\t\t\t\t\t\t\t\t\t<\/a>\n\t\t\t\t\t\t\t<a class=\"e-gallery-item elementor-gallery-item elementor-animated-content\" href=\"https:\/\/julienmarchal.fr\/wp-content\/uploads\/2025\/10\/musee-bergeronnes-livre-3-2025.jpg\" data-elementor-open-lightbox=\"yes\" data-elementor-lightbox-slideshow=\"5a0baa0\" data-elementor-lightbox-title=\"musee-bergeronnes-livre-3-2025\" data-e-action-hash=\"#elementor-action%3Aaction%3Dlightbox%26settings%3DeyJpZCI6MTE0NzEsInVybCI6Imh0dHBzOlwvXC9qdWxpZW5tYXJjaGFsLmZyXC93cC1jb250ZW50XC91cGxvYWRzXC8yMDI1XC8xMFwvbXVzZWUtYmVyZ2Vyb25uZXMtbGl2cmUtMy0yMDI1LmpwZyIsInNsaWRlc2hvdyI6IjVhMGJhYTAifQ%3D%3D\">\n\t\t\t\t\t<div class=\"e-gallery-image elementor-gallery-item__image\" data-thumbnail=\"https:\/\/julienmarchal.fr\/wp-content\/uploads\/2025\/10\/musee-bergeronnes-livre-3-2025-1024x768.jpg\" data-width=\"1024\" data-height=\"768\" aria-label=\"\" role=\"img\" ><\/div>\n\t\t\t\t\t\t\t\t\t\t\t<div class=\"elementor-gallery-item__overlay\"><\/div>\n\t\t\t\t\t\t\t\t\t\t\t\t\t\t<\/a>\n\t\t\t\t\t\t\t<a class=\"e-gallery-item elementor-gallery-item elementor-animated-content\" href=\"https:\/\/julienmarchal.fr\/wp-content\/uploads\/2025\/10\/musee-bergeronnes-livre-2-2025.jpg\" data-elementor-open-lightbox=\"yes\" data-elementor-lightbox-slideshow=\"5a0baa0\" data-elementor-lightbox-title=\"musee-bergeronnes-livre-2-2025\" data-e-action-hash=\"#elementor-action%3Aaction%3Dlightbox%26settings%3DeyJpZCI6MTE0NzAsInVybCI6Imh0dHBzOlwvXC9qdWxpZW5tYXJjaGFsLmZyXC93cC1jb250ZW50XC91cGxvYWRzXC8yMDI1XC8xMFwvbXVzZWUtYmVyZ2Vyb25uZXMtbGl2cmUtMi0yMDI1LmpwZyIsInNsaWRlc2hvdyI6IjVhMGJhYTAifQ%3D%3D\">\n\t\t\t\t\t<div class=\"e-gallery-image elementor-gallery-item__image\" data-thumbnail=\"https:\/\/julienmarchal.fr\/wp-content\/uploads\/2025\/10\/musee-bergeronnes-livre-2-2025-1024x768.jpg\" data-width=\"1024\" data-height=\"768\" aria-label=\"\" role=\"img\" ><\/div>\n\t\t\t\t\t\t\t\t\t\t\t<div class=\"elementor-gallery-item__overlay\"><\/div>\n\t\t\t\t\t\t\t\t\t\t\t\t\t\t<\/a>\n\t\t\t\t\t\t\t<a class=\"e-gallery-item elementor-gallery-item elementor-animated-content\" href=\"https:\/\/julienmarchal.fr\/wp-content\/uploads\/2025\/10\/bibliotheque-bois-des-fillons-3-2025.jpg\" data-elementor-open-lightbox=\"yes\" data-elementor-lightbox-slideshow=\"5a0baa0\" data-elementor-lightbox-title=\"bibliotheque-bois-des-fillons-3-2025\" data-e-action-hash=\"#elementor-action%3Aaction%3Dlightbox%26settings%3DeyJpZCI6MTE0NjksInVybCI6Imh0dHBzOlwvXC9qdWxpZW5tYXJjaGFsLmZyXC93cC1jb250ZW50XC91cGxvYWRzXC8yMDI1XC8xMFwvYmlibGlvdGhlcXVlLWJvaXMtZGVzLWZpbGxvbnMtMy0yMDI1LmpwZyIsInNsaWRlc2hvdyI6IjVhMGJhYTAifQ%3D%3D\">\n\t\t\t\t\t<div class=\"e-gallery-image elementor-gallery-item__image\" data-thumbnail=\"https:\/\/julienmarchal.fr\/wp-content\/uploads\/2025\/10\/bibliotheque-bois-des-fillons-3-2025.jpg\" data-width=\"481\" data-height=\"640\" aria-label=\"\" role=\"img\" ><\/div>\n\t\t\t\t\t\t\t\t\t\t\t<div class=\"elementor-gallery-item__overlay\"><\/div>\n\t\t\t\t\t\t\t\t\t\t\t\t\t\t<\/a>\n\t\t\t\t\t\t\t<a class=\"e-gallery-item elementor-gallery-item elementor-animated-content\" href=\"https:\/\/julienmarchal.fr\/wp-content\/uploads\/2025\/10\/bibliotheque-bois-des-fillons-2-2025.jpg\" data-elementor-open-lightbox=\"yes\" data-elementor-lightbox-slideshow=\"5a0baa0\" data-elementor-lightbox-title=\"bibliotheque-bois-des-fillons-2-2025\" data-e-action-hash=\"#elementor-action%3Aaction%3Dlightbox%26settings%3DeyJpZCI6MTE0NjgsInVybCI6Imh0dHBzOlwvXC9qdWxpZW5tYXJjaGFsLmZyXC93cC1jb250ZW50XC91cGxvYWRzXC8yMDI1XC8xMFwvYmlibGlvdGhlcXVlLWJvaXMtZGVzLWZpbGxvbnMtMi0yMDI1LmpwZyIsInNsaWRlc2hvdyI6IjVhMGJhYTAifQ%3D%3D\">\n\t\t\t\t\t<div class=\"e-gallery-image elementor-gallery-item__image\" data-thumbnail=\"https:\/\/julienmarchal.fr\/wp-content\/uploads\/2025\/10\/bibliotheque-bois-des-fillons-2-2025.jpg\" data-width=\"640\" data-height=\"481\" aria-label=\"\" role=\"img\" ><\/div>\n\t\t\t\t\t\t\t\t\t\t\t<div class=\"elementor-gallery-item__overlay\"><\/div>\n\t\t\t\t\t\t\t\t\t\t\t\t\t\t<\/a>\n\t\t\t\t\t\t\t<a class=\"e-gallery-item elementor-gallery-item elementor-animated-content\" href=\"https:\/\/julienmarchal.fr\/wp-content\/uploads\/2025\/12\/julien-marchal.28.jpg\" data-elementor-open-lightbox=\"yes\" data-elementor-lightbox-slideshow=\"5a0baa0\" data-elementor-lightbox-title=\"julien-marchal.28\" data-e-action-hash=\"#elementor-action%3Aaction%3Dlightbox%26settings%3DeyJpZCI6MTE2NzcsInVybCI6Imh0dHBzOlwvXC9qdWxpZW5tYXJjaGFsLmZyXC93cC1jb250ZW50XC91cGxvYWRzXC8yMDI1XC8xMlwvanVsaWVuLW1hcmNoYWwuMjguanBnIiwic2xpZGVzaG93IjoiNWEwYmFhMCJ9\">\n\t\t\t\t\t<div class=\"e-gallery-image elementor-gallery-item__image\" data-thumbnail=\"https:\/\/julienmarchal.fr\/wp-content\/uploads\/2025\/12\/julien-marchal.28-768x1024.jpg\" data-width=\"768\" data-height=\"1024\" aria-label=\"\" role=\"img\" ><\/div>\n\t\t\t\t\t\t\t\t\t\t\t<div class=\"elementor-gallery-item__overlay\"><\/div>\n\t\t\t\t\t\t\t\t\t\t\t\t\t\t<\/a>\n\t\t\t\t\t\t\t<a class=\"e-gallery-item elementor-gallery-item elementor-animated-content\" href=\"https:\/\/julienmarchal.fr\/wp-content\/uploads\/2025\/12\/julien-marchal.27.jpg\" data-elementor-open-lightbox=\"yes\" data-elementor-lightbox-slideshow=\"5a0baa0\" data-elementor-lightbox-title=\"julien-marchal.27\" data-e-action-hash=\"#elementor-action%3Aaction%3Dlightbox%26settings%3DeyJpZCI6MTE2NzYsInVybCI6Imh0dHBzOlwvXC9qdWxpZW5tYXJjaGFsLmZyXC93cC1jb250ZW50XC91cGxvYWRzXC8yMDI1XC8xMlwvanVsaWVuLW1hcmNoYWwuMjcuanBnIiwic2xpZGVzaG93IjoiNWEwYmFhMCJ9\">\n\t\t\t\t\t<div class=\"e-gallery-image elementor-gallery-item__image\" data-thumbnail=\"https:\/\/julienmarchal.fr\/wp-content\/uploads\/2025\/12\/julien-marchal.27-768x1024.jpg\" data-width=\"768\" data-height=\"1024\" aria-label=\"\" role=\"img\" ><\/div>\n\t\t\t\t\t\t\t\t\t\t\t<div class=\"elementor-gallery-item__overlay\"><\/div>\n\t\t\t\t\t\t\t\t\t\t\t\t\t\t<\/a>\n\t\t\t\t\t\t\t<a class=\"e-gallery-item elementor-gallery-item elementor-animated-content\" href=\"https:\/\/julienmarchal.fr\/wp-content\/uploads\/2025\/12\/julien-marchal.26.jpg\" data-elementor-open-lightbox=\"yes\" data-elementor-lightbox-slideshow=\"5a0baa0\" data-elementor-lightbox-title=\"julien-marchal.26\" data-e-action-hash=\"#elementor-action%3Aaction%3Dlightbox%26settings%3DeyJpZCI6MTE2NzUsInVybCI6Imh0dHBzOlwvXC9qdWxpZW5tYXJjaGFsLmZyXC93cC1jb250ZW50XC91cGxvYWRzXC8yMDI1XC8xMlwvanVsaWVuLW1hcmNoYWwuMjYuanBnIiwic2xpZGVzaG93IjoiNWEwYmFhMCJ9\">\n\t\t\t\t\t<div class=\"e-gallery-image elementor-gallery-item__image\" data-thumbnail=\"https:\/\/julienmarchal.fr\/wp-content\/uploads\/2025\/12\/julien-marchal.26-1024x768.jpg\" data-width=\"1024\" data-height=\"768\" aria-label=\"\" role=\"img\" ><\/div>\n\t\t\t\t\t\t\t\t\t\t\t<div class=\"elementor-gallery-item__overlay\"><\/div>\n\t\t\t\t\t\t\t\t\t\t\t\t\t\t<\/a>\n\t\t\t\t\t<\/div>\n\t\t\t\t\t<\/div>\n\t\t\t\t<\/div>\n\t\t\t\t\t<\/div>\n\t\t<\/div>\n\t\t\t\t\t<\/div>\n\t\t<\/section>\n\t\t\t\t<\/div>","protected":false},"excerpt":{"rendered":"<p>Cuando estaba en el mar o despu\u00e9s de mi crucero de avistamiento de ballenas, ofrec\u00eda a los clientes la posibilidad de comprar mi libro. <\/p>","protected":false},"author":3,"featured_media":11469,"comment_status":"closed","ping_status":"open","sticky":false,"template":"","format":"standard","meta":{"footnotes":""},"categories":[4,99],"tags":[],"class_list":["post-11642","post","type-post","status-publish","format-standard","has-post-thumbnail","hentry","category-articles-publies-sur-les-cetaces","category-blog-general"],"yoast_head":"<!-- This site is optimized with the Yoast SEO plugin v27.3 - https:\/\/yoast.com\/product\/yoast-seo-wordpress\/ -->\n<title>JULIEN MARCHAL &#8212; Livre et commentaires<\/title>\n<meta name=\"description\" content=\"J&#039;ai eu des commentaires positifs sur mon livre de la part de mon entourage et du monde entier depuis son apparition en mai 2025.\" \/>\n<meta name=\"robots\" content=\"index, follow, max-snippet:-1, max-image-preview:large, max-video-preview:-1\" \/>\n<link rel=\"canonical\" href=\"https:\/\/julienmarchal.fr\/es\/libro-y-comentarios\/\" \/>\n<meta property=\"og:locale\" content=\"es_ES\" \/>\n<meta property=\"og:type\" content=\"article\" \/>\n<meta property=\"og:title\" content=\"JULIEN MARCHAL &#8212; Livre et commentaires\" \/>\n<meta property=\"og:description\" content=\"J&#039;ai eu des commentaires positifs sur mon livre de la part de mon entourage et du monde entier depuis son apparition en mai 2025.\" \/>\n<meta property=\"og:url\" content=\"https:\/\/julienmarchal.fr\/es\/libro-y-comentarios\/\" \/>\n<meta property=\"og:site_name\" content=\"JULIEN MARCHAL\" \/>\n<meta property=\"article:published_time\" content=\"2026-01-06T00:29:57+00:00\" \/>\n<meta property=\"article:modified_time\" content=\"2026-01-07T01:40:36+00:00\" \/>\n<meta property=\"og:image\" content=\"https:\/\/julienmarchal.fr\/wp-content\/uploads\/2025\/10\/bibliotheque-bois-des-fillons-3-2025.jpg\" \/>\n\t<meta property=\"og:image:width\" content=\"481\" \/>\n\t<meta property=\"og:image:height\" content=\"640\" \/>\n\t<meta property=\"og:image:type\" content=\"image\/jpeg\" \/>\n<meta name=\"author\" content=\"Julien Marchal\" \/>\n<meta name=\"twitter:card\" content=\"summary_large_image\" \/>\n<script type=\"application\/ld+json\" class=\"yoast-schema-graph\">{\"@context\":\"https:\\\/\\\/schema.org\",\"@graph\":[{\"@type\":\"Article\",\"@id\":\"https:\\\/\\\/julienmarchal.fr\\\/livre-et-commentaires\\\/#article\",\"isPartOf\":{\"@id\":\"https:\\\/\\\/julienmarchal.fr\\\/livre-et-commentaires\\\/\"},\"author\":{\"name\":\"Julien Marchal\",\"@id\":\"https:\\\/\\\/julienmarchal.fr\\\/#\\\/schema\\\/person\\\/9bad5d6d81f92720eaf6c4750c93b7c5\"},\"headline\":\"Livre et commentaires\",\"datePublished\":\"2026-01-06T00:29:57+00:00\",\"dateModified\":\"2026-01-07T01:40:36+00:00\",\"mainEntityOfPage\":{\"@id\":\"https:\\\/\\\/julienmarchal.fr\\\/livre-et-commentaires\\\/\"},\"wordCount\":1482,\"publisher\":{\"@id\":\"https:\\\/\\\/julienmarchal.fr\\\/#\\\/schema\\\/person\\\/9bad5d6d81f92720eaf6c4750c93b7c5\"},\"image\":{\"@id\":\"https:\\\/\\\/julienmarchal.fr\\\/livre-et-commentaires\\\/#primaryimage\"},\"thumbnailUrl\":\"https:\\\/\\\/julienmarchal.fr\\\/wp-content\\\/uploads\\\/2025\\\/10\\\/bibliotheque-bois-des-fillons-3-2025.jpg\",\"articleSection\":[\"Articles publi\u00e9s sur les c\u00e9tac\u00e9s\",\"Blog g\u00e9n\u00e9ral\"],\"inLanguage\":\"es\"},{\"@type\":\"WebPage\",\"@id\":\"https:\\\/\\\/julienmarchal.fr\\\/livre-et-commentaires\\\/\",\"url\":\"https:\\\/\\\/julienmarchal.fr\\\/livre-et-commentaires\\\/\",\"name\":\"JULIEN MARCHAL &#8212; Livre et commentaires\",\"isPartOf\":{\"@id\":\"https:\\\/\\\/julienmarchal.fr\\\/#website\"},\"primaryImageOfPage\":{\"@id\":\"https:\\\/\\\/julienmarchal.fr\\\/livre-et-commentaires\\\/#primaryimage\"},\"image\":{\"@id\":\"https:\\\/\\\/julienmarchal.fr\\\/livre-et-commentaires\\\/#primaryimage\"},\"thumbnailUrl\":\"https:\\\/\\\/julienmarchal.fr\\\/wp-content\\\/uploads\\\/2025\\\/10\\\/bibliotheque-bois-des-fillons-3-2025.jpg\",\"datePublished\":\"2026-01-06T00:29:57+00:00\",\"dateModified\":\"2026-01-07T01:40:36+00:00\",\"description\":\"J'ai eu des commentaires positifs sur mon livre de la part de mon entourage et du monde entier depuis son apparition en mai 2025.\",\"breadcrumb\":{\"@id\":\"https:\\\/\\\/julienmarchal.fr\\\/livre-et-commentaires\\\/#breadcrumb\"},\"inLanguage\":\"es\",\"potentialAction\":[{\"@type\":\"ReadAction\",\"target\":[\"https:\\\/\\\/julienmarchal.fr\\\/livre-et-commentaires\\\/\"]}]},{\"@type\":\"ImageObject\",\"inLanguage\":\"es\",\"@id\":\"https:\\\/\\\/julienmarchal.fr\\\/livre-et-commentaires\\\/#primaryimage\",\"url\":\"https:\\\/\\\/julienmarchal.fr\\\/wp-content\\\/uploads\\\/2025\\\/10\\\/bibliotheque-bois-des-fillons-3-2025.jpg\",\"contentUrl\":\"https:\\\/\\\/julienmarchal.fr\\\/wp-content\\\/uploads\\\/2025\\\/10\\\/bibliotheque-bois-des-fillons-3-2025.jpg\",\"width\":481,\"height\":640},{\"@type\":\"BreadcrumbList\",\"@id\":\"https:\\\/\\\/julienmarchal.fr\\\/livre-et-commentaires\\\/#breadcrumb\",\"itemListElement\":[{\"@type\":\"ListItem\",\"position\":1,\"name\":\"Accueil\",\"item\":\"https:\\\/\\\/julienmarchal.fr\\\/\"},{\"@type\":\"ListItem\",\"position\":2,\"name\":\"Livre et commentaires\"}]},{\"@type\":\"WebSite\",\"@id\":\"https:\\\/\\\/julienmarchal.fr\\\/#website\",\"url\":\"https:\\\/\\\/julienmarchal.fr\\\/\",\"name\":\"JULIEN MARCHAL, Observateur de mammif\u00e8res marins\",\"description\":\"Observateur Mammif\u00e8res marins\",\"publisher\":{\"@id\":\"https:\\\/\\\/julienmarchal.fr\\\/#\\\/schema\\\/person\\\/9bad5d6d81f92720eaf6c4750c93b7c5\"},\"potentialAction\":[{\"@type\":\"SearchAction\",\"target\":{\"@type\":\"EntryPoint\",\"urlTemplate\":\"https:\\\/\\\/julienmarchal.fr\\\/?s={search_term_string}\"},\"query-input\":{\"@type\":\"PropertyValueSpecification\",\"valueRequired\":true,\"valueName\":\"search_term_string\"}}],\"inLanguage\":\"es\"},{\"@type\":[\"Person\",\"Organization\"],\"@id\":\"https:\\\/\\\/julienmarchal.fr\\\/#\\\/schema\\\/person\\\/9bad5d6d81f92720eaf6c4750c93b7c5\",\"name\":\"Julien Marchal\",\"image\":{\"@type\":\"ImageObject\",\"inLanguage\":\"es\",\"@id\":\"https:\\\/\\\/julienmarchal.fr\\\/wp-content\\\/uploads\\\/2023\\\/02\\\/julien-marchal-debuts.png\",\"url\":\"https:\\\/\\\/julienmarchal.fr\\\/wp-content\\\/uploads\\\/2023\\\/02\\\/julien-marchal-debuts.png\",\"contentUrl\":\"https:\\\/\\\/julienmarchal.fr\\\/wp-content\\\/uploads\\\/2023\\\/02\\\/julien-marchal-debuts.png\",\"width\":1239,\"height\":711,\"caption\":\"Julien Marchal\"},\"logo\":{\"@id\":\"https:\\\/\\\/julienmarchal.fr\\\/wp-content\\\/uploads\\\/2023\\\/02\\\/julien-marchal-debuts.png\"},\"sameAs\":[\"https:\\\/\\\/www.instagram.com\\\/julienligniermarchal\\\/\",\"https:\\\/\\\/www.linkedin.com\\\/in\\\/julien-lignier-marchal\\\/\"]}]}<\/script>\n<!-- \/ Yoast SEO plugin. -->","yoast_head_json":{"title":"JULIEN MARCHAL - Libro y comentarios","description":"He recibido comentarios positivos sobre mi libro de personas de mi entorno y de todo el mundo desde que apareci\u00f3 por primera vez en mayo de 2025.","robots":{"index":"index","follow":"follow","max-snippet":"max-snippet:-1","max-image-preview":"max-image-preview:large","max-video-preview":"max-video-preview:-1"},"canonical":"https:\/\/julienmarchal.fr\/es\/libro-y-comentarios\/","og_locale":"es_ES","og_type":"article","og_title":"JULIEN MARCHAL &#8212; Livre et commentaires","og_description":"J'ai eu des commentaires positifs sur mon livre de la part de mon entourage et du monde entier depuis son apparition en mai 2025.","og_url":"https:\/\/julienmarchal.fr\/es\/libro-y-comentarios\/","og_site_name":"JULIEN MARCHAL","article_published_time":"2026-01-06T00:29:57+00:00","article_modified_time":"2026-01-07T01:40:36+00:00","og_image":[{"width":481,"height":640,"url":"https:\/\/julienmarchal.fr\/wp-content\/uploads\/2025\/10\/bibliotheque-bois-des-fillons-3-2025.jpg","type":"image\/jpeg"}],"author":"Julien Marchal","twitter_card":"summary_large_image","schema":{"@context":"https:\/\/schema.org","@graph":[{"@type":"Article","@id":"https:\/\/julienmarchal.fr\/livre-et-commentaires\/#article","isPartOf":{"@id":"https:\/\/julienmarchal.fr\/livre-et-commentaires\/"},"author":{"name":"Julien Marchal","@id":"https:\/\/julienmarchal.fr\/#\/schema\/person\/9bad5d6d81f92720eaf6c4750c93b7c5"},"headline":"Livre et commentaires","datePublished":"2026-01-06T00:29:57+00:00","dateModified":"2026-01-07T01:40:36+00:00","mainEntityOfPage":{"@id":"https:\/\/julienmarchal.fr\/livre-et-commentaires\/"},"wordCount":1482,"publisher":{"@id":"https:\/\/julienmarchal.fr\/#\/schema\/person\/9bad5d6d81f92720eaf6c4750c93b7c5"},"image":{"@id":"https:\/\/julienmarchal.fr\/livre-et-commentaires\/#primaryimage"},"thumbnailUrl":"https:\/\/julienmarchal.fr\/wp-content\/uploads\/2025\/10\/bibliotheque-bois-des-fillons-3-2025.jpg","articleSection":["Articles publi\u00e9s sur les c\u00e9tac\u00e9s","Blog g\u00e9n\u00e9ral"],"inLanguage":"es"},{"@type":"WebPage","@id":"https:\/\/julienmarchal.fr\/livre-et-commentaires\/","url":"https:\/\/julienmarchal.fr\/livre-et-commentaires\/","name":"JULIEN MARCHAL - Libro y comentarios","isPartOf":{"@id":"https:\/\/julienmarchal.fr\/#website"},"primaryImageOfPage":{"@id":"https:\/\/julienmarchal.fr\/livre-et-commentaires\/#primaryimage"},"image":{"@id":"https:\/\/julienmarchal.fr\/livre-et-commentaires\/#primaryimage"},"thumbnailUrl":"https:\/\/julienmarchal.fr\/wp-content\/uploads\/2025\/10\/bibliotheque-bois-des-fillons-3-2025.jpg","datePublished":"2026-01-06T00:29:57+00:00","dateModified":"2026-01-07T01:40:36+00:00","description":"He recibido comentarios positivos sobre mi libro de personas de mi entorno y de todo el mundo desde que apareci\u00f3 por primera vez en mayo de 2025.","breadcrumb":{"@id":"https:\/\/julienmarchal.fr\/livre-et-commentaires\/#breadcrumb"},"inLanguage":"es","potentialAction":[{"@type":"ReadAction","target":["https:\/\/julienmarchal.fr\/livre-et-commentaires\/"]}]},{"@type":"ImageObject","inLanguage":"es","@id":"https:\/\/julienmarchal.fr\/livre-et-commentaires\/#primaryimage","url":"https:\/\/julienmarchal.fr\/wp-content\/uploads\/2025\/10\/bibliotheque-bois-des-fillons-3-2025.jpg","contentUrl":"https:\/\/julienmarchal.fr\/wp-content\/uploads\/2025\/10\/bibliotheque-bois-des-fillons-3-2025.jpg","width":481,"height":640},{"@type":"BreadcrumbList","@id":"https:\/\/julienmarchal.fr\/livre-et-commentaires\/#breadcrumb","itemListElement":[{"@type":"ListItem","position":1,"name":"Accueil","item":"https:\/\/julienmarchal.fr\/"},{"@type":"ListItem","position":2,"name":"Livre et commentaires"}]},{"@type":"WebSite","@id":"https:\/\/julienmarchal.fr\/#website","url":"https:\/\/julienmarchal.fr\/","name":"JULIEN MARCHAL, Observador de mam\u00edferos marinos","description":"Observador de mam\u00edferos marinos","publisher":{"@id":"https:\/\/julienmarchal.fr\/#\/schema\/person\/9bad5d6d81f92720eaf6c4750c93b7c5"},"potentialAction":[{"@type":"SearchAction","target":{"@type":"EntryPoint","urlTemplate":"https:\/\/julienmarchal.fr\/?s={search_term_string}"},"query-input":{"@type":"PropertyValueSpecification","valueRequired":true,"valueName":"search_term_string"}}],"inLanguage":"es"},{"@type":["Person","Organization"],"@id":"https:\/\/julienmarchal.fr\/#\/schema\/person\/9bad5d6d81f92720eaf6c4750c93b7c5","name":"Julien Marchal","image":{"@type":"ImageObject","inLanguage":"es","@id":"https:\/\/julienmarchal.fr\/wp-content\/uploads\/2023\/02\/julien-marchal-debuts.png","url":"https:\/\/julienmarchal.fr\/wp-content\/uploads\/2023\/02\/julien-marchal-debuts.png","contentUrl":"https:\/\/julienmarchal.fr\/wp-content\/uploads\/2023\/02\/julien-marchal-debuts.png","width":1239,"height":711,"caption":"Julien Marchal"},"logo":{"@id":"https:\/\/julienmarchal.fr\/wp-content\/uploads\/2023\/02\/julien-marchal-debuts.png"},"sameAs":["https:\/\/www.instagram.com\/julienligniermarchal\/","https:\/\/www.linkedin.com\/in\/julien-lignier-marchal\/"]}]}},"_links":{"self":[{"href":"https:\/\/julienmarchal.fr\/es\/wp-json\/wp\/v2\/posts\/11642","targetHints":{"allow":["GET"]}}],"collection":[{"href":"https:\/\/julienmarchal.fr\/es\/wp-json\/wp\/v2\/posts"}],"about":[{"href":"https:\/\/julienmarchal.fr\/es\/wp-json\/wp\/v2\/types\/post"}],"author":[{"embeddable":true,"href":"https:\/\/julienmarchal.fr\/es\/wp-json\/wp\/v2\/users\/3"}],"replies":[{"embeddable":true,"href":"https:\/\/julienmarchal.fr\/es\/wp-json\/wp\/v2\/comments?post=11642"}],"version-history":[{"count":117,"href":"https:\/\/julienmarchal.fr\/es\/wp-json\/wp\/v2\/posts\/11642\/revisions"}],"predecessor-version":[{"id":11853,"href":"https:\/\/julienmarchal.fr\/es\/wp-json\/wp\/v2\/posts\/11642\/revisions\/11853"}],"wp:featuredmedia":[{"embeddable":true,"href":"https:\/\/julienmarchal.fr\/es\/wp-json\/wp\/v2\/media\/11469"}],"wp:attachment":[{"href":"https:\/\/julienmarchal.fr\/es\/wp-json\/wp\/v2\/media?parent=11642"}],"wp:term":[{"taxonomy":"category","embeddable":true,"href":"https:\/\/julienmarchal.fr\/es\/wp-json\/wp\/v2\/categories?post=11642"},{"taxonomy":"post_tag","embeddable":true,"href":"https:\/\/julienmarchal.fr\/es\/wp-json\/wp\/v2\/tags?post=11642"}],"curies":[{"name":"wp","href":"https:\/\/api.w.org\/{rel}","templated":true}]}}