{"id":10007,"date":"2023-03-22T15:24:55","date_gmt":"2023-03-22T14:24:55","guid":{"rendered":"https:\/\/julienmarchal.fr\/?p=10007"},"modified":"2023-03-22T15:27:58","modified_gmt":"2023-03-22T14:27:58","slug":"saison-2022-au-canada-3","status":"publish","type":"post","link":"https:\/\/julienmarchal.fr\/es\/son-acoustique-de-baleine-a-bosse\/","title":{"rendered":"Sonido ac\u00fastico de la ballena jorobada"},"content":{"rendered":"<div data-elementor-type=\"wp-post\" data-elementor-id=\"10007\" class=\"elementor elementor-10007\" data-elementor-post-type=\"post\">\n\t\t\t\t\t\t<section class=\"elementor-section elementor-top-section elementor-element elementor-element-b2d0059 elementor-section-boxed elementor-section-height-default elementor-section-height-default\" data-id=\"b2d0059\" data-element_type=\"section\" data-e-type=\"section\">\n\t\t\t\t\t\t<div class=\"elementor-container elementor-column-gap-default\">\n\t\t\t\t\t<div class=\"elementor-column elementor-col-100 elementor-top-column elementor-element elementor-element-107b1c7\" data-id=\"107b1c7\" data-element_type=\"column\" data-e-type=\"column\">\n\t\t\t<div class=\"elementor-widget-wrap elementor-element-populated\">\n\t\t\t\t\t\t<div class=\"elementor-element elementor-element-a2de1bf elementor-widget elementor-widget-heading\" data-id=\"a2de1bf\" data-element_type=\"widget\" data-e-type=\"widget\" data-widget_type=\"heading.default\">\n\t\t\t\t<div class=\"elementor-widget-container\">\n\t\t\t\t\t<h2 class=\"elementor-heading-title elementor-size-default\">Hola a todos,<\/h2>\t\t\t\t<\/div>\n\t\t\t\t<\/div>\n\t\t\t\t<div class=\"elementor-element elementor-element-1e947a5 elementor-widget elementor-widget-heading\" data-id=\"1e947a5\" data-element_type=\"widget\" data-e-type=\"widget\" data-widget_type=\"heading.default\">\n\t\t\t\t<div class=\"elementor-widget-container\">\n\t\t\t\t\t<h3 class=\"elementor-heading-title elementor-size-default\">Las ballenas jorobadas son las verdaderas estrellas de la investigaci\u00f3n cient\u00edfica, probablemente los cet\u00e1ceos m\u00e1s estudiados por sus cantos.<\/h3>\t\t\t\t<\/div>\n\t\t\t\t<\/div>\n\t\t\t\t<div class=\"elementor-element elementor-element-b8ac11b elementor-widget elementor-widget-text-editor\" data-id=\"b8ac11b\" data-element_type=\"widget\" data-e-type=\"widget\" data-widget_type=\"text-editor.default\">\n\t\t\t\t<div class=\"elementor-widget-container\">\n\t\t\t\t\t\t\t\t\t<p><span>La canci\u00f3n de\u00a0<\/span>ballenas jorobadas <span>(<em>Megaptera novaeangliae<\/em>) es un despliegue vocal largo y complejo que s\u00f3lo producen los machos.<\/span> <span>Utilizan la conductividad ac\u00fastica del agua y su gigantesco volumen corporal para comunicarse a miles de metros de profundidad con notas agudas o graves. Algunas componen aut\u00e9nticas canciones.\u00a0<\/span><\/p>\t\t\t\t\t\t\t\t<\/div>\n\t\t\t\t<\/div>\n\t\t\t\t\t<\/div>\n\t\t<\/div>\n\t\t\t\t\t<\/div>\n\t\t<\/section>\n\t\t\t\t<section class=\"elementor-section elementor-top-section elementor-element elementor-element-545e77e elementor-section-boxed elementor-section-height-default elementor-section-height-default\" data-id=\"545e77e\" data-element_type=\"section\" data-e-type=\"section\">\n\t\t\t\t\t\t<div class=\"elementor-container elementor-column-gap-default\">\n\t\t\t\t\t<div class=\"elementor-column elementor-col-100 elementor-top-column elementor-element elementor-element-04f945d\" data-id=\"04f945d\" data-element_type=\"column\" data-e-type=\"column\">\n\t\t\t<div class=\"elementor-widget-wrap elementor-element-populated\">\n\t\t\t\t\t\t<div class=\"elementor-element elementor-element-596ec54 elementor-widget elementor-widget-waveplayer\" data-id=\"596ec54\" data-element_type=\"widget\" data-e-type=\"widget\" data-widget_type=\"waveplayer.default\">\n\t\t\t\t<div class=\"elementor-widget-container\">\n\t\t\t\t\t<div class=\"waveplayer-container\"><div id=\"waveplayer-1deb4d311edeba535c7f753466ec99ff-69f739dcb2a9a\" class=\"waveplayer loading wvpl-skin-w2-evolution wvpl-palette-800e3a14c86733ad9ccc96fd80850d88 wvpl-style-light wvpl-size-md wvpl-shape-circle\" data-skin=\"w2-evolution\" data-gap_width=\"3\" data-override_wave_colors=\"0\" data-type=\"internal\" data-mode=\"normal\" data-limit=\"0\" data-instance_id=\"1deb4d311edeba535c7f753466ec99ff-69f739dcb2a9a\">\n\t<div class=\"wvpl-left-box\" style=\"background-image:url(https:\/\/julienmarchal.fr\/wp-content\/plugins\/waveplayer\/assets\/img\/waveplayer.jpg)\">\n\t\t<div class=\"wvpl-interface\">\n\t\t\t<div class=\"wvpl-volume-overlay\"><\/div>\n\t\t\t<div class=\"wvpl-icon wvpl-info\"><\/div>\n\t\t\t<div class=\"wvpl-controls\">\n\t\t\t\t<div class=\"wvpl-icon wvpl-prev wvpl-disabled\"><\/div>\n\t\t\t\t<div class=\"wvpl-icon wvpl-play\"><\/div>\n\t\t\t\t<div class=\"wvpl-icon wvpl-next wvpl-disabled\"><\/div>\n\t\t\t<\/div>\n\t\t\t\t\t\t\t<div class=\"wvpl-icon wvpl-volume wvpl-volume_up\"><\/div>\n\t\t\t\t\t<\/div>\n\t\t<div class=\"wvpl-poster\"><\/div>\n\t<\/div>\n\t<div class=\"wvpl-right-box\">\n\t\t<div class=\"wvpl-overlay\">\n\t\t\t<svg>\n\t\t\t\t<use xlink:href=\"#waveform-animation\" \/>\n\t\t\t<\/svg>\n\t\t\t<div class=\"percentage\"><\/div>\n\t\t\t<div class=\"wvpl-loading\">\n\t\t\t\t<div class=\"wvpl-loading-progress\"><\/div>\n\t\t\t<\/div>\n\t\t\t<div class=\"message\"><\/div>\n\t\t<\/div>\n\t\t<div class=\"wvpl-position\"><\/div>\n\t\t<div class=\"wvpl-duration\"><\/div>\n\t\t<div class=\"wvpl-waveform\"><\/div>\n\t\t<div class=\"wvpl-infobar\">\n\t\t\t<div class=\"wvpl-playing-info\"><div class=\"wvpl-infoblock\"><\/div><\/div>\n\t\t<\/div>\n\t<\/div>\n\t<div class=\"wvpl-playlist\">\n\t\t<div class=\"wvpl-playlist-wrapper\"><\/div>\n\t<\/div>\n<\/div>\n<\/div>\t\t\t\t<\/div>\n\t\t\t\t<\/div>\n\t\t\t\t\t<\/div>\n\t\t<\/div>\n\t\t\t\t\t<\/div>\n\t\t<\/section>\n\t\t\t\t<section class=\"elementor-section elementor-top-section elementor-element elementor-element-4ed92c5d elementor-section-boxed elementor-section-height-default elementor-section-height-default\" data-id=\"4ed92c5d\" data-element_type=\"section\" data-e-type=\"section\">\n\t\t\t\t\t\t<div class=\"elementor-container elementor-column-gap-default\">\n\t\t\t\t\t<div class=\"elementor-column elementor-col-100 elementor-top-column elementor-element elementor-element-25f35b8a\" data-id=\"25f35b8a\" data-element_type=\"column\" data-e-type=\"column\">\n\t\t\t<div class=\"elementor-widget-wrap elementor-element-populated\">\n\t\t\t\t\t\t<div class=\"elementor-element elementor-element-55e8f500 elementor-widget__width-initial elementor-widget elementor-widget-text-editor\" data-id=\"55e8f500\" data-element_type=\"widget\" data-e-type=\"widget\" data-widget_type=\"text-editor.default\">\n\t\t\t\t<div class=\"elementor-widget-container\">\n\t\t\t\t\t\t\t\t\t<blockquote><p><span style=\"font-size: medium;\">Atentamente.<\/span><\/p><p><span style=\"font-size: large;\">Terrebonne, Quebec\/Canad\u00e1, marzo de 2023<\/span><\/p><p><cite>Julien Marchal<\/cite><\/p><\/blockquote>\t\t\t\t\t\t\t\t<\/div>\n\t\t\t\t<\/div>\n\t\t\t\t\t<\/div>\n\t\t<\/div>\n\t\t\t\t\t<\/div>\n\t\t<\/section>\n\t\t\t\t<\/div>","protected":false},"excerpt":{"rendered":"<p>Bonjour \u00e0 tous, Les baleines \u00e0 bosses sont les vraies stars de la recherche scientifique, probablement les c\u00e9tac\u00e9s les plus \u00e9tudi\u00e9s pour leurs chants. Le chant des\u00a0baleines \u00e0 bosse (Megaptera novaeangliae) est une longue et complexe d\u00e9monstration vocale produite uniquement par les m\u00e2les. Elles utilisent la conductivit\u00e9 acoustique de l\u2019eau et leur gigantesque volume corporel [&hellip;]<\/p>\n","protected":false},"author":3,"featured_media":4245,"comment_status":"closed","ping_status":"open","sticky":false,"template":"","format":"standard","meta":{"footnotes":""},"categories":[99],"tags":[],"class_list":["post-10007","post","type-post","status-publish","format-standard","has-post-thumbnail","hentry","category-blog-general"],"yoast_head":"<!-- This site is optimized with the Yoast SEO plugin v27.5 - https:\/\/yoast.com\/product\/yoast-seo-wordpress\/ -->\n<title>JULIEN MARCHAL &#8212; Son acoustique de baleine \u00e0 bosse<\/title>\n<meta name=\"description\" content=\"Son acoustique de baleines \u00e0 bosse\" \/>\n<meta name=\"robots\" content=\"index, follow, max-snippet:-1, max-image-preview:large, max-video-preview:-1\" \/>\n<link rel=\"canonical\" href=\"https:\/\/julienmarchal.fr\/es\/saison-2022-au-canada-3\/\" \/>\n<meta property=\"og:locale\" content=\"es_ES\" \/>\n<meta property=\"og:type\" content=\"article\" \/>\n<meta property=\"og:title\" content=\"JULIEN MARCHAL &#8212; Son acoustique de baleine \u00e0 bosse\" \/>\n<meta property=\"og:description\" content=\"Son acoustique de baleines \u00e0 bosse\" \/>\n<meta property=\"og:url\" content=\"https:\/\/julienmarchal.fr\/es\/saison-2022-au-canada-3\/\" \/>\n<meta property=\"og:site_name\" content=\"JULIEN MARCHAL\" \/>\n<meta property=\"article:published_time\" content=\"2023-03-22T14:24:55+00:00\" \/>\n<meta property=\"article:modified_time\" content=\"2023-03-22T14:27:58+00:00\" \/>\n<meta property=\"og:image\" content=\"https:\/\/julienmarchal.fr\/wp-content\/uploads\/2023\/01\/Megaptera.Samana.Gallerie0983.mai2011.jpg\" \/>\n\t<meta property=\"og:image:width\" content=\"2256\" \/>\n\t<meta property=\"og:image:height\" content=\"1504\" \/>\n\t<meta property=\"og:image:type\" content=\"image\/jpeg\" \/>\n<meta name=\"author\" content=\"Julien Marchal\" \/>\n<meta name=\"twitter:card\" content=\"summary_large_image\" \/>\n<script type=\"application\/ld+json\" class=\"yoast-schema-graph\">{\"@context\":\"https:\\\/\\\/schema.org\",\"@graph\":[{\"@type\":\"Article\",\"@id\":\"https:\\\/\\\/julienmarchal.fr\\\/son-acoustique-de-baleine-a-bosse\\\/#article\",\"isPartOf\":{\"@id\":\"https:\\\/\\\/julienmarchal.fr\\\/son-acoustique-de-baleine-a-bosse\\\/\"},\"author\":{\"name\":\"Julien Marchal\",\"@id\":\"https:\\\/\\\/julienmarchal.fr\\\/#\\\/schema\\\/person\\\/9bad5d6d81f92720eaf6c4750c93b7c5\"},\"headline\":\"Son acoustique de baleine \u00e0 bosse\",\"datePublished\":\"2023-03-22T14:24:55+00:00\",\"dateModified\":\"2023-03-22T14:27:58+00:00\",\"mainEntityOfPage\":{\"@id\":\"https:\\\/\\\/julienmarchal.fr\\\/son-acoustique-de-baleine-a-bosse\\\/\"},\"wordCount\":94,\"publisher\":{\"@id\":\"https:\\\/\\\/julienmarchal.fr\\\/#\\\/schema\\\/person\\\/9bad5d6d81f92720eaf6c4750c93b7c5\"},\"image\":{\"@id\":\"https:\\\/\\\/julienmarchal.fr\\\/son-acoustique-de-baleine-a-bosse\\\/#primaryimage\"},\"thumbnailUrl\":\"https:\\\/\\\/julienmarchal.fr\\\/wp-content\\\/uploads\\\/2023\\\/01\\\/Megaptera.Samana.Gallerie0983.mai2011.jpg\",\"articleSection\":[\"Blog g\u00e9n\u00e9ral\"],\"inLanguage\":\"es\"},{\"@type\":\"WebPage\",\"@id\":\"https:\\\/\\\/julienmarchal.fr\\\/son-acoustique-de-baleine-a-bosse\\\/\",\"url\":\"https:\\\/\\\/julienmarchal.fr\\\/son-acoustique-de-baleine-a-bosse\\\/\",\"name\":\"JULIEN MARCHAL &#8212; Son acoustique de baleine \u00e0 bosse\",\"isPartOf\":{\"@id\":\"https:\\\/\\\/julienmarchal.fr\\\/#website\"},\"primaryImageOfPage\":{\"@id\":\"https:\\\/\\\/julienmarchal.fr\\\/son-acoustique-de-baleine-a-bosse\\\/#primaryimage\"},\"image\":{\"@id\":\"https:\\\/\\\/julienmarchal.fr\\\/son-acoustique-de-baleine-a-bosse\\\/#primaryimage\"},\"thumbnailUrl\":\"https:\\\/\\\/julienmarchal.fr\\\/wp-content\\\/uploads\\\/2023\\\/01\\\/Megaptera.Samana.Gallerie0983.mai2011.jpg\",\"datePublished\":\"2023-03-22T14:24:55+00:00\",\"dateModified\":\"2023-03-22T14:27:58+00:00\",\"description\":\"Son acoustique de baleines \u00e0 bosse\",\"breadcrumb\":{\"@id\":\"https:\\\/\\\/julienmarchal.fr\\\/son-acoustique-de-baleine-a-bosse\\\/#breadcrumb\"},\"inLanguage\":\"es\",\"potentialAction\":[{\"@type\":\"ReadAction\",\"target\":[\"https:\\\/\\\/julienmarchal.fr\\\/son-acoustique-de-baleine-a-bosse\\\/\"]}]},{\"@type\":\"ImageObject\",\"inLanguage\":\"es\",\"@id\":\"https:\\\/\\\/julienmarchal.fr\\\/son-acoustique-de-baleine-a-bosse\\\/#primaryimage\",\"url\":\"https:\\\/\\\/julienmarchal.fr\\\/wp-content\\\/uploads\\\/2023\\\/01\\\/Megaptera.Samana.Gallerie0983.mai2011.jpg\",\"contentUrl\":\"https:\\\/\\\/julienmarchal.fr\\\/wp-content\\\/uploads\\\/2023\\\/01\\\/Megaptera.Samana.Gallerie0983.mai2011.jpg\",\"width\":2256,\"height\":1504},{\"@type\":\"BreadcrumbList\",\"@id\":\"https:\\\/\\\/julienmarchal.fr\\\/son-acoustique-de-baleine-a-bosse\\\/#breadcrumb\",\"itemListElement\":[{\"@type\":\"ListItem\",\"position\":1,\"name\":\"Accueil\",\"item\":\"https:\\\/\\\/julienmarchal.fr\\\/\"},{\"@type\":\"ListItem\",\"position\":2,\"name\":\"Son acoustique de baleine \u00e0 bosse\"}]},{\"@type\":\"WebSite\",\"@id\":\"https:\\\/\\\/julienmarchal.fr\\\/#website\",\"url\":\"https:\\\/\\\/julienmarchal.fr\\\/\",\"name\":\"JULIEN MARCHAL, Observateur de mammif\u00e8res marins\",\"description\":\"Observateur Mammif\u00e8res marins\",\"publisher\":{\"@id\":\"https:\\\/\\\/julienmarchal.fr\\\/#\\\/schema\\\/person\\\/9bad5d6d81f92720eaf6c4750c93b7c5\"},\"potentialAction\":[{\"@type\":\"SearchAction\",\"target\":{\"@type\":\"EntryPoint\",\"urlTemplate\":\"https:\\\/\\\/julienmarchal.fr\\\/?s={search_term_string}\"},\"query-input\":{\"@type\":\"PropertyValueSpecification\",\"valueRequired\":true,\"valueName\":\"search_term_string\"}}],\"inLanguage\":\"es\"},{\"@type\":[\"Person\",\"Organization\"],\"@id\":\"https:\\\/\\\/julienmarchal.fr\\\/#\\\/schema\\\/person\\\/9bad5d6d81f92720eaf6c4750c93b7c5\",\"name\":\"Julien Marchal\",\"image\":{\"@type\":\"ImageObject\",\"inLanguage\":\"es\",\"@id\":\"https:\\\/\\\/julienmarchal.fr\\\/wp-content\\\/uploads\\\/2023\\\/02\\\/julien-marchal-debuts.png\",\"url\":\"https:\\\/\\\/julienmarchal.fr\\\/wp-content\\\/uploads\\\/2023\\\/02\\\/julien-marchal-debuts.png\",\"contentUrl\":\"https:\\\/\\\/julienmarchal.fr\\\/wp-content\\\/uploads\\\/2023\\\/02\\\/julien-marchal-debuts.png\",\"width\":1239,\"height\":711,\"caption\":\"Julien Marchal\"},\"logo\":{\"@id\":\"https:\\\/\\\/julienmarchal.fr\\\/wp-content\\\/uploads\\\/2023\\\/02\\\/julien-marchal-debuts.png\"},\"sameAs\":[\"https:\\\/\\\/www.instagram.com\\\/julienligniermarchal\\\/\",\"https:\\\/\\\/www.linkedin.com\\\/in\\\/julien-lignier-marchal\\\/\"]}]}<\/script>\n<!-- \/ Yoast SEO plugin. -->","yoast_head_json":{"title":"JULIEN MARCHAL - El sonido ac\u00fastico de una ballena jorobada","description":"Sonido ac\u00fastico de las ballenas jorobadas","robots":{"index":"index","follow":"follow","max-snippet":"max-snippet:-1","max-image-preview":"max-image-preview:large","max-video-preview":"max-video-preview:-1"},"canonical":"https:\/\/julienmarchal.fr\/es\/saison-2022-au-canada-3\/","og_locale":"es_ES","og_type":"article","og_title":"JULIEN MARCHAL &#8212; Son acoustique de baleine \u00e0 bosse","og_description":"Son acoustique de baleines \u00e0 bosse","og_url":"https:\/\/julienmarchal.fr\/es\/saison-2022-au-canada-3\/","og_site_name":"JULIEN MARCHAL","article_published_time":"2023-03-22T14:24:55+00:00","article_modified_time":"2023-03-22T14:27:58+00:00","og_image":[{"width":2256,"height":1504,"url":"https:\/\/julienmarchal.fr\/wp-content\/uploads\/2023\/01\/Megaptera.Samana.Gallerie0983.mai2011.jpg","type":"image\/jpeg"}],"author":"Julien Marchal","twitter_card":"summary_large_image","schema":{"@context":"https:\/\/schema.org","@graph":[{"@type":"Article","@id":"https:\/\/julienmarchal.fr\/son-acoustique-de-baleine-a-bosse\/#article","isPartOf":{"@id":"https:\/\/julienmarchal.fr\/son-acoustique-de-baleine-a-bosse\/"},"author":{"name":"Julien Marchal","@id":"https:\/\/julienmarchal.fr\/#\/schema\/person\/9bad5d6d81f92720eaf6c4750c93b7c5"},"headline":"Son acoustique de baleine \u00e0 bosse","datePublished":"2023-03-22T14:24:55+00:00","dateModified":"2023-03-22T14:27:58+00:00","mainEntityOfPage":{"@id":"https:\/\/julienmarchal.fr\/son-acoustique-de-baleine-a-bosse\/"},"wordCount":94,"publisher":{"@id":"https:\/\/julienmarchal.fr\/#\/schema\/person\/9bad5d6d81f92720eaf6c4750c93b7c5"},"image":{"@id":"https:\/\/julienmarchal.fr\/son-acoustique-de-baleine-a-bosse\/#primaryimage"},"thumbnailUrl":"https:\/\/julienmarchal.fr\/wp-content\/uploads\/2023\/01\/Megaptera.Samana.Gallerie0983.mai2011.jpg","articleSection":["Blog g\u00e9n\u00e9ral"],"inLanguage":"es"},{"@type":"WebPage","@id":"https:\/\/julienmarchal.fr\/son-acoustique-de-baleine-a-bosse\/","url":"https:\/\/julienmarchal.fr\/son-acoustique-de-baleine-a-bosse\/","name":"JULIEN MARCHAL - El sonido ac\u00fastico de una ballena jorobada","isPartOf":{"@id":"https:\/\/julienmarchal.fr\/#website"},"primaryImageOfPage":{"@id":"https:\/\/julienmarchal.fr\/son-acoustique-de-baleine-a-bosse\/#primaryimage"},"image":{"@id":"https:\/\/julienmarchal.fr\/son-acoustique-de-baleine-a-bosse\/#primaryimage"},"thumbnailUrl":"https:\/\/julienmarchal.fr\/wp-content\/uploads\/2023\/01\/Megaptera.Samana.Gallerie0983.mai2011.jpg","datePublished":"2023-03-22T14:24:55+00:00","dateModified":"2023-03-22T14:27:58+00:00","description":"Sonido ac\u00fastico de las ballenas jorobadas","breadcrumb":{"@id":"https:\/\/julienmarchal.fr\/son-acoustique-de-baleine-a-bosse\/#breadcrumb"},"inLanguage":"es","potentialAction":[{"@type":"ReadAction","target":["https:\/\/julienmarchal.fr\/son-acoustique-de-baleine-a-bosse\/"]}]},{"@type":"ImageObject","inLanguage":"es","@id":"https:\/\/julienmarchal.fr\/son-acoustique-de-baleine-a-bosse\/#primaryimage","url":"https:\/\/julienmarchal.fr\/wp-content\/uploads\/2023\/01\/Megaptera.Samana.Gallerie0983.mai2011.jpg","contentUrl":"https:\/\/julienmarchal.fr\/wp-content\/uploads\/2023\/01\/Megaptera.Samana.Gallerie0983.mai2011.jpg","width":2256,"height":1504},{"@type":"BreadcrumbList","@id":"https:\/\/julienmarchal.fr\/son-acoustique-de-baleine-a-bosse\/#breadcrumb","itemListElement":[{"@type":"ListItem","position":1,"name":"Accueil","item":"https:\/\/julienmarchal.fr\/"},{"@type":"ListItem","position":2,"name":"Son acoustique de baleine \u00e0 bosse"}]},{"@type":"WebSite","@id":"https:\/\/julienmarchal.fr\/#website","url":"https:\/\/julienmarchal.fr\/","name":"JULIEN MARCHAL, Observador de mam\u00edferos marinos","description":"Observador de mam\u00edferos marinos","publisher":{"@id":"https:\/\/julienmarchal.fr\/#\/schema\/person\/9bad5d6d81f92720eaf6c4750c93b7c5"},"potentialAction":[{"@type":"SearchAction","target":{"@type":"EntryPoint","urlTemplate":"https:\/\/julienmarchal.fr\/?s={search_term_string}"},"query-input":{"@type":"PropertyValueSpecification","valueRequired":true,"valueName":"search_term_string"}}],"inLanguage":"es"},{"@type":["Person","Organization"],"@id":"https:\/\/julienmarchal.fr\/#\/schema\/person\/9bad5d6d81f92720eaf6c4750c93b7c5","name":"Julien Marchal","image":{"@type":"ImageObject","inLanguage":"es","@id":"https:\/\/julienmarchal.fr\/wp-content\/uploads\/2023\/02\/julien-marchal-debuts.png","url":"https:\/\/julienmarchal.fr\/wp-content\/uploads\/2023\/02\/julien-marchal-debuts.png","contentUrl":"https:\/\/julienmarchal.fr\/wp-content\/uploads\/2023\/02\/julien-marchal-debuts.png","width":1239,"height":711,"caption":"Julien Marchal"},"logo":{"@id":"https:\/\/julienmarchal.fr\/wp-content\/uploads\/2023\/02\/julien-marchal-debuts.png"},"sameAs":["https:\/\/www.instagram.com\/julienligniermarchal\/","https:\/\/www.linkedin.com\/in\/julien-lignier-marchal\/"]}]}},"_links":{"self":[{"href":"https:\/\/julienmarchal.fr\/es\/wp-json\/wp\/v2\/posts\/10007","targetHints":{"allow":["GET"]}}],"collection":[{"href":"https:\/\/julienmarchal.fr\/es\/wp-json\/wp\/v2\/posts"}],"about":[{"href":"https:\/\/julienmarchal.fr\/es\/wp-json\/wp\/v2\/types\/post"}],"author":[{"embeddable":true,"href":"https:\/\/julienmarchal.fr\/es\/wp-json\/wp\/v2\/users\/3"}],"replies":[{"embeddable":true,"href":"https:\/\/julienmarchal.fr\/es\/wp-json\/wp\/v2\/comments?post=10007"}],"version-history":[{"count":0,"href":"https:\/\/julienmarchal.fr\/es\/wp-json\/wp\/v2\/posts\/10007\/revisions"}],"wp:featuredmedia":[{"embeddable":true,"href":"https:\/\/julienmarchal.fr\/es\/wp-json\/wp\/v2\/media\/4245"}],"wp:attachment":[{"href":"https:\/\/julienmarchal.fr\/es\/wp-json\/wp\/v2\/media?parent=10007"}],"wp:term":[{"taxonomy":"category","embeddable":true,"href":"https:\/\/julienmarchal.fr\/es\/wp-json\/wp\/v2\/categories?post=10007"},{"taxonomy":"post_tag","embeddable":true,"href":"https:\/\/julienmarchal.fr\/es\/wp-json\/wp\/v2\/tags?post=10007"}],"curies":[{"name":"wp","href":"https:\/\/api.w.org\/{rel}","templated":true}]}}