{"id":8297,"date":"2009-10-05T15:29:41","date_gmt":"2009-10-05T13:29:41","guid":{"rendered":"https:\/\/julienmarchal.fr\/?p=8297"},"modified":"2023-03-12T21:23:10","modified_gmt":"2023-03-12T20:23:10","slug":"all-against-the-captivity-and-slaughter-of-dolphins-with-the-film-the-cove","status":"publish","type":"post","link":"https:\/\/julienmarchal.fr\/en-us\/tous-contre-la-captivite-et-le-massacre-des-dauphins-avec-le-film-the-cove\/","title":{"rendered":"All against captivity and the massacre of dolphins with the film -The Cove-."},"content":{"rendered":"<div data-elementor-type=\"wp-post\" data-elementor-id=\"8297\" class=\"elementor elementor-8297\" data-elementor-post-type=\"post\">\n\t\t\t\t\t\t<section class=\"elementor-section elementor-top-section elementor-element elementor-element-c020e39 elementor-section-boxed elementor-section-height-default elementor-section-height-default\" data-id=\"c020e39\" data-element_type=\"section\" data-e-type=\"section\">\n\t\t\t\t\t\t<div class=\"elementor-container elementor-column-gap-default\">\n\t\t\t\t\t<div class=\"elementor-column elementor-col-100 elementor-top-column elementor-element elementor-element-c0b5188\" data-id=\"c0b5188\" data-element_type=\"column\" data-e-type=\"column\">\n\t\t\t<div class=\"elementor-widget-wrap elementor-element-populated\">\n\t\t\t\t\t\t<div class=\"elementor-element elementor-element-2892989 elementor-widget elementor-widget-heading\" data-id=\"2892989\" data-element_type=\"widget\" data-e-type=\"widget\" data-widget_type=\"heading.default\">\n\t\t\t\t<div class=\"elementor-widget-container\">\n\t\t\t\t\t<h4 class=\"elementor-heading-title elementor-size-default\">Dear visitors,<\/h4>\t\t\t\t<\/div>\n\t\t\t\t<\/div>\n\t\t\t\t<div class=\"elementor-element elementor-element-278b5cd elementor-widget elementor-widget-text-editor\" data-id=\"278b5cd\" data-element_type=\"widget\" data-e-type=\"widget\" data-widget_type=\"text-editor.default\">\n\t\t\t\t<div class=\"elementor-widget-container\">\n\t\t\t\t\t\t\t\t\t<p>Mr. Rick O'Barry is the star of a documentary filmed in Taiji, Japan, called The Cove, which refers to the annual slaughter of thousands of dolphins. It is being released in theaters today.<\/p><p>This former dolphin trainer for the American series -Flipper-, has been fighting for more than 30 years against captivity and the protection of cetaceans. The Japanese use bays on their coasts to attract dolphins in order to sort them out and sell them to marine zoos. Taiji Cove is infamous. The survivors are killed for their meat which ends up on market stalls or in Japanese restaurants.<\/p><p>I had read in the quarterly of information of the Mediterranean environment, \"Plan\u00e8te Mer\" (n\u00b062), of the French NGO SOS Grand Bleu (magazine that I support faithfully since years), an article on this subject. The association had been invited by Mr. O'Barry to the presentation of the film during the 62nd edition of the Cannes Film Festival (May 14, 2009). It is produced in France by the director Mr Luc Besson.<\/p><p>I invite everyone to go to theaters to watch it and understand that dolphins continue to be hunted, sold in dolphinariums and that the circus industry is an aberration.<\/p>\t\t\t\t\t\t\t\t<\/div>\n\t\t\t\t<\/div>\n\t\t\t\t\t<\/div>\n\t\t<\/div>\n\t\t\t\t\t<\/div>\n\t\t<\/section>\n\t\t\t\t<section class=\"elementor-section elementor-top-section elementor-element elementor-element-64bf2abb elementor-section-boxed elementor-section-height-default elementor-section-height-default\" data-id=\"64bf2abb\" data-element_type=\"section\" data-e-type=\"section\">\n\t\t\t\t\t\t<div class=\"elementor-container elementor-column-gap-default\">\n\t\t\t\t\t<div class=\"elementor-column elementor-col-100 elementor-top-column elementor-element elementor-element-65bfe1d8\" data-id=\"65bfe1d8\" data-element_type=\"column\" data-e-type=\"column\">\n\t\t\t<div class=\"elementor-widget-wrap elementor-element-populated\">\n\t\t\t\t\t\t<div class=\"elementor-element elementor-element-1df305d9 elementor-widget__width-initial elementor-widget elementor-widget-text-editor\" data-id=\"1df305d9\" data-element_type=\"widget\" data-e-type=\"widget\" data-widget_type=\"text-editor.default\">\n\t\t\t\t<div class=\"elementor-widget-container\">\n\t\t\t\t\t\t\t\t\t<blockquote><p><span style=\"font-size: medium;\">Sincerely.<\/span><\/p><p><span style=\"font-size: large;\">French Polynesia - October 2009.<\/span><\/p><p><cite>Julien Marchal<\/cite><\/p><\/blockquote>\t\t\t\t\t\t\t\t<\/div>\n\t\t\t\t<\/div>\n\t\t\t\t\t<\/div>\n\t\t<\/div>\n\t\t\t\t\t<\/div>\n\t\t<\/section>\n\t\t\t\t<section class=\"elementor-section elementor-top-section elementor-element elementor-element-e5352f4 elementor-section-boxed elementor-section-height-default elementor-section-height-default\" data-id=\"e5352f4\" data-element_type=\"section\" data-e-type=\"section\">\n\t\t\t\t\t\t<div class=\"elementor-container elementor-column-gap-default\">\n\t\t\t\t\t<div class=\"elementor-column elementor-col-100 elementor-top-column elementor-element elementor-element-29327b8\" data-id=\"29327b8\" data-element_type=\"column\" data-e-type=\"column\">\n\t\t\t<div class=\"elementor-widget-wrap elementor-element-populated\">\n\t\t\t\t\t\t<div class=\"elementor-element elementor-element-0d0ca38 acenter a-mobileleft a-tabletleft elementor-widget-icon-box wgl-icon-box elementor-widget elementor-widget-wgl-button\" data-id=\"0d0ca38\" data-element_type=\"widget\" data-e-type=\"widget\" data-widget_type=\"wgl-button.default\">\n\t\t\t\t<div class=\"elementor-widget-container\">\n\t\t\t\t\t<div class=\"button-wrapper\"><a  class=\"wgl-button btn-size-lg\" role=\"button\" href=\"https:\/\/julienmarchal.fr\/en-us\/oscar-for-best-documentary-the-cove-february-2009\/\"><span class=\"morph_element theme_mode\"><\/span><div class=\"button-content-wrapper align-icon-right\"><div class=\"media-wrapper icon-wrapper\"><span class=\"wgl-icon\" ><i class=\"icon elementor-icon flaticon flaticon-arrow-right\" aria-hidden=\"true\"><\/i><\/span><\/div><span class=\"wgl-button-text\">My article on the movie THE COVE<\/span><\/div><\/a><\/div>\t\t\t\t<\/div>\n\t\t\t\t<\/div>\n\t\t\t\t\t<\/div>\n\t\t<\/div>\n\t\t\t\t\t<\/div>\n\t\t<\/section>\n\t\t\t\t<\/div>","protected":false},"excerpt":{"rendered":"<p>Mr. Rick O'Barry is the hero of a documentary filmed in Taiji, Japan, entitled -The Cove-, which refers to the annual slaughter of thousands of dolphins. It opens in cinemas today.<\/p>","protected":false},"author":1,"featured_media":8299,"comment_status":"closed","ping_status":"open","sticky":false,"template":"","format":"standard","meta":{"footnotes":""},"categories":[99],"tags":[],"class_list":["post-8297","post","type-post","status-publish","format-standard","has-post-thumbnail","hentry","category-blog-general"],"yoast_head":"<!-- This site is optimized with the Yoast SEO plugin v27.3 - https:\/\/yoast.com\/product\/yoast-seo-wordpress\/ -->\n<title>JULIEN MARCHAL &#8212; Tous contre la captivit\u00e9 et le massacre des dauphins avec le film -The Cove-<\/title>\n<meta name=\"description\" content=\"The Cove de Rick O\u2019Barry est tourn\u00e9 \u00e0 Taiji au Japon pour faire r\u00e9f\u00e9rence aux massacres annuels de milliers de dauphins pour la captivit\u00e9\" \/>\n<meta name=\"robots\" content=\"index, follow, max-snippet:-1, max-image-preview:large, max-video-preview:-1\" \/>\n<link rel=\"canonical\" href=\"https:\/\/julienmarchal.fr\/en-us\/all-against-the-captivity-and-slaughter-of-dolphins-with-the-film-the-cove\/\" \/>\n<meta property=\"og:locale\" content=\"en_US\" \/>\n<meta property=\"og:type\" content=\"article\" \/>\n<meta property=\"og:title\" content=\"JULIEN MARCHAL &#8212; Tous contre la captivit\u00e9 et le massacre des dauphins avec le film -The Cove-\" \/>\n<meta property=\"og:description\" content=\"The Cove de Rick O\u2019Barry est tourn\u00e9 \u00e0 Taiji au Japon pour faire r\u00e9f\u00e9rence aux massacres annuels de milliers de dauphins pour la captivit\u00e9\" \/>\n<meta property=\"og:url\" content=\"https:\/\/julienmarchal.fr\/en-us\/all-against-the-captivity-and-slaughter-of-dolphins-with-the-film-the-cove\/\" \/>\n<meta property=\"og:site_name\" content=\"JULIEN MARCHAL\" \/>\n<meta property=\"article:published_time\" content=\"2009-10-05T13:29:41+00:00\" \/>\n<meta property=\"article:modified_time\" content=\"2023-03-12T20:23:10+00:00\" \/>\n<meta property=\"og:image\" content=\"https:\/\/julienmarchal.fr\/wp-content\/uploads\/2009\/10\/RickOBarry-thecove.jpg\" \/>\n\t<meta property=\"og:image:width\" content=\"1450\" \/>\n\t<meta property=\"og:image:height\" content=\"800\" \/>\n\t<meta property=\"og:image:type\" content=\"image\/jpeg\" \/>\n<meta name=\"author\" content=\"Julien Marchal\" \/>\n<meta name=\"twitter:card\" content=\"summary_large_image\" \/>\n<script type=\"application\/ld+json\" class=\"yoast-schema-graph\">{\"@context\":\"https:\\\/\\\/schema.org\",\"@graph\":[{\"@type\":\"Article\",\"@id\":\"https:\\\/\\\/julienmarchal.fr\\\/tous-contre-la-captivite-et-le-massacre-des-dauphins-avec-le-film-the-cove\\\/#article\",\"isPartOf\":{\"@id\":\"https:\\\/\\\/julienmarchal.fr\\\/tous-contre-la-captivite-et-le-massacre-des-dauphins-avec-le-film-the-cove\\\/\"},\"author\":{\"name\":\"Julien Marchal\",\"@id\":\"https:\\\/\\\/julienmarchal.fr\\\/#\\\/schema\\\/person\\\/666ce6402da97412a4009d2891d3cc1d\"},\"headline\":\"Tous contre la captivit\u00e9 et le massacre des dauphins avec le film -The Cove-\",\"datePublished\":\"2009-10-05T13:29:41+00:00\",\"dateModified\":\"2023-03-12T20:23:10+00:00\",\"mainEntityOfPage\":{\"@id\":\"https:\\\/\\\/julienmarchal.fr\\\/tous-contre-la-captivite-et-le-massacre-des-dauphins-avec-le-film-the-cove\\\/\"},\"wordCount\":269,\"publisher\":{\"@id\":\"https:\\\/\\\/julienmarchal.fr\\\/#\\\/schema\\\/person\\\/9bad5d6d81f92720eaf6c4750c93b7c5\"},\"image\":{\"@id\":\"https:\\\/\\\/julienmarchal.fr\\\/tous-contre-la-captivite-et-le-massacre-des-dauphins-avec-le-film-the-cove\\\/#primaryimage\"},\"thumbnailUrl\":\"https:\\\/\\\/julienmarchal.fr\\\/wp-content\\\/uploads\\\/2009\\\/10\\\/RickOBarry-thecove.jpg\",\"articleSection\":[\"Blog g\u00e9n\u00e9ral\"],\"inLanguage\":\"en-US\"},{\"@type\":\"WebPage\",\"@id\":\"https:\\\/\\\/julienmarchal.fr\\\/tous-contre-la-captivite-et-le-massacre-des-dauphins-avec-le-film-the-cove\\\/\",\"url\":\"https:\\\/\\\/julienmarchal.fr\\\/tous-contre-la-captivite-et-le-massacre-des-dauphins-avec-le-film-the-cove\\\/\",\"name\":\"JULIEN MARCHAL &#8212; Tous contre la captivit\u00e9 et le massacre des dauphins avec le film -The Cove-\",\"isPartOf\":{\"@id\":\"https:\\\/\\\/julienmarchal.fr\\\/#website\"},\"primaryImageOfPage\":{\"@id\":\"https:\\\/\\\/julienmarchal.fr\\\/tous-contre-la-captivite-et-le-massacre-des-dauphins-avec-le-film-the-cove\\\/#primaryimage\"},\"image\":{\"@id\":\"https:\\\/\\\/julienmarchal.fr\\\/tous-contre-la-captivite-et-le-massacre-des-dauphins-avec-le-film-the-cove\\\/#primaryimage\"},\"thumbnailUrl\":\"https:\\\/\\\/julienmarchal.fr\\\/wp-content\\\/uploads\\\/2009\\\/10\\\/RickOBarry-thecove.jpg\",\"datePublished\":\"2009-10-05T13:29:41+00:00\",\"dateModified\":\"2023-03-12T20:23:10+00:00\",\"description\":\"The Cove de Rick O\u2019Barry est tourn\u00e9 \u00e0 Taiji au Japon pour faire r\u00e9f\u00e9rence aux massacres annuels de milliers de dauphins pour la captivit\u00e9\",\"breadcrumb\":{\"@id\":\"https:\\\/\\\/julienmarchal.fr\\\/tous-contre-la-captivite-et-le-massacre-des-dauphins-avec-le-film-the-cove\\\/#breadcrumb\"},\"inLanguage\":\"en-US\",\"potentialAction\":[{\"@type\":\"ReadAction\",\"target\":[\"https:\\\/\\\/julienmarchal.fr\\\/tous-contre-la-captivite-et-le-massacre-des-dauphins-avec-le-film-the-cove\\\/\"]}]},{\"@type\":\"ImageObject\",\"inLanguage\":\"en-US\",\"@id\":\"https:\\\/\\\/julienmarchal.fr\\\/tous-contre-la-captivite-et-le-massacre-des-dauphins-avec-le-film-the-cove\\\/#primaryimage\",\"url\":\"https:\\\/\\\/julienmarchal.fr\\\/wp-content\\\/uploads\\\/2009\\\/10\\\/RickOBarry-thecove.jpg\",\"contentUrl\":\"https:\\\/\\\/julienmarchal.fr\\\/wp-content\\\/uploads\\\/2009\\\/10\\\/RickOBarry-thecove.jpg\",\"width\":1450,\"height\":800},{\"@type\":\"BreadcrumbList\",\"@id\":\"https:\\\/\\\/julienmarchal.fr\\\/tous-contre-la-captivite-et-le-massacre-des-dauphins-avec-le-film-the-cove\\\/#breadcrumb\",\"itemListElement\":[{\"@type\":\"ListItem\",\"position\":1,\"name\":\"Accueil\",\"item\":\"https:\\\/\\\/julienmarchal.fr\\\/\"},{\"@type\":\"ListItem\",\"position\":2,\"name\":\"Tous contre la captivit\u00e9 et le massacre des dauphins avec le film -The Cove-\"}]},{\"@type\":\"WebSite\",\"@id\":\"https:\\\/\\\/julienmarchal.fr\\\/#website\",\"url\":\"https:\\\/\\\/julienmarchal.fr\\\/\",\"name\":\"JULIEN MARCHAL, Observateur de mammif\u00e8res marins\",\"description\":\"Observateur Mammif\u00e8res marins\",\"publisher\":{\"@id\":\"https:\\\/\\\/julienmarchal.fr\\\/#\\\/schema\\\/person\\\/9bad5d6d81f92720eaf6c4750c93b7c5\"},\"potentialAction\":[{\"@type\":\"SearchAction\",\"target\":{\"@type\":\"EntryPoint\",\"urlTemplate\":\"https:\\\/\\\/julienmarchal.fr\\\/?s={search_term_string}\"},\"query-input\":{\"@type\":\"PropertyValueSpecification\",\"valueRequired\":true,\"valueName\":\"search_term_string\"}}],\"inLanguage\":\"en-US\"},{\"@type\":[\"Person\",\"Organization\"],\"@id\":\"https:\\\/\\\/julienmarchal.fr\\\/#\\\/schema\\\/person\\\/9bad5d6d81f92720eaf6c4750c93b7c5\",\"name\":\"Julien Marchal\",\"image\":{\"@type\":\"ImageObject\",\"inLanguage\":\"en-US\",\"@id\":\"https:\\\/\\\/julienmarchal.fr\\\/wp-content\\\/uploads\\\/2023\\\/02\\\/julien-marchal-debuts.png\",\"url\":\"https:\\\/\\\/julienmarchal.fr\\\/wp-content\\\/uploads\\\/2023\\\/02\\\/julien-marchal-debuts.png\",\"contentUrl\":\"https:\\\/\\\/julienmarchal.fr\\\/wp-content\\\/uploads\\\/2023\\\/02\\\/julien-marchal-debuts.png\",\"width\":1239,\"height\":711,\"caption\":\"Julien Marchal\"},\"logo\":{\"@id\":\"https:\\\/\\\/julienmarchal.fr\\\/wp-content\\\/uploads\\\/2023\\\/02\\\/julien-marchal-debuts.png\"},\"sameAs\":[\"https:\\\/\\\/www.instagram.com\\\/julienligniermarchal\\\/\",\"https:\\\/\\\/www.linkedin.com\\\/in\\\/julien-lignier-marchal\\\/\"]},{\"@type\":\"Person\",\"@id\":\"https:\\\/\\\/julienmarchal.fr\\\/#\\\/schema\\\/person\\\/666ce6402da97412a4009d2891d3cc1d\",\"name\":\"Julien Marchal\",\"image\":{\"@type\":\"ImageObject\",\"inLanguage\":\"en-US\",\"@id\":\"https:\\\/\\\/secure.gravatar.com\\\/avatar\\\/6ce4805ac055ef813258943a238453c65fb05242d1a5b34797c8fce2407e695b?s=96&r=g\",\"url\":\"https:\\\/\\\/secure.gravatar.com\\\/avatar\\\/6ce4805ac055ef813258943a238453c65fb05242d1a5b34797c8fce2407e695b?s=96&r=g\",\"contentUrl\":\"https:\\\/\\\/secure.gravatar.com\\\/avatar\\\/6ce4805ac055ef813258943a238453c65fb05242d1a5b34797c8fce2407e695b?s=96&r=g\",\"caption\":\"Julien Marchal\"},\"sameAs\":[\"https:\\\/\\\/julienmarchal.fr\\\/dev\"]}]}<\/script>\n<!-- \/ Yoast SEO plugin. -->","yoast_head_json":{"title":"JULIEN MARCHAL - Against the captivity and slaughter of dolphins with the film -The Cove-.","description":"Rick O'Barry's The Cove is filmed in Taiji, Japan, in reference to the annual slaughter of thousands of dolphins for captivity","robots":{"index":"index","follow":"follow","max-snippet":"max-snippet:-1","max-image-preview":"max-image-preview:large","max-video-preview":"max-video-preview:-1"},"canonical":"https:\/\/julienmarchal.fr\/en-us\/all-against-the-captivity-and-slaughter-of-dolphins-with-the-film-the-cove\/","og_locale":"en_US","og_type":"article","og_title":"JULIEN MARCHAL &#8212; Tous contre la captivit\u00e9 et le massacre des dauphins avec le film -The Cove-","og_description":"The Cove de Rick O\u2019Barry est tourn\u00e9 \u00e0 Taiji au Japon pour faire r\u00e9f\u00e9rence aux massacres annuels de milliers de dauphins pour la captivit\u00e9","og_url":"https:\/\/julienmarchal.fr\/en-us\/all-against-the-captivity-and-slaughter-of-dolphins-with-the-film-the-cove\/","og_site_name":"JULIEN MARCHAL","article_published_time":"2009-10-05T13:29:41+00:00","article_modified_time":"2023-03-12T20:23:10+00:00","og_image":[{"width":1450,"height":800,"url":"https:\/\/julienmarchal.fr\/wp-content\/uploads\/2009\/10\/RickOBarry-thecove.jpg","type":"image\/jpeg"}],"author":"Julien Marchal","twitter_card":"summary_large_image","schema":{"@context":"https:\/\/schema.org","@graph":[{"@type":"Article","@id":"https:\/\/julienmarchal.fr\/tous-contre-la-captivite-et-le-massacre-des-dauphins-avec-le-film-the-cove\/#article","isPartOf":{"@id":"https:\/\/julienmarchal.fr\/tous-contre-la-captivite-et-le-massacre-des-dauphins-avec-le-film-the-cove\/"},"author":{"name":"Julien Marchal","@id":"https:\/\/julienmarchal.fr\/#\/schema\/person\/666ce6402da97412a4009d2891d3cc1d"},"headline":"Tous contre la captivit\u00e9 et le massacre des dauphins avec le film -The Cove-","datePublished":"2009-10-05T13:29:41+00:00","dateModified":"2023-03-12T20:23:10+00:00","mainEntityOfPage":{"@id":"https:\/\/julienmarchal.fr\/tous-contre-la-captivite-et-le-massacre-des-dauphins-avec-le-film-the-cove\/"},"wordCount":269,"publisher":{"@id":"https:\/\/julienmarchal.fr\/#\/schema\/person\/9bad5d6d81f92720eaf6c4750c93b7c5"},"image":{"@id":"https:\/\/julienmarchal.fr\/tous-contre-la-captivite-et-le-massacre-des-dauphins-avec-le-film-the-cove\/#primaryimage"},"thumbnailUrl":"https:\/\/julienmarchal.fr\/wp-content\/uploads\/2009\/10\/RickOBarry-thecove.jpg","articleSection":["Blog g\u00e9n\u00e9ral"],"inLanguage":"en-US"},{"@type":"WebPage","@id":"https:\/\/julienmarchal.fr\/tous-contre-la-captivite-et-le-massacre-des-dauphins-avec-le-film-the-cove\/","url":"https:\/\/julienmarchal.fr\/tous-contre-la-captivite-et-le-massacre-des-dauphins-avec-le-film-the-cove\/","name":"JULIEN MARCHAL - Against the captivity and slaughter of dolphins with the film -The Cove-.","isPartOf":{"@id":"https:\/\/julienmarchal.fr\/#website"},"primaryImageOfPage":{"@id":"https:\/\/julienmarchal.fr\/tous-contre-la-captivite-et-le-massacre-des-dauphins-avec-le-film-the-cove\/#primaryimage"},"image":{"@id":"https:\/\/julienmarchal.fr\/tous-contre-la-captivite-et-le-massacre-des-dauphins-avec-le-film-the-cove\/#primaryimage"},"thumbnailUrl":"https:\/\/julienmarchal.fr\/wp-content\/uploads\/2009\/10\/RickOBarry-thecove.jpg","datePublished":"2009-10-05T13:29:41+00:00","dateModified":"2023-03-12T20:23:10+00:00","description":"Rick O'Barry's The Cove is filmed in Taiji, Japan, in reference to the annual slaughter of thousands of dolphins for captivity","breadcrumb":{"@id":"https:\/\/julienmarchal.fr\/tous-contre-la-captivite-et-le-massacre-des-dauphins-avec-le-film-the-cove\/#breadcrumb"},"inLanguage":"en-US","potentialAction":[{"@type":"ReadAction","target":["https:\/\/julienmarchal.fr\/tous-contre-la-captivite-et-le-massacre-des-dauphins-avec-le-film-the-cove\/"]}]},{"@type":"ImageObject","inLanguage":"en-US","@id":"https:\/\/julienmarchal.fr\/tous-contre-la-captivite-et-le-massacre-des-dauphins-avec-le-film-the-cove\/#primaryimage","url":"https:\/\/julienmarchal.fr\/wp-content\/uploads\/2009\/10\/RickOBarry-thecove.jpg","contentUrl":"https:\/\/julienmarchal.fr\/wp-content\/uploads\/2009\/10\/RickOBarry-thecove.jpg","width":1450,"height":800},{"@type":"BreadcrumbList","@id":"https:\/\/julienmarchal.fr\/tous-contre-la-captivite-et-le-massacre-des-dauphins-avec-le-film-the-cove\/#breadcrumb","itemListElement":[{"@type":"ListItem","position":1,"name":"Accueil","item":"https:\/\/julienmarchal.fr\/"},{"@type":"ListItem","position":2,"name":"Tous contre la captivit\u00e9 et le massacre des dauphins avec le film -The Cove-"}]},{"@type":"WebSite","@id":"https:\/\/julienmarchal.fr\/#website","url":"https:\/\/julienmarchal.fr\/","name":"JULIEN MARCHAL, Marine mammal observer","description":"Marine Mammal Observer","publisher":{"@id":"https:\/\/julienmarchal.fr\/#\/schema\/person\/9bad5d6d81f92720eaf6c4750c93b7c5"},"potentialAction":[{"@type":"SearchAction","target":{"@type":"EntryPoint","urlTemplate":"https:\/\/julienmarchal.fr\/?s={search_term_string}"},"query-input":{"@type":"PropertyValueSpecification","valueRequired":true,"valueName":"search_term_string"}}],"inLanguage":"en-US"},{"@type":["Person","Organization"],"@id":"https:\/\/julienmarchal.fr\/#\/schema\/person\/9bad5d6d81f92720eaf6c4750c93b7c5","name":"Julien Marchal","image":{"@type":"ImageObject","inLanguage":"en-US","@id":"https:\/\/julienmarchal.fr\/wp-content\/uploads\/2023\/02\/julien-marchal-debuts.png","url":"https:\/\/julienmarchal.fr\/wp-content\/uploads\/2023\/02\/julien-marchal-debuts.png","contentUrl":"https:\/\/julienmarchal.fr\/wp-content\/uploads\/2023\/02\/julien-marchal-debuts.png","width":1239,"height":711,"caption":"Julien Marchal"},"logo":{"@id":"https:\/\/julienmarchal.fr\/wp-content\/uploads\/2023\/02\/julien-marchal-debuts.png"},"sameAs":["https:\/\/www.instagram.com\/julienligniermarchal\/","https:\/\/www.linkedin.com\/in\/julien-lignier-marchal\/"]},{"@type":"Person","@id":"https:\/\/julienmarchal.fr\/#\/schema\/person\/666ce6402da97412a4009d2891d3cc1d","name":"Julien Marchal","image":{"@type":"ImageObject","inLanguage":"en-US","@id":"https:\/\/secure.gravatar.com\/avatar\/6ce4805ac055ef813258943a238453c65fb05242d1a5b34797c8fce2407e695b?s=96&r=g","url":"https:\/\/secure.gravatar.com\/avatar\/6ce4805ac055ef813258943a238453c65fb05242d1a5b34797c8fce2407e695b?s=96&r=g","contentUrl":"https:\/\/secure.gravatar.com\/avatar\/6ce4805ac055ef813258943a238453c65fb05242d1a5b34797c8fce2407e695b?s=96&r=g","caption":"Julien Marchal"},"sameAs":["https:\/\/julienmarchal.fr\/dev"]}]}},"_links":{"self":[{"href":"https:\/\/julienmarchal.fr\/en-us\/wp-json\/wp\/v2\/posts\/8297","targetHints":{"allow":["GET"]}}],"collection":[{"href":"https:\/\/julienmarchal.fr\/en-us\/wp-json\/wp\/v2\/posts"}],"about":[{"href":"https:\/\/julienmarchal.fr\/en-us\/wp-json\/wp\/v2\/types\/post"}],"author":[{"embeddable":true,"href":"https:\/\/julienmarchal.fr\/en-us\/wp-json\/wp\/v2\/users\/1"}],"replies":[{"embeddable":true,"href":"https:\/\/julienmarchal.fr\/en-us\/wp-json\/wp\/v2\/comments?post=8297"}],"version-history":[{"count":0,"href":"https:\/\/julienmarchal.fr\/en-us\/wp-json\/wp\/v2\/posts\/8297\/revisions"}],"wp:featuredmedia":[{"embeddable":true,"href":"https:\/\/julienmarchal.fr\/en-us\/wp-json\/wp\/v2\/media\/8299"}],"wp:attachment":[{"href":"https:\/\/julienmarchal.fr\/en-us\/wp-json\/wp\/v2\/media?parent=8297"}],"wp:term":[{"taxonomy":"category","embeddable":true,"href":"https:\/\/julienmarchal.fr\/en-us\/wp-json\/wp\/v2\/categories?post=8297"},{"taxonomy":"post_tag","embeddable":true,"href":"https:\/\/julienmarchal.fr\/en-us\/wp-json\/wp\/v2\/tags?post=8297"}],"curies":[{"name":"wp","href":"https:\/\/api.w.org\/{rel}","templated":true}]}}