{"id":7930,"date":"2012-05-20T17:17:19","date_gmt":"2012-05-20T15:17:19","guid":{"rendered":"https:\/\/julienmarchal.fr\/?p=7930"},"modified":"2023-03-10T16:33:07","modified_gmt":"2023-03-10T15:33:07","slug":"humpback-whales-megaptera-novaeangliae-and-fin-whales-balaenoptera-physalus-in-front-of-my-house-may-2012","status":"publish","type":"post","link":"https:\/\/julienmarchal.fr\/en-us\/deja-des-baleines-a-bosses-megaptera-novaeangliae-et-rorquals-communs-balaenoptera-physalus-en-face-de-chez-moi-mai-2012\/","title":{"rendered":"Already humpback whales in front of my house! (May 2012)"},"content":{"rendered":"<div data-elementor-type=\"wp-post\" data-elementor-id=\"7930\" class=\"elementor elementor-7930\" data-elementor-post-type=\"post\">\n\t\t\t\t\t\t<section class=\"elementor-section elementor-top-section elementor-element elementor-element-0b837bb elementor-section-boxed elementor-section-height-default elementor-section-height-default\" data-id=\"0b837bb\" data-element_type=\"section\" data-e-type=\"section\">\n\t\t\t\t\t\t<div class=\"elementor-container elementor-column-gap-default\">\n\t\t\t\t\t<div class=\"elementor-column elementor-col-100 elementor-top-column elementor-element elementor-element-37a456e\" data-id=\"37a456e\" data-element_type=\"column\" data-e-type=\"column\">\n\t\t\t<div class=\"elementor-widget-wrap elementor-element-populated\">\n\t\t\t\t\t\t<div class=\"elementor-element elementor-element-2ec4f34 elementor-widget elementor-widget-heading\" data-id=\"2ec4f34\" data-element_type=\"widget\" data-e-type=\"widget\" data-widget_type=\"heading.default\">\n\t\t\t\t<div class=\"elementor-widget-container\">\n\t\t\t\t\t<h4 class=\"elementor-heading-title elementor-size-default\">Dear visitors,<\/h4>\t\t\t\t<\/div>\n\t\t\t\t<\/div>\n\t\t\t\t<div class=\"elementor-element elementor-element-b671021 elementor-widget elementor-widget-text-editor\" data-id=\"b671021\" data-element_type=\"widget\" data-e-type=\"widget\" data-widget_type=\"text-editor.default\">\n\t\t\t\t<div class=\"elementor-widget-container\">\n\t\t\t\t\t\t\t\t\t<p>I start my 2012 season on the water next week and already the good news is coming in!<\/p><p>Indeed, no less than 6 fin whales (<em>Balaenoptera physalus<\/em>) and 3 humpback whales (<em>Megaptera novaeangliae<\/em>) were observed in front of my house! In the group of whales, some are regulars, Newkie Brown (BP070) and Captain Hook with a calf, pioneer since 1994 !<\/p><p>In the group of humpback whales the famous female Tic Tac Toe with a calf, known since 1999. Already in 2007, it was observed for the first time with a newborn, Aramis. I remember very well having observed it last year. Normally this species arrives later in the season.<\/p><p>Anyway, I can't wait to get back on the water!<\/p>\t\t\t\t\t\t\t\t<\/div>\n\t\t\t\t<\/div>\n\t\t\t\t\t<\/div>\n\t\t<\/div>\n\t\t\t\t\t<\/div>\n\t\t<\/section>\n\t\t\t\t<section class=\"elementor-section elementor-top-section elementor-element elementor-element-59710f2f elementor-section-boxed elementor-section-height-default elementor-section-height-default\" data-id=\"59710f2f\" data-element_type=\"section\" data-e-type=\"section\">\n\t\t\t\t\t\t<div class=\"elementor-container elementor-column-gap-default\">\n\t\t\t\t\t<div class=\"elementor-column elementor-col-100 elementor-top-column elementor-element elementor-element-3139ad8\" data-id=\"3139ad8\" data-element_type=\"column\" data-e-type=\"column\">\n\t\t\t<div class=\"elementor-widget-wrap elementor-element-populated\">\n\t\t\t\t\t\t<div class=\"elementor-element elementor-element-34a74e09 elementor-widget__width-initial elementor-widget elementor-widget-text-editor\" data-id=\"34a74e09\" data-element_type=\"widget\" data-e-type=\"widget\" data-widget_type=\"text-editor.default\">\n\t\t\t\t<div class=\"elementor-widget-container\">\n\t\t\t\t\t\t\t\t\t<blockquote><p><span style=\"font-size: medium;\">Have a good week. Best wishes.<\/span><\/p><p><span style=\"font-size: large;\">Les Bergeronnes - Quebec - Canada, May 2012.<\/span><\/p><p><cite>Julien Marchal<\/cite><\/p><\/blockquote>\t\t\t\t\t\t\t\t<\/div>\n\t\t\t\t<\/div>\n\t\t\t\t\t<\/div>\n\t\t<\/div>\n\t\t\t\t\t<\/div>\n\t\t<\/section>\n\t\t\t\t<\/div>","protected":false},"excerpt":{"rendered":"<p>Humpback whales (Megaptera novaeangliae) and fin whales (Balaenoptera physalus)! I start my season on the water next week and already the good news are coming!<\/p>","protected":false},"author":1,"featured_media":4399,"comment_status":"closed","ping_status":"open","sticky":false,"template":"","format":"standard","meta":{"footnotes":""},"categories":[99],"tags":[],"class_list":["post-7930","post","type-post","status-publish","format-standard","has-post-thumbnail","hentry","category-blog-general"],"yoast_head":"<!-- This site is optimized with the Yoast SEO plugin v27.3 - https:\/\/yoast.com\/product\/yoast-seo-wordpress\/ -->\n<title>JULIEN MARCHAL &#8212; D\u00e9j\u00e0 des baleines \u00e0 bosses en face de chez moi ! (mai 2012)<\/title>\n<meta name=\"description\" content=\"Observation des premiers baleines avant de commencer la saison 2012 pour les croisi\u00e8res en tant que capitaine\" \/>\n<meta name=\"robots\" content=\"index, follow, max-snippet:-1, max-image-preview:large, max-video-preview:-1\" \/>\n<link rel=\"canonical\" href=\"https:\/\/julienmarchal.fr\/en-us\/humpback-whales-megaptera-novaeangliae-and-fin-whales-balaenoptera-physalus-in-front-of-my-house-may-2012\/\" \/>\n<meta property=\"og:locale\" content=\"en_US\" \/>\n<meta property=\"og:type\" content=\"article\" \/>\n<meta property=\"og:title\" content=\"JULIEN MARCHAL &#8212; D\u00e9j\u00e0 des baleines \u00e0 bosses en face de chez moi ! (mai 2012)\" \/>\n<meta property=\"og:description\" content=\"Observation des premiers baleines avant de commencer la saison 2012 pour les croisi\u00e8res en tant que capitaine\" \/>\n<meta property=\"og:url\" content=\"https:\/\/julienmarchal.fr\/en-us\/humpback-whales-megaptera-novaeangliae-and-fin-whales-balaenoptera-physalus-in-front-of-my-house-may-2012\/\" \/>\n<meta property=\"og:site_name\" content=\"JULIEN MARCHAL\" \/>\n<meta property=\"article:published_time\" content=\"2012-05-20T15:17:19+00:00\" \/>\n<meta property=\"article:modified_time\" content=\"2023-03-10T15:33:07+00:00\" \/>\n<meta property=\"og:image\" content=\"https:\/\/julienmarchal.fr\/wp-content\/uploads\/2023\/01\/PhotosclientssaisonEssipit201213.jpg\" \/>\n\t<meta property=\"og:image:width\" content=\"640\" \/>\n\t<meta property=\"og:image:height\" content=\"424\" \/>\n\t<meta property=\"og:image:type\" content=\"image\/jpeg\" \/>\n<meta name=\"author\" content=\"Julien Marchal\" \/>\n<meta name=\"twitter:card\" content=\"summary_large_image\" \/>\n<script type=\"application\/ld+json\" class=\"yoast-schema-graph\">{\"@context\":\"https:\\\/\\\/schema.org\",\"@graph\":[{\"@type\":\"Article\",\"@id\":\"https:\\\/\\\/julienmarchal.fr\\\/deja-des-baleines-a-bosses-megaptera-novaeangliae-et-rorquals-communs-balaenoptera-physalus-en-face-de-chez-moi-mai-2012\\\/#article\",\"isPartOf\":{\"@id\":\"https:\\\/\\\/julienmarchal.fr\\\/deja-des-baleines-a-bosses-megaptera-novaeangliae-et-rorquals-communs-balaenoptera-physalus-en-face-de-chez-moi-mai-2012\\\/\"},\"author\":{\"name\":\"Julien Marchal\",\"@id\":\"https:\\\/\\\/julienmarchal.fr\\\/#\\\/schema\\\/person\\\/666ce6402da97412a4009d2891d3cc1d\"},\"headline\":\"D\u00e9j\u00e0 des baleines \u00e0 bosses en face de chez moi ! (mai 2012)\",\"datePublished\":\"2012-05-20T15:17:19+00:00\",\"dateModified\":\"2023-03-10T15:33:07+00:00\",\"mainEntityOfPage\":{\"@id\":\"https:\\\/\\\/julienmarchal.fr\\\/deja-des-baleines-a-bosses-megaptera-novaeangliae-et-rorquals-communs-balaenoptera-physalus-en-face-de-chez-moi-mai-2012\\\/\"},\"wordCount\":157,\"publisher\":{\"@id\":\"https:\\\/\\\/julienmarchal.fr\\\/#\\\/schema\\\/person\\\/9bad5d6d81f92720eaf6c4750c93b7c5\"},\"image\":{\"@id\":\"https:\\\/\\\/julienmarchal.fr\\\/deja-des-baleines-a-bosses-megaptera-novaeangliae-et-rorquals-communs-balaenoptera-physalus-en-face-de-chez-moi-mai-2012\\\/#primaryimage\"},\"thumbnailUrl\":\"https:\\\/\\\/julienmarchal.fr\\\/wp-content\\\/uploads\\\/2023\\\/01\\\/PhotosclientssaisonEssipit201213.jpg\",\"articleSection\":[\"Blog g\u00e9n\u00e9ral\"],\"inLanguage\":\"en-US\"},{\"@type\":\"WebPage\",\"@id\":\"https:\\\/\\\/julienmarchal.fr\\\/deja-des-baleines-a-bosses-megaptera-novaeangliae-et-rorquals-communs-balaenoptera-physalus-en-face-de-chez-moi-mai-2012\\\/\",\"url\":\"https:\\\/\\\/julienmarchal.fr\\\/deja-des-baleines-a-bosses-megaptera-novaeangliae-et-rorquals-communs-balaenoptera-physalus-en-face-de-chez-moi-mai-2012\\\/\",\"name\":\"JULIEN MARCHAL &#8212; D\u00e9j\u00e0 des baleines \u00e0 bosses en face de chez moi ! (mai 2012)\",\"isPartOf\":{\"@id\":\"https:\\\/\\\/julienmarchal.fr\\\/#website\"},\"primaryImageOfPage\":{\"@id\":\"https:\\\/\\\/julienmarchal.fr\\\/deja-des-baleines-a-bosses-megaptera-novaeangliae-et-rorquals-communs-balaenoptera-physalus-en-face-de-chez-moi-mai-2012\\\/#primaryimage\"},\"image\":{\"@id\":\"https:\\\/\\\/julienmarchal.fr\\\/deja-des-baleines-a-bosses-megaptera-novaeangliae-et-rorquals-communs-balaenoptera-physalus-en-face-de-chez-moi-mai-2012\\\/#primaryimage\"},\"thumbnailUrl\":\"https:\\\/\\\/julienmarchal.fr\\\/wp-content\\\/uploads\\\/2023\\\/01\\\/PhotosclientssaisonEssipit201213.jpg\",\"datePublished\":\"2012-05-20T15:17:19+00:00\",\"dateModified\":\"2023-03-10T15:33:07+00:00\",\"description\":\"Observation des premiers baleines avant de commencer la saison 2012 pour les croisi\u00e8res en tant que capitaine\",\"breadcrumb\":{\"@id\":\"https:\\\/\\\/julienmarchal.fr\\\/deja-des-baleines-a-bosses-megaptera-novaeangliae-et-rorquals-communs-balaenoptera-physalus-en-face-de-chez-moi-mai-2012\\\/#breadcrumb\"},\"inLanguage\":\"en-US\",\"potentialAction\":[{\"@type\":\"ReadAction\",\"target\":[\"https:\\\/\\\/julienmarchal.fr\\\/deja-des-baleines-a-bosses-megaptera-novaeangliae-et-rorquals-communs-balaenoptera-physalus-en-face-de-chez-moi-mai-2012\\\/\"]}]},{\"@type\":\"ImageObject\",\"inLanguage\":\"en-US\",\"@id\":\"https:\\\/\\\/julienmarchal.fr\\\/deja-des-baleines-a-bosses-megaptera-novaeangliae-et-rorquals-communs-balaenoptera-physalus-en-face-de-chez-moi-mai-2012\\\/#primaryimage\",\"url\":\"https:\\\/\\\/julienmarchal.fr\\\/wp-content\\\/uploads\\\/2023\\\/01\\\/PhotosclientssaisonEssipit201213.jpg\",\"contentUrl\":\"https:\\\/\\\/julienmarchal.fr\\\/wp-content\\\/uploads\\\/2023\\\/01\\\/PhotosclientssaisonEssipit201213.jpg\",\"width\":640,\"height\":424},{\"@type\":\"BreadcrumbList\",\"@id\":\"https:\\\/\\\/julienmarchal.fr\\\/deja-des-baleines-a-bosses-megaptera-novaeangliae-et-rorquals-communs-balaenoptera-physalus-en-face-de-chez-moi-mai-2012\\\/#breadcrumb\",\"itemListElement\":[{\"@type\":\"ListItem\",\"position\":1,\"name\":\"Accueil\",\"item\":\"https:\\\/\\\/julienmarchal.fr\\\/\"},{\"@type\":\"ListItem\",\"position\":2,\"name\":\"D\u00e9j\u00e0 des baleines \u00e0 bosses en face de chez moi ! (mai 2012)\"}]},{\"@type\":\"WebSite\",\"@id\":\"https:\\\/\\\/julienmarchal.fr\\\/#website\",\"url\":\"https:\\\/\\\/julienmarchal.fr\\\/\",\"name\":\"JULIEN MARCHAL, Observateur de mammif\u00e8res marins\",\"description\":\"Observateur Mammif\u00e8res marins\",\"publisher\":{\"@id\":\"https:\\\/\\\/julienmarchal.fr\\\/#\\\/schema\\\/person\\\/9bad5d6d81f92720eaf6c4750c93b7c5\"},\"potentialAction\":[{\"@type\":\"SearchAction\",\"target\":{\"@type\":\"EntryPoint\",\"urlTemplate\":\"https:\\\/\\\/julienmarchal.fr\\\/?s={search_term_string}\"},\"query-input\":{\"@type\":\"PropertyValueSpecification\",\"valueRequired\":true,\"valueName\":\"search_term_string\"}}],\"inLanguage\":\"en-US\"},{\"@type\":[\"Person\",\"Organization\"],\"@id\":\"https:\\\/\\\/julienmarchal.fr\\\/#\\\/schema\\\/person\\\/9bad5d6d81f92720eaf6c4750c93b7c5\",\"name\":\"Julien Marchal\",\"image\":{\"@type\":\"ImageObject\",\"inLanguage\":\"en-US\",\"@id\":\"https:\\\/\\\/julienmarchal.fr\\\/wp-content\\\/uploads\\\/2023\\\/02\\\/julien-marchal-debuts.png\",\"url\":\"https:\\\/\\\/julienmarchal.fr\\\/wp-content\\\/uploads\\\/2023\\\/02\\\/julien-marchal-debuts.png\",\"contentUrl\":\"https:\\\/\\\/julienmarchal.fr\\\/wp-content\\\/uploads\\\/2023\\\/02\\\/julien-marchal-debuts.png\",\"width\":1239,\"height\":711,\"caption\":\"Julien Marchal\"},\"logo\":{\"@id\":\"https:\\\/\\\/julienmarchal.fr\\\/wp-content\\\/uploads\\\/2023\\\/02\\\/julien-marchal-debuts.png\"},\"sameAs\":[\"https:\\\/\\\/www.instagram.com\\\/julienligniermarchal\\\/\",\"https:\\\/\\\/www.linkedin.com\\\/in\\\/julien-lignier-marchal\\\/\"]},{\"@type\":\"Person\",\"@id\":\"https:\\\/\\\/julienmarchal.fr\\\/#\\\/schema\\\/person\\\/666ce6402da97412a4009d2891d3cc1d\",\"name\":\"Julien Marchal\",\"image\":{\"@type\":\"ImageObject\",\"inLanguage\":\"en-US\",\"@id\":\"https:\\\/\\\/secure.gravatar.com\\\/avatar\\\/6ce4805ac055ef813258943a238453c65fb05242d1a5b34797c8fce2407e695b?s=96&r=g\",\"url\":\"https:\\\/\\\/secure.gravatar.com\\\/avatar\\\/6ce4805ac055ef813258943a238453c65fb05242d1a5b34797c8fce2407e695b?s=96&r=g\",\"contentUrl\":\"https:\\\/\\\/secure.gravatar.com\\\/avatar\\\/6ce4805ac055ef813258943a238453c65fb05242d1a5b34797c8fce2407e695b?s=96&r=g\",\"caption\":\"Julien Marchal\"},\"sameAs\":[\"https:\\\/\\\/julienmarchal.fr\\\/dev\"]}]}<\/script>\n<!-- \/ Yoast SEO plugin. -->","yoast_head_json":{"title":"JULIEN MARCHAL - Already humpback whales in front of my house! (May 2012)","description":"First whale watching before starting the 2012 season for cruises as captain","robots":{"index":"index","follow":"follow","max-snippet":"max-snippet:-1","max-image-preview":"max-image-preview:large","max-video-preview":"max-video-preview:-1"},"canonical":"https:\/\/julienmarchal.fr\/en-us\/humpback-whales-megaptera-novaeangliae-and-fin-whales-balaenoptera-physalus-in-front-of-my-house-may-2012\/","og_locale":"en_US","og_type":"article","og_title":"JULIEN MARCHAL &#8212; D\u00e9j\u00e0 des baleines \u00e0 bosses en face de chez moi ! (mai 2012)","og_description":"Observation des premiers baleines avant de commencer la saison 2012 pour les croisi\u00e8res en tant que capitaine","og_url":"https:\/\/julienmarchal.fr\/en-us\/humpback-whales-megaptera-novaeangliae-and-fin-whales-balaenoptera-physalus-in-front-of-my-house-may-2012\/","og_site_name":"JULIEN MARCHAL","article_published_time":"2012-05-20T15:17:19+00:00","article_modified_time":"2023-03-10T15:33:07+00:00","og_image":[{"width":640,"height":424,"url":"https:\/\/julienmarchal.fr\/wp-content\/uploads\/2023\/01\/PhotosclientssaisonEssipit201213.jpg","type":"image\/jpeg"}],"author":"Julien Marchal","twitter_card":"summary_large_image","schema":{"@context":"https:\/\/schema.org","@graph":[{"@type":"Article","@id":"https:\/\/julienmarchal.fr\/deja-des-baleines-a-bosses-megaptera-novaeangliae-et-rorquals-communs-balaenoptera-physalus-en-face-de-chez-moi-mai-2012\/#article","isPartOf":{"@id":"https:\/\/julienmarchal.fr\/deja-des-baleines-a-bosses-megaptera-novaeangliae-et-rorquals-communs-balaenoptera-physalus-en-face-de-chez-moi-mai-2012\/"},"author":{"name":"Julien Marchal","@id":"https:\/\/julienmarchal.fr\/#\/schema\/person\/666ce6402da97412a4009d2891d3cc1d"},"headline":"D\u00e9j\u00e0 des baleines \u00e0 bosses en face de chez moi ! (mai 2012)","datePublished":"2012-05-20T15:17:19+00:00","dateModified":"2023-03-10T15:33:07+00:00","mainEntityOfPage":{"@id":"https:\/\/julienmarchal.fr\/deja-des-baleines-a-bosses-megaptera-novaeangliae-et-rorquals-communs-balaenoptera-physalus-en-face-de-chez-moi-mai-2012\/"},"wordCount":157,"publisher":{"@id":"https:\/\/julienmarchal.fr\/#\/schema\/person\/9bad5d6d81f92720eaf6c4750c93b7c5"},"image":{"@id":"https:\/\/julienmarchal.fr\/deja-des-baleines-a-bosses-megaptera-novaeangliae-et-rorquals-communs-balaenoptera-physalus-en-face-de-chez-moi-mai-2012\/#primaryimage"},"thumbnailUrl":"https:\/\/julienmarchal.fr\/wp-content\/uploads\/2023\/01\/PhotosclientssaisonEssipit201213.jpg","articleSection":["Blog g\u00e9n\u00e9ral"],"inLanguage":"en-US"},{"@type":"WebPage","@id":"https:\/\/julienmarchal.fr\/deja-des-baleines-a-bosses-megaptera-novaeangliae-et-rorquals-communs-balaenoptera-physalus-en-face-de-chez-moi-mai-2012\/","url":"https:\/\/julienmarchal.fr\/deja-des-baleines-a-bosses-megaptera-novaeangliae-et-rorquals-communs-balaenoptera-physalus-en-face-de-chez-moi-mai-2012\/","name":"JULIEN MARCHAL - Already humpback whales in front of my house! (May 2012)","isPartOf":{"@id":"https:\/\/julienmarchal.fr\/#website"},"primaryImageOfPage":{"@id":"https:\/\/julienmarchal.fr\/deja-des-baleines-a-bosses-megaptera-novaeangliae-et-rorquals-communs-balaenoptera-physalus-en-face-de-chez-moi-mai-2012\/#primaryimage"},"image":{"@id":"https:\/\/julienmarchal.fr\/deja-des-baleines-a-bosses-megaptera-novaeangliae-et-rorquals-communs-balaenoptera-physalus-en-face-de-chez-moi-mai-2012\/#primaryimage"},"thumbnailUrl":"https:\/\/julienmarchal.fr\/wp-content\/uploads\/2023\/01\/PhotosclientssaisonEssipit201213.jpg","datePublished":"2012-05-20T15:17:19+00:00","dateModified":"2023-03-10T15:33:07+00:00","description":"First whale watching before starting the 2012 season for cruises as captain","breadcrumb":{"@id":"https:\/\/julienmarchal.fr\/deja-des-baleines-a-bosses-megaptera-novaeangliae-et-rorquals-communs-balaenoptera-physalus-en-face-de-chez-moi-mai-2012\/#breadcrumb"},"inLanguage":"en-US","potentialAction":[{"@type":"ReadAction","target":["https:\/\/julienmarchal.fr\/deja-des-baleines-a-bosses-megaptera-novaeangliae-et-rorquals-communs-balaenoptera-physalus-en-face-de-chez-moi-mai-2012\/"]}]},{"@type":"ImageObject","inLanguage":"en-US","@id":"https:\/\/julienmarchal.fr\/deja-des-baleines-a-bosses-megaptera-novaeangliae-et-rorquals-communs-balaenoptera-physalus-en-face-de-chez-moi-mai-2012\/#primaryimage","url":"https:\/\/julienmarchal.fr\/wp-content\/uploads\/2023\/01\/PhotosclientssaisonEssipit201213.jpg","contentUrl":"https:\/\/julienmarchal.fr\/wp-content\/uploads\/2023\/01\/PhotosclientssaisonEssipit201213.jpg","width":640,"height":424},{"@type":"BreadcrumbList","@id":"https:\/\/julienmarchal.fr\/deja-des-baleines-a-bosses-megaptera-novaeangliae-et-rorquals-communs-balaenoptera-physalus-en-face-de-chez-moi-mai-2012\/#breadcrumb","itemListElement":[{"@type":"ListItem","position":1,"name":"Accueil","item":"https:\/\/julienmarchal.fr\/"},{"@type":"ListItem","position":2,"name":"D\u00e9j\u00e0 des baleines \u00e0 bosses en face de chez moi ! (mai 2012)"}]},{"@type":"WebSite","@id":"https:\/\/julienmarchal.fr\/#website","url":"https:\/\/julienmarchal.fr\/","name":"JULIEN MARCHAL, Marine mammal observer","description":"Marine Mammal Observer","publisher":{"@id":"https:\/\/julienmarchal.fr\/#\/schema\/person\/9bad5d6d81f92720eaf6c4750c93b7c5"},"potentialAction":[{"@type":"SearchAction","target":{"@type":"EntryPoint","urlTemplate":"https:\/\/julienmarchal.fr\/?s={search_term_string}"},"query-input":{"@type":"PropertyValueSpecification","valueRequired":true,"valueName":"search_term_string"}}],"inLanguage":"en-US"},{"@type":["Person","Organization"],"@id":"https:\/\/julienmarchal.fr\/#\/schema\/person\/9bad5d6d81f92720eaf6c4750c93b7c5","name":"Julien Marchal","image":{"@type":"ImageObject","inLanguage":"en-US","@id":"https:\/\/julienmarchal.fr\/wp-content\/uploads\/2023\/02\/julien-marchal-debuts.png","url":"https:\/\/julienmarchal.fr\/wp-content\/uploads\/2023\/02\/julien-marchal-debuts.png","contentUrl":"https:\/\/julienmarchal.fr\/wp-content\/uploads\/2023\/02\/julien-marchal-debuts.png","width":1239,"height":711,"caption":"Julien Marchal"},"logo":{"@id":"https:\/\/julienmarchal.fr\/wp-content\/uploads\/2023\/02\/julien-marchal-debuts.png"},"sameAs":["https:\/\/www.instagram.com\/julienligniermarchal\/","https:\/\/www.linkedin.com\/in\/julien-lignier-marchal\/"]},{"@type":"Person","@id":"https:\/\/julienmarchal.fr\/#\/schema\/person\/666ce6402da97412a4009d2891d3cc1d","name":"Julien Marchal","image":{"@type":"ImageObject","inLanguage":"en-US","@id":"https:\/\/secure.gravatar.com\/avatar\/6ce4805ac055ef813258943a238453c65fb05242d1a5b34797c8fce2407e695b?s=96&r=g","url":"https:\/\/secure.gravatar.com\/avatar\/6ce4805ac055ef813258943a238453c65fb05242d1a5b34797c8fce2407e695b?s=96&r=g","contentUrl":"https:\/\/secure.gravatar.com\/avatar\/6ce4805ac055ef813258943a238453c65fb05242d1a5b34797c8fce2407e695b?s=96&r=g","caption":"Julien Marchal"},"sameAs":["https:\/\/julienmarchal.fr\/dev"]}]}},"_links":{"self":[{"href":"https:\/\/julienmarchal.fr\/en-us\/wp-json\/wp\/v2\/posts\/7930","targetHints":{"allow":["GET"]}}],"collection":[{"href":"https:\/\/julienmarchal.fr\/en-us\/wp-json\/wp\/v2\/posts"}],"about":[{"href":"https:\/\/julienmarchal.fr\/en-us\/wp-json\/wp\/v2\/types\/post"}],"author":[{"embeddable":true,"href":"https:\/\/julienmarchal.fr\/en-us\/wp-json\/wp\/v2\/users\/1"}],"replies":[{"embeddable":true,"href":"https:\/\/julienmarchal.fr\/en-us\/wp-json\/wp\/v2\/comments?post=7930"}],"version-history":[{"count":0,"href":"https:\/\/julienmarchal.fr\/en-us\/wp-json\/wp\/v2\/posts\/7930\/revisions"}],"wp:featuredmedia":[{"embeddable":true,"href":"https:\/\/julienmarchal.fr\/en-us\/wp-json\/wp\/v2\/media\/4399"}],"wp:attachment":[{"href":"https:\/\/julienmarchal.fr\/en-us\/wp-json\/wp\/v2\/media?parent=7930"}],"wp:term":[{"taxonomy":"category","embeddable":true,"href":"https:\/\/julienmarchal.fr\/en-us\/wp-json\/wp\/v2\/categories?post=7930"},{"taxonomy":"post_tag","embeddable":true,"href":"https:\/\/julienmarchal.fr\/en-us\/wp-json\/wp\/v2\/tags?post=7930"}],"curies":[{"name":"wp","href":"https:\/\/api.w.org\/{rel}","templated":true}]}}