{"id":7612,"date":"2011-10-06T15:13:08","date_gmt":"2011-10-06T13:13:08","guid":{"rendered":"https:\/\/julienmarchal.fr\/?p=7612"},"modified":"2023-03-11T17:38:03","modified_gmt":"2023-03-11T16:38:03","slug":"a-record-7-months-on-the-water-with-the-whales-in-2011-october-2011","status":"publish","type":"post","link":"https:\/\/julienmarchal.fr\/en-us\/un-record-7-mois-sur-leau-avec-les-baleines-en-2011-octobre-2011\/","title":{"rendered":"A record: 7 months on the water with the whales in 2011! (October 2011)"},"content":{"rendered":"<div data-elementor-type=\"wp-post\" data-elementor-id=\"7612\" class=\"elementor elementor-7612\" data-elementor-post-type=\"post\">\n\t\t\t\t\t\t<section class=\"elementor-section elementor-top-section elementor-element elementor-element-03c8346 elementor-section-boxed elementor-section-height-default elementor-section-height-default\" data-id=\"03c8346\" data-element_type=\"section\" data-e-type=\"section\">\n\t\t\t\t\t\t<div class=\"elementor-container elementor-column-gap-default\">\n\t\t\t\t\t<div class=\"elementor-column elementor-col-100 elementor-top-column elementor-element elementor-element-b2ea92b\" data-id=\"b2ea92b\" data-element_type=\"column\" data-e-type=\"column\">\n\t\t\t<div class=\"elementor-widget-wrap elementor-element-populated\">\n\t\t\t\t\t\t<div class=\"elementor-element elementor-element-8b38b44 elementor-widget elementor-widget-heading\" data-id=\"8b38b44\" data-element_type=\"widget\" data-e-type=\"widget\" data-widget_type=\"heading.default\">\n\t\t\t\t<div class=\"elementor-widget-container\">\n\t\t\t\t\t<h2 class=\"elementor-heading-title elementor-size-default\">Hello everyone,<\/h2>\t\t\t\t<\/div>\n\t\t\t\t<\/div>\n\t\t\t\t<div class=\"elementor-element elementor-element-d23e04b elementor-widget elementor-widget-text-editor\" data-id=\"d23e04b\" data-element_type=\"widget\" data-e-type=\"widget\" data-widget_type=\"text-editor.default\">\n\t\t\t\t<div class=\"elementor-widget-container\">\n\t\t\t\t\t\t\t\t\t<p>Ever since my return from the Dominican Republic in May 2011, I've known that my year was going to end well. I've just finished my summer season in Canada at the beginning of October 2011, after spending 4 months on my boat and making 169 2-hour outings, for a total of 338 hours on the water. When you add in the 2 and a half months I spent on Kim's boat, the \"Pura Mia\" (read article <strong><a href=\"https:\/\/julienmarchal.fr\/en-us\/my-article-published-on-samana-sos-grand-bleu-2011\/\">\"Saman\u00e1 Marine Mammal Sanctuary<\/a><\/strong>) in the Caribbean, that's a total of around 7 months close to marine mammals in a single year.<\/p><p>This year remains important because I was able to continue my activity in winter and summer exclusively in whale watching. During my 2008-2010 year, I was in French Polynesia, and was able to observe bottlenose dolphins (<em>Tursiops truncatus<\/em>) every day and few whales in July and August.<\/p><p>In Canada, I see few dolphins but mostly whales, harbour porpoises (<em>Phocoena phocoena<\/em>) and many grey seals (<em>Halichoerus grypus<\/em>). The humpback whale (<em>Megaptera novaeangliae<\/em>) remains the spectacular animal, whose behavior remains unpredictable, active, tapping the surface of the water with its fins, jumping and showing its tail before diving. Showing its tail before disappearing makes tourists happy. This one does it frequently, and the whale is photographed in reports and magazines all over the world.<\/p><p>I'm glad to be able to rub shoulders with it in warm seas and to have been able to observe it here for almost 5 months. A real blessing.<\/p><p>The fin whale family (<em>Balaenoptera physalus<\/em>), Minke whale (<em>Balaenoptera acutorostrata<\/em>) and the Blue Whale (<em>Balaenoptera acutorostrata<\/em>) may be less frisky, but they're still a sight to behold! Minke whales often jump!<\/p><p>I'm ending my 2011 cetacean year tired, but rich in memories and encounters. <br \/>These 2 seasons in a row in the year I turned 35 had never happened before.<\/p><p>What's more, I'm expecting a little Canadian girl at the end of October, the icing on the cake.<\/p>\t\t\t\t\t\t\t\t<\/div>\n\t\t\t\t<\/div>\n\t\t\t\t\t<\/div>\n\t\t<\/div>\n\t\t\t\t\t<\/div>\n\t\t<\/section>\n\t\t\t\t<section class=\"elementor-section elementor-top-section elementor-element elementor-element-4b95a61b elementor-section-boxed elementor-section-height-default elementor-section-height-default\" data-id=\"4b95a61b\" data-element_type=\"section\" data-e-type=\"section\">\n\t\t\t\t\t\t<div class=\"elementor-container elementor-column-gap-default\">\n\t\t\t\t\t<div class=\"elementor-column elementor-col-100 elementor-top-column elementor-element elementor-element-5464da06\" data-id=\"5464da06\" data-element_type=\"column\" data-e-type=\"column\">\n\t\t\t<div class=\"elementor-widget-wrap elementor-element-populated\">\n\t\t\t\t\t\t<div class=\"elementor-element elementor-element-1fa61b9e elementor-widget__width-initial elementor-widget elementor-widget-text-editor\" data-id=\"1fa61b9e\" data-element_type=\"widget\" data-e-type=\"widget\" data-widget_type=\"text-editor.default\">\n\t\t\t\t<div class=\"elementor-widget-container\">\n\t\t\t\t\t\t\t\t\t<blockquote><p><span style=\"font-size: medium;\">See you soon. Best regards.<\/span><\/p><p><span style=\"font-size: large;\">Les Bergeronnes - Qc, Canada - October 2011<\/span><\/p><p><cite>Julien Marchal<\/cite><\/p><\/blockquote>\t\t\t\t\t\t\t\t<\/div>\n\t\t\t\t<\/div>\n\t\t\t\t\t<\/div>\n\t\t<\/div>\n\t\t\t\t\t<\/div>\n\t\t<\/section>\n\t\t\t\t<\/div>","protected":false},"excerpt":{"rendered":"<p>Ever since my return from the Dominican Republic in May 2011, I've known that my year was going to end well.<br \/>\nI've just finished my summer season in Canada at the beginning of October 2011, after spending 4 months on my boat and making 169 2-hour trips, for a total of 338 hours on the water. <\/p>","protected":false},"author":1,"featured_media":4252,"comment_status":"closed","ping_status":"open","sticky":false,"template":"","format":"standard","meta":{"footnotes":""},"categories":[98],"tags":[],"class_list":["post-7612","post","type-post","status-publish","format-standard","has-post-thumbnail","hentry","category-travaux-personnels"],"yoast_head":"<!-- This site is optimized with the Yoast SEO plugin v27.3 - https:\/\/yoast.com\/product\/yoast-seo-wordpress\/ -->\n<title>JULIEN MARCHAL &#8212; Un record : 7 mois sur l&#039;eau avec les baleines en 2011 ! (octobre 2011)<\/title>\n<meta name=\"robots\" content=\"index, follow, max-snippet:-1, max-image-preview:large, max-video-preview:-1\" \/>\n<link rel=\"canonical\" href=\"https:\/\/julienmarchal.fr\/en-us\/a-record-7-months-on-the-water-with-the-whales-in-2011-october-2011\/\" \/>\n<meta property=\"og:locale\" content=\"en_US\" \/>\n<meta property=\"og:type\" content=\"article\" \/>\n<meta property=\"og:title\" content=\"JULIEN MARCHAL &#8212; Un record : 7 mois sur l&#039;eau avec les baleines en 2011 ! (octobre 2011)\" \/>\n<meta property=\"og:description\" content=\"Depuis mon retour de la R\u00e9publique Dominicaine en mai 2011, je savais d\u00e9j\u00e0 que mon ann\u00e9e allait bien finir. Je viens de terminer ma saison estivale au Canada en ce d\u00e9but d\u2019octobre 2011, apr\u00e8s avoir pass\u00e9 4 mois sur mon bateau et effectu\u00e9 169 sorties de 2 heures, donc 338 heures sur l\u2019eau.\" \/>\n<meta property=\"og:url\" content=\"https:\/\/julienmarchal.fr\/en-us\/a-record-7-months-on-the-water-with-the-whales-in-2011-october-2011\/\" \/>\n<meta property=\"og:site_name\" content=\"JULIEN MARCHAL\" \/>\n<meta property=\"article:published_time\" content=\"2011-10-06T13:13:08+00:00\" \/>\n<meta property=\"article:modified_time\" content=\"2023-03-11T16:38:03+00:00\" \/>\n<meta property=\"og:image\" content=\"https:\/\/julienmarchal.fr\/wp-content\/uploads\/2023\/01\/Megaptera.Samana.Gallerie0990.mai2011.jpg\" \/>\n\t<meta property=\"og:image:width\" content=\"2256\" \/>\n\t<meta property=\"og:image:height\" content=\"1504\" \/>\n\t<meta property=\"og:image:type\" content=\"image\/jpeg\" \/>\n<meta name=\"author\" content=\"Julien Marchal\" \/>\n<meta name=\"twitter:card\" content=\"summary_large_image\" \/>\n<script type=\"application\/ld+json\" class=\"yoast-schema-graph\">{\"@context\":\"https:\\\/\\\/schema.org\",\"@graph\":[{\"@type\":\"Article\",\"@id\":\"https:\\\/\\\/julienmarchal.fr\\\/un-record-7-mois-sur-leau-avec-les-baleines-en-2011-octobre-2011\\\/#article\",\"isPartOf\":{\"@id\":\"https:\\\/\\\/julienmarchal.fr\\\/un-record-7-mois-sur-leau-avec-les-baleines-en-2011-octobre-2011\\\/\"},\"author\":{\"name\":\"Julien Marchal\",\"@id\":\"https:\\\/\\\/julienmarchal.fr\\\/#\\\/schema\\\/person\\\/666ce6402da97412a4009d2891d3cc1d\"},\"headline\":\"Un record : 7 mois sur l&#8217;eau avec les baleines en 2011 ! (octobre 2011)\",\"datePublished\":\"2011-10-06T13:13:08+00:00\",\"dateModified\":\"2023-03-11T16:38:03+00:00\",\"mainEntityOfPage\":{\"@id\":\"https:\\\/\\\/julienmarchal.fr\\\/un-record-7-mois-sur-leau-avec-les-baleines-en-2011-octobre-2011\\\/\"},\"wordCount\":384,\"publisher\":{\"@id\":\"https:\\\/\\\/julienmarchal.fr\\\/#\\\/schema\\\/person\\\/9bad5d6d81f92720eaf6c4750c93b7c5\"},\"image\":{\"@id\":\"https:\\\/\\\/julienmarchal.fr\\\/un-record-7-mois-sur-leau-avec-les-baleines-en-2011-octobre-2011\\\/#primaryimage\"},\"thumbnailUrl\":\"https:\\\/\\\/julienmarchal.fr\\\/wp-content\\\/uploads\\\/2023\\\/01\\\/Megaptera.Samana.Gallerie0990.mai2011.jpg\",\"articleSection\":[\"Travaux personnels\"],\"inLanguage\":\"en-US\"},{\"@type\":\"WebPage\",\"@id\":\"https:\\\/\\\/julienmarchal.fr\\\/un-record-7-mois-sur-leau-avec-les-baleines-en-2011-octobre-2011\\\/\",\"url\":\"https:\\\/\\\/julienmarchal.fr\\\/un-record-7-mois-sur-leau-avec-les-baleines-en-2011-octobre-2011\\\/\",\"name\":\"JULIEN MARCHAL &#8212; Un record : 7 mois sur l'eau avec les baleines en 2011 ! (octobre 2011)\",\"isPartOf\":{\"@id\":\"https:\\\/\\\/julienmarchal.fr\\\/#website\"},\"primaryImageOfPage\":{\"@id\":\"https:\\\/\\\/julienmarchal.fr\\\/un-record-7-mois-sur-leau-avec-les-baleines-en-2011-octobre-2011\\\/#primaryimage\"},\"image\":{\"@id\":\"https:\\\/\\\/julienmarchal.fr\\\/un-record-7-mois-sur-leau-avec-les-baleines-en-2011-octobre-2011\\\/#primaryimage\"},\"thumbnailUrl\":\"https:\\\/\\\/julienmarchal.fr\\\/wp-content\\\/uploads\\\/2023\\\/01\\\/Megaptera.Samana.Gallerie0990.mai2011.jpg\",\"datePublished\":\"2011-10-06T13:13:08+00:00\",\"dateModified\":\"2023-03-11T16:38:03+00:00\",\"breadcrumb\":{\"@id\":\"https:\\\/\\\/julienmarchal.fr\\\/un-record-7-mois-sur-leau-avec-les-baleines-en-2011-octobre-2011\\\/#breadcrumb\"},\"inLanguage\":\"en-US\",\"potentialAction\":[{\"@type\":\"ReadAction\",\"target\":[\"https:\\\/\\\/julienmarchal.fr\\\/un-record-7-mois-sur-leau-avec-les-baleines-en-2011-octobre-2011\\\/\"]}]},{\"@type\":\"ImageObject\",\"inLanguage\":\"en-US\",\"@id\":\"https:\\\/\\\/julienmarchal.fr\\\/un-record-7-mois-sur-leau-avec-les-baleines-en-2011-octobre-2011\\\/#primaryimage\",\"url\":\"https:\\\/\\\/julienmarchal.fr\\\/wp-content\\\/uploads\\\/2023\\\/01\\\/Megaptera.Samana.Gallerie0990.mai2011.jpg\",\"contentUrl\":\"https:\\\/\\\/julienmarchal.fr\\\/wp-content\\\/uploads\\\/2023\\\/01\\\/Megaptera.Samana.Gallerie0990.mai2011.jpg\",\"width\":2256,\"height\":1504},{\"@type\":\"BreadcrumbList\",\"@id\":\"https:\\\/\\\/julienmarchal.fr\\\/un-record-7-mois-sur-leau-avec-les-baleines-en-2011-octobre-2011\\\/#breadcrumb\",\"itemListElement\":[{\"@type\":\"ListItem\",\"position\":1,\"name\":\"Accueil\",\"item\":\"https:\\\/\\\/julienmarchal.fr\\\/\"},{\"@type\":\"ListItem\",\"position\":2,\"name\":\"Un record : 7 mois sur l&#8217;eau avec les baleines en 2011 ! (octobre 2011)\"}]},{\"@type\":\"WebSite\",\"@id\":\"https:\\\/\\\/julienmarchal.fr\\\/#website\",\"url\":\"https:\\\/\\\/julienmarchal.fr\\\/\",\"name\":\"JULIEN MARCHAL, Observateur de mammif\u00e8res marins\",\"description\":\"Observateur Mammif\u00e8res marins\",\"publisher\":{\"@id\":\"https:\\\/\\\/julienmarchal.fr\\\/#\\\/schema\\\/person\\\/9bad5d6d81f92720eaf6c4750c93b7c5\"},\"potentialAction\":[{\"@type\":\"SearchAction\",\"target\":{\"@type\":\"EntryPoint\",\"urlTemplate\":\"https:\\\/\\\/julienmarchal.fr\\\/?s={search_term_string}\"},\"query-input\":{\"@type\":\"PropertyValueSpecification\",\"valueRequired\":true,\"valueName\":\"search_term_string\"}}],\"inLanguage\":\"en-US\"},{\"@type\":[\"Person\",\"Organization\"],\"@id\":\"https:\\\/\\\/julienmarchal.fr\\\/#\\\/schema\\\/person\\\/9bad5d6d81f92720eaf6c4750c93b7c5\",\"name\":\"Julien Marchal\",\"image\":{\"@type\":\"ImageObject\",\"inLanguage\":\"en-US\",\"@id\":\"https:\\\/\\\/julienmarchal.fr\\\/wp-content\\\/uploads\\\/2023\\\/02\\\/julien-marchal-debuts.png\",\"url\":\"https:\\\/\\\/julienmarchal.fr\\\/wp-content\\\/uploads\\\/2023\\\/02\\\/julien-marchal-debuts.png\",\"contentUrl\":\"https:\\\/\\\/julienmarchal.fr\\\/wp-content\\\/uploads\\\/2023\\\/02\\\/julien-marchal-debuts.png\",\"width\":1239,\"height\":711,\"caption\":\"Julien Marchal\"},\"logo\":{\"@id\":\"https:\\\/\\\/julienmarchal.fr\\\/wp-content\\\/uploads\\\/2023\\\/02\\\/julien-marchal-debuts.png\"},\"sameAs\":[\"https:\\\/\\\/www.instagram.com\\\/julienligniermarchal\\\/\",\"https:\\\/\\\/www.linkedin.com\\\/in\\\/julien-lignier-marchal\\\/\"]},{\"@type\":\"Person\",\"@id\":\"https:\\\/\\\/julienmarchal.fr\\\/#\\\/schema\\\/person\\\/666ce6402da97412a4009d2891d3cc1d\",\"name\":\"Julien Marchal\",\"image\":{\"@type\":\"ImageObject\",\"inLanguage\":\"en-US\",\"@id\":\"https:\\\/\\\/secure.gravatar.com\\\/avatar\\\/6ce4805ac055ef813258943a238453c65fb05242d1a5b34797c8fce2407e695b?s=96&r=g\",\"url\":\"https:\\\/\\\/secure.gravatar.com\\\/avatar\\\/6ce4805ac055ef813258943a238453c65fb05242d1a5b34797c8fce2407e695b?s=96&r=g\",\"contentUrl\":\"https:\\\/\\\/secure.gravatar.com\\\/avatar\\\/6ce4805ac055ef813258943a238453c65fb05242d1a5b34797c8fce2407e695b?s=96&r=g\",\"caption\":\"Julien Marchal\"},\"sameAs\":[\"https:\\\/\\\/julienmarchal.fr\\\/dev\"]}]}<\/script>\n<!-- \/ Yoast SEO plugin. -->","yoast_head_json":{"title":"JULIEN MARCHAL - A record: 7 months on the water with the whales in 2011! (october 2011)","robots":{"index":"index","follow":"follow","max-snippet":"max-snippet:-1","max-image-preview":"max-image-preview:large","max-video-preview":"max-video-preview:-1"},"canonical":"https:\/\/julienmarchal.fr\/en-us\/a-record-7-months-on-the-water-with-the-whales-in-2011-october-2011\/","og_locale":"en_US","og_type":"article","og_title":"JULIEN MARCHAL &#8212; Un record : 7 mois sur l'eau avec les baleines en 2011 ! (octobre 2011)","og_description":"Depuis mon retour de la R\u00e9publique Dominicaine en mai 2011, je savais d\u00e9j\u00e0 que mon ann\u00e9e allait bien finir. Je viens de terminer ma saison estivale au Canada en ce d\u00e9but d\u2019octobre 2011, apr\u00e8s avoir pass\u00e9 4 mois sur mon bateau et effectu\u00e9 169 sorties de 2 heures, donc 338 heures sur l\u2019eau.","og_url":"https:\/\/julienmarchal.fr\/en-us\/a-record-7-months-on-the-water-with-the-whales-in-2011-october-2011\/","og_site_name":"JULIEN MARCHAL","article_published_time":"2011-10-06T13:13:08+00:00","article_modified_time":"2023-03-11T16:38:03+00:00","og_image":[{"width":2256,"height":1504,"url":"https:\/\/julienmarchal.fr\/wp-content\/uploads\/2023\/01\/Megaptera.Samana.Gallerie0990.mai2011.jpg","type":"image\/jpeg"}],"author":"Julien Marchal","twitter_card":"summary_large_image","schema":{"@context":"https:\/\/schema.org","@graph":[{"@type":"Article","@id":"https:\/\/julienmarchal.fr\/un-record-7-mois-sur-leau-avec-les-baleines-en-2011-octobre-2011\/#article","isPartOf":{"@id":"https:\/\/julienmarchal.fr\/un-record-7-mois-sur-leau-avec-les-baleines-en-2011-octobre-2011\/"},"author":{"name":"Julien Marchal","@id":"https:\/\/julienmarchal.fr\/#\/schema\/person\/666ce6402da97412a4009d2891d3cc1d"},"headline":"Un record : 7 mois sur l&#8217;eau avec les baleines en 2011 ! (octobre 2011)","datePublished":"2011-10-06T13:13:08+00:00","dateModified":"2023-03-11T16:38:03+00:00","mainEntityOfPage":{"@id":"https:\/\/julienmarchal.fr\/un-record-7-mois-sur-leau-avec-les-baleines-en-2011-octobre-2011\/"},"wordCount":384,"publisher":{"@id":"https:\/\/julienmarchal.fr\/#\/schema\/person\/9bad5d6d81f92720eaf6c4750c93b7c5"},"image":{"@id":"https:\/\/julienmarchal.fr\/un-record-7-mois-sur-leau-avec-les-baleines-en-2011-octobre-2011\/#primaryimage"},"thumbnailUrl":"https:\/\/julienmarchal.fr\/wp-content\/uploads\/2023\/01\/Megaptera.Samana.Gallerie0990.mai2011.jpg","articleSection":["Travaux personnels"],"inLanguage":"en-US"},{"@type":"WebPage","@id":"https:\/\/julienmarchal.fr\/un-record-7-mois-sur-leau-avec-les-baleines-en-2011-octobre-2011\/","url":"https:\/\/julienmarchal.fr\/un-record-7-mois-sur-leau-avec-les-baleines-en-2011-octobre-2011\/","name":"JULIEN MARCHAL - A record: 7 months on the water with the whales in 2011! (october 2011)","isPartOf":{"@id":"https:\/\/julienmarchal.fr\/#website"},"primaryImageOfPage":{"@id":"https:\/\/julienmarchal.fr\/un-record-7-mois-sur-leau-avec-les-baleines-en-2011-octobre-2011\/#primaryimage"},"image":{"@id":"https:\/\/julienmarchal.fr\/un-record-7-mois-sur-leau-avec-les-baleines-en-2011-octobre-2011\/#primaryimage"},"thumbnailUrl":"https:\/\/julienmarchal.fr\/wp-content\/uploads\/2023\/01\/Megaptera.Samana.Gallerie0990.mai2011.jpg","datePublished":"2011-10-06T13:13:08+00:00","dateModified":"2023-03-11T16:38:03+00:00","breadcrumb":{"@id":"https:\/\/julienmarchal.fr\/un-record-7-mois-sur-leau-avec-les-baleines-en-2011-octobre-2011\/#breadcrumb"},"inLanguage":"en-US","potentialAction":[{"@type":"ReadAction","target":["https:\/\/julienmarchal.fr\/un-record-7-mois-sur-leau-avec-les-baleines-en-2011-octobre-2011\/"]}]},{"@type":"ImageObject","inLanguage":"en-US","@id":"https:\/\/julienmarchal.fr\/un-record-7-mois-sur-leau-avec-les-baleines-en-2011-octobre-2011\/#primaryimage","url":"https:\/\/julienmarchal.fr\/wp-content\/uploads\/2023\/01\/Megaptera.Samana.Gallerie0990.mai2011.jpg","contentUrl":"https:\/\/julienmarchal.fr\/wp-content\/uploads\/2023\/01\/Megaptera.Samana.Gallerie0990.mai2011.jpg","width":2256,"height":1504},{"@type":"BreadcrumbList","@id":"https:\/\/julienmarchal.fr\/un-record-7-mois-sur-leau-avec-les-baleines-en-2011-octobre-2011\/#breadcrumb","itemListElement":[{"@type":"ListItem","position":1,"name":"Accueil","item":"https:\/\/julienmarchal.fr\/"},{"@type":"ListItem","position":2,"name":"Un record : 7 mois sur l&#8217;eau avec les baleines en 2011 ! (octobre 2011)"}]},{"@type":"WebSite","@id":"https:\/\/julienmarchal.fr\/#website","url":"https:\/\/julienmarchal.fr\/","name":"JULIEN MARCHAL, Marine mammal observer","description":"Marine Mammal Observer","publisher":{"@id":"https:\/\/julienmarchal.fr\/#\/schema\/person\/9bad5d6d81f92720eaf6c4750c93b7c5"},"potentialAction":[{"@type":"SearchAction","target":{"@type":"EntryPoint","urlTemplate":"https:\/\/julienmarchal.fr\/?s={search_term_string}"},"query-input":{"@type":"PropertyValueSpecification","valueRequired":true,"valueName":"search_term_string"}}],"inLanguage":"en-US"},{"@type":["Person","Organization"],"@id":"https:\/\/julienmarchal.fr\/#\/schema\/person\/9bad5d6d81f92720eaf6c4750c93b7c5","name":"Julien Marchal","image":{"@type":"ImageObject","inLanguage":"en-US","@id":"https:\/\/julienmarchal.fr\/wp-content\/uploads\/2023\/02\/julien-marchal-debuts.png","url":"https:\/\/julienmarchal.fr\/wp-content\/uploads\/2023\/02\/julien-marchal-debuts.png","contentUrl":"https:\/\/julienmarchal.fr\/wp-content\/uploads\/2023\/02\/julien-marchal-debuts.png","width":1239,"height":711,"caption":"Julien Marchal"},"logo":{"@id":"https:\/\/julienmarchal.fr\/wp-content\/uploads\/2023\/02\/julien-marchal-debuts.png"},"sameAs":["https:\/\/www.instagram.com\/julienligniermarchal\/","https:\/\/www.linkedin.com\/in\/julien-lignier-marchal\/"]},{"@type":"Person","@id":"https:\/\/julienmarchal.fr\/#\/schema\/person\/666ce6402da97412a4009d2891d3cc1d","name":"Julien Marchal","image":{"@type":"ImageObject","inLanguage":"en-US","@id":"https:\/\/secure.gravatar.com\/avatar\/6ce4805ac055ef813258943a238453c65fb05242d1a5b34797c8fce2407e695b?s=96&r=g","url":"https:\/\/secure.gravatar.com\/avatar\/6ce4805ac055ef813258943a238453c65fb05242d1a5b34797c8fce2407e695b?s=96&r=g","contentUrl":"https:\/\/secure.gravatar.com\/avatar\/6ce4805ac055ef813258943a238453c65fb05242d1a5b34797c8fce2407e695b?s=96&r=g","caption":"Julien Marchal"},"sameAs":["https:\/\/julienmarchal.fr\/dev"]}]}},"_links":{"self":[{"href":"https:\/\/julienmarchal.fr\/en-us\/wp-json\/wp\/v2\/posts\/7612","targetHints":{"allow":["GET"]}}],"collection":[{"href":"https:\/\/julienmarchal.fr\/en-us\/wp-json\/wp\/v2\/posts"}],"about":[{"href":"https:\/\/julienmarchal.fr\/en-us\/wp-json\/wp\/v2\/types\/post"}],"author":[{"embeddable":true,"href":"https:\/\/julienmarchal.fr\/en-us\/wp-json\/wp\/v2\/users\/1"}],"replies":[{"embeddable":true,"href":"https:\/\/julienmarchal.fr\/en-us\/wp-json\/wp\/v2\/comments?post=7612"}],"version-history":[{"count":0,"href":"https:\/\/julienmarchal.fr\/en-us\/wp-json\/wp\/v2\/posts\/7612\/revisions"}],"wp:featuredmedia":[{"embeddable":true,"href":"https:\/\/julienmarchal.fr\/en-us\/wp-json\/wp\/v2\/media\/4252"}],"wp:attachment":[{"href":"https:\/\/julienmarchal.fr\/en-us\/wp-json\/wp\/v2\/media?parent=7612"}],"wp:term":[{"taxonomy":"category","embeddable":true,"href":"https:\/\/julienmarchal.fr\/en-us\/wp-json\/wp\/v2\/categories?post=7612"},{"taxonomy":"post_tag","embeddable":true,"href":"https:\/\/julienmarchal.fr\/en-us\/wp-json\/wp\/v2\/tags?post=7612"}],"curies":[{"name":"wp","href":"https:\/\/api.w.org\/{rel}","templated":true}]}}