{"id":7326,"date":"2008-07-03T14:20:17","date_gmt":"2008-07-03T12:20:17","guid":{"rendered":"https:\/\/julienmarchal.fr\/?p=7326"},"modified":"2023-03-06T22:15:53","modified_gmt":"2023-03-06T21:15:53","slug":"summary-of-the-60th-international-whaling-commission-iwc-2008","status":"publish","type":"post","link":"https:\/\/julienmarchal.fr\/en-us\/resume-de-la-60eme-commission-baleiniere-internationale-iwc-2008\/","title":{"rendered":"Summary of the 60th International Whaling Commission (IWC) (2008)"},"content":{"rendered":"<div data-elementor-type=\"wp-post\" data-elementor-id=\"7326\" class=\"elementor elementor-7326\" data-elementor-post-type=\"post\">\n\t\t\t\t\t\t<section class=\"elementor-section elementor-top-section elementor-element elementor-element-4068fdd elementor-section-boxed elementor-section-height-default elementor-section-height-default\" data-id=\"4068fdd\" data-element_type=\"section\" data-e-type=\"section\">\n\t\t\t\t\t\t<div class=\"elementor-container elementor-column-gap-default\">\n\t\t\t\t\t<div class=\"elementor-column elementor-col-100 elementor-top-column elementor-element elementor-element-9a56c7e\" data-id=\"9a56c7e\" data-element_type=\"column\" data-e-type=\"column\">\n\t\t\t<div class=\"elementor-widget-wrap elementor-element-populated\">\n\t\t\t\t\t\t<div class=\"elementor-element elementor-element-60d1034 elementor-widget elementor-widget-heading\" data-id=\"60d1034\" data-element_type=\"widget\" data-e-type=\"widget\" data-widget_type=\"heading.default\">\n\t\t\t\t<div class=\"elementor-widget-container\">\n\t\t\t\t\t<h2 class=\"elementor-heading-title elementor-size-default\">Hello Internet users,<\/h2>\t\t\t\t<\/div>\n\t\t\t\t<\/div>\n\t\t\t\t<div class=\"elementor-element elementor-element-142e4d8 elementor-widget elementor-widget-text-editor\" data-id=\"142e4d8\" data-element_type=\"widget\" data-e-type=\"widget\" data-widget_type=\"text-editor.default\">\n\t\t\t\t<div class=\"elementor-widget-container\">\n\t\t\t\t\t\t\t\t\t<p>The International Whaling Commission (IWC) was created by the Washington Convention (1946) in a context of overexploitation of large cetaceans. Originally intended to ensure \"the judicious conservation of the whale species and, consequently, to make possible the orderly development of the whaling industry\", the IWC has progressively given itself the mission of whale conservation.<\/p><p>A meeting of the Commission (decision-making body of the convention) takes place every year, which brings together 80 countries to date (June 1, 2008). 21 Member States of the European Union participate in this organization. The European Commission has observer status. France has been a member since the beginning.<\/p><p>The 60th annual meeting of the International Whaling Commission (IWC) was held from June 23 to 27, 2008 in Santiago, Chile.<\/p>\t\t\t\t\t\t\t\t<\/div>\n\t\t\t\t<\/div>\n\t\t\t\t<div class=\"elementor-element elementor-element-c7ca16b elementor-widget elementor-widget-image\" data-id=\"c7ca16b\" data-element_type=\"widget\" data-e-type=\"widget\" data-widget_type=\"image.default\">\n\t\t\t\t<div class=\"elementor-widget-container\">\n\t\t\t\t\t\t\t\t\t\t\t\t\t\t\t<img fetchpriority=\"high\" decoding=\"async\" width=\"885\" height=\"500\" src=\"https:\/\/julienmarchal.fr\/wp-content\/uploads\/2008\/07\/60ecommissionbaleines.jpg\" class=\"attachment-large size-large wp-image-7334\" alt=\"\" srcset=\"https:\/\/julienmarchal.fr\/wp-content\/uploads\/2008\/07\/60ecommissionbaleines.jpg 885w, https:\/\/julienmarchal.fr\/wp-content\/uploads\/2008\/07\/60ecommissionbaleines-300x169.jpg 300w, https:\/\/julienmarchal.fr\/wp-content\/uploads\/2008\/07\/60ecommissionbaleines-768x434.jpg 768w\" sizes=\"(max-width: 885px) 100vw, 885px\" \/>\t\t\t\t\t\t\t\t\t\t\t\t\t\t\t<\/div>\n\t\t\t\t<\/div>\n\t\t\t\t<div class=\"elementor-element elementor-element-3d80de0 elementor-widget elementor-widget-text-editor\" data-id=\"3d80de0\" data-element_type=\"widget\" data-e-type=\"widget\" data-widget_type=\"text-editor.default\">\n\t\t\t\t<div class=\"elementor-widget-container\">\n\t\t\t\t\t\t\t\t\t<p>In particular, delegates considered a recommendation, supported by France, to encourage decision-making by consensus rather than by systematic voting without effort at discussion.<\/p><p>It resulted in a status quo between countries that support and oppose whaling. It will allow Japan to continue \"scientific whaling\" with an unchanged annual quota of one thousand cetaceans.<\/p><p>According to AFP, the 80 participating countries have banned the Danish territory of Greenland from hunting ten humpback whales. The request was made by Inuit fishermen in exchange for their renunciation of hunting eight whales per year.<\/p>\t\t\t\t\t\t\t\t<\/div>\n\t\t\t\t<\/div>\n\t\t\t\t<div class=\"elementor-element elementor-element-823381b elementor-widget elementor-widget-image\" data-id=\"823381b\" data-element_type=\"widget\" data-e-type=\"widget\" data-widget_type=\"image.default\">\n\t\t\t\t<div class=\"elementor-widget-container\">\n\t\t\t\t\t\t\t\t\t\t\t\t\t\t\t<img decoding=\"async\" width=\"1024\" height=\"655\" src=\"https:\/\/julienmarchal.fr\/wp-content\/uploads\/2008\/07\/baleine-contrelachasse-1024x655.jpg\" class=\"attachment-large size-large wp-image-7339\" alt=\"\" srcset=\"https:\/\/julienmarchal.fr\/wp-content\/uploads\/2008\/07\/baleine-contrelachasse-1024x655.jpg 1024w, https:\/\/julienmarchal.fr\/wp-content\/uploads\/2008\/07\/baleine-contrelachasse-300x192.jpg 300w, https:\/\/julienmarchal.fr\/wp-content\/uploads\/2008\/07\/baleine-contrelachasse-768x492.jpg 768w, https:\/\/julienmarchal.fr\/wp-content\/uploads\/2008\/07\/baleine-contrelachasse-1536x983.jpg 1536w, https:\/\/julienmarchal.fr\/wp-content\/uploads\/2008\/07\/baleine-contrelachasse.jpg 1656w\" sizes=\"(max-width: 1024px) 100vw, 1024px\" \/>\t\t\t\t\t\t\t\t\t\t\t\t\t\t\t<\/div>\n\t\t\t\t<\/div>\n\t\t\t\t<div class=\"elementor-element elementor-element-02cb5db elementor-widget elementor-widget-text-editor\" data-id=\"02cb5db\" data-element_type=\"widget\" data-e-type=\"widget\" data-widget_type=\"text-editor.default\">\n\t\t\t\t<div class=\"elementor-widget-container\">\n\t\t\t\t\t\t\t\t\t<p>The Whaling Commission has decided to launch research on the impact of global warming on marine mammals. The IWC also managed to agree on the formation of a working group, made up of 24 countries, that will discuss, starting in September, points of divergence such as \"scientific hunting\", new dangers, global warming and cetacean watching activities.<\/p><p>On the other hand, no agreement was reached on the creation of a whale sanctuary in the southern Pacific Ocean, as demanded by many anti-whaling countries, particularly Latin American countries.<\/p><p>According to IFAW, 1500 whales will be targeted by Japanese harpoons in the Southern Ocean Sanctuary and the North Pacific over the next year while Iceland and Norway continue to hunt whales in defiance of the 1986 moratorium on commercial whaling, the organization deplores.<\/p><p>Despite the moratorium, more than 30,000 whales have been killed since 1986 under the guise of scientific hunts and Japan kills about 1,000 whales per year in the name of this exemption.<\/p><p>The next annual session of the IWC will be held in Madeira, Portugal, in 2009.<\/p><p>Finally, I'm moving to Polynesia in the middle of July and I'm going to stop my website for two months minimum.<\/p><p>Good luck with this project.<\/p>\t\t\t\t\t\t\t\t<\/div>\n\t\t\t\t<\/div>\n\t\t\t\t\t<\/div>\n\t\t<\/div>\n\t\t\t\t\t<\/div>\n\t\t<\/section>\n\t\t\t\t<section class=\"elementor-section elementor-top-section elementor-element elementor-element-b7a2f14 elementor-section-boxed elementor-section-height-default elementor-section-height-default\" data-id=\"b7a2f14\" data-element_type=\"section\" data-e-type=\"section\">\n\t\t\t\t\t\t<div class=\"elementor-container elementor-column-gap-default\">\n\t\t\t\t\t<div class=\"elementor-column elementor-col-100 elementor-top-column elementor-element elementor-element-21f3d82\" data-id=\"21f3d82\" data-element_type=\"column\" data-e-type=\"column\">\n\t\t\t<div class=\"elementor-widget-wrap elementor-element-populated\">\n\t\t\t\t\t\t<div class=\"elementor-element elementor-element-e5c2a9b elementor-widget elementor-widget-text-editor\" data-id=\"e5c2a9b\" data-element_type=\"widget\" data-e-type=\"widget\" data-widget_type=\"text-editor.default\">\n\t\t\t\t<div class=\"elementor-widget-container\">\n\t\t\t\t\t\t\t\t\t<h3>Sources:<\/h3><p>France Diplomatie<a href=\"http:\/\/www.diplomatie.gouv.fr\"> http:\/\/www.diplomatie.gouv.fr<\/a><br \/>Actu-Environment <a href=\"http:\/\/www.actu-environnement.com\">http:\/\/www.actu-environnement.com<\/a><br \/>Greenpeace Canada <a href=\"http:\/\/www.greenpeace.org\/canada\/en\/\">http:\/\/www.greenpeace.org\/canada\/en\/<\/a><br \/>IFAW <a href=\"http:\/\/www.ifaw.org\/ifaw\">http:\/\/www.ifaw.org\/ifaw <\/a><br \/>IWC <a href=\"http:\/\/www.iwcoffice.org\">http:\/\/www.iwcoffice.org\/<\/a><\/p>\t\t\t\t\t\t\t\t<\/div>\n\t\t\t\t<\/div>\n\t\t\t\t\t<\/div>\n\t\t<\/div>\n\t\t\t\t\t<\/div>\n\t\t<\/section>\n\t\t\t\t<section class=\"elementor-section elementor-top-section elementor-element elementor-element-5f4b12a7 elementor-section-boxed elementor-section-height-default elementor-section-height-default\" data-id=\"5f4b12a7\" data-element_type=\"section\" data-e-type=\"section\">\n\t\t\t\t\t\t<div class=\"elementor-container elementor-column-gap-default\">\n\t\t\t\t\t<div class=\"elementor-column elementor-col-100 elementor-top-column elementor-element elementor-element-f97428f\" data-id=\"f97428f\" data-element_type=\"column\" data-e-type=\"column\">\n\t\t\t<div class=\"elementor-widget-wrap elementor-element-populated\">\n\t\t\t\t\t\t<div class=\"elementor-element elementor-element-d19aa56 elementor-widget__width-initial elementor-widget elementor-widget-text-editor\" data-id=\"d19aa56\" data-element_type=\"widget\" data-e-type=\"widget\" data-widget_type=\"text-editor.default\">\n\t\t\t\t<div class=\"elementor-widget-container\">\n\t\t\t\t\t\t\t\t\t<blockquote><p><span style=\"font-size: medium;\">See you soon. Bye.<\/span><\/p><p><span style=\"font-size: large;\">Canada, July 2008.<\/span><\/p><p><cite>Julien Marchal<\/cite><\/p><\/blockquote>\t\t\t\t\t\t\t\t<\/div>\n\t\t\t\t<\/div>\n\t\t\t\t\t<\/div>\n\t\t<\/div>\n\t\t\t\t\t<\/div>\n\t\t<\/section>\n\t\t\t\t<\/div>","protected":false},"excerpt":{"rendered":"<p>The International Whaling Commission (IWC) was created by the Washington Convention (1946) in a context of overexploitation of large cetaceans. Originally intended to ensure \"the judicious conservation of the whale species and, consequently, to make possible the orderly development of the whaling industry\", the IWC has progressively given itself the mission of whale conservation.<\/p>","protected":false},"author":1,"featured_media":7335,"comment_status":"closed","ping_status":"open","sticky":false,"template":"","format":"standard","meta":{"footnotes":""},"categories":[99],"tags":[],"class_list":["post-7326","post","type-post","status-publish","format-standard","has-post-thumbnail","hentry","category-blog-general"],"yoast_head":"<!-- This site is optimized with the Yoast SEO plugin v27.3 - https:\/\/yoast.com\/product\/yoast-seo-wordpress\/ -->\n<title>JULIEN MARCHAL &#8212; R\u00e9sum\u00e9 de la 60\u00e8me Commission Baleini\u00e8re Internationale (IWC) (2008)<\/title>\n<meta name=\"robots\" content=\"index, follow, max-snippet:-1, max-image-preview:large, max-video-preview:-1\" \/>\n<link rel=\"canonical\" href=\"https:\/\/julienmarchal.fr\/en-us\/summary-of-the-60th-international-whaling-commission-iwc-2008\/\" \/>\n<meta property=\"og:locale\" content=\"en_US\" \/>\n<meta property=\"og:type\" content=\"article\" \/>\n<meta property=\"og:title\" content=\"JULIEN MARCHAL &#8212; R\u00e9sum\u00e9 de la 60\u00e8me Commission Baleini\u00e8re Internationale (IWC) (2008)\" \/>\n<meta property=\"og:description\" content=\"La Commission Baleini\u00e8re Internationale (CBI) a \u00e9t\u00e9 cr\u00e9\u00e9e par la Convention de Washington (1946) dans un contexte de surexploitation des grands c\u00e9tac\u00e9s. A l\u2019origine destin\u00e9e \u00e0 assurer \u00ab la conservation judicieuse de l\u2019esp\u00e8ce baleini\u00e8re et, partant, de rendre possible le d\u00e9veloppement ordonn\u00e9 de l\u2019industrie baleini\u00e8re \u00bb, la CBI s\u2019est progressivement donn\u00e9 pour mission la conservation des baleines.\" \/>\n<meta property=\"og:url\" content=\"https:\/\/julienmarchal.fr\/en-us\/summary-of-the-60th-international-whaling-commission-iwc-2008\/\" \/>\n<meta property=\"og:site_name\" content=\"JULIEN MARCHAL\" \/>\n<meta property=\"article:published_time\" content=\"2008-07-03T12:20:17+00:00\" \/>\n<meta property=\"article:modified_time\" content=\"2023-03-06T21:15:53+00:00\" \/>\n<meta property=\"og:image\" content=\"https:\/\/julienmarchal.fr\/wp-content\/uploads\/2008\/07\/baleine-filet.jpg\" \/>\n\t<meta property=\"og:image:width\" content=\"1000\" \/>\n\t<meta property=\"og:image:height\" content=\"677\" \/>\n\t<meta property=\"og:image:type\" content=\"image\/jpeg\" \/>\n<meta name=\"author\" content=\"Julien Marchal\" \/>\n<meta name=\"twitter:card\" content=\"summary_large_image\" \/>\n<script type=\"application\/ld+json\" class=\"yoast-schema-graph\">{\"@context\":\"https:\\\/\\\/schema.org\",\"@graph\":[{\"@type\":\"Article\",\"@id\":\"https:\\\/\\\/julienmarchal.fr\\\/resume-de-la-60eme-commission-baleiniere-internationale-iwc-2008\\\/#article\",\"isPartOf\":{\"@id\":\"https:\\\/\\\/julienmarchal.fr\\\/resume-de-la-60eme-commission-baleiniere-internationale-iwc-2008\\\/\"},\"author\":{\"name\":\"Julien Marchal\",\"@id\":\"https:\\\/\\\/julienmarchal.fr\\\/#\\\/schema\\\/person\\\/666ce6402da97412a4009d2891d3cc1d\"},\"headline\":\"R\u00e9sum\u00e9 de la 60\u00e8me Commission Baleini\u00e8re Internationale (IWC) (2008)\",\"datePublished\":\"2008-07-03T12:20:17+00:00\",\"dateModified\":\"2023-03-06T21:15:53+00:00\",\"mainEntityOfPage\":{\"@id\":\"https:\\\/\\\/julienmarchal.fr\\\/resume-de-la-60eme-commission-baleiniere-internationale-iwc-2008\\\/\"},\"wordCount\":542,\"publisher\":{\"@id\":\"https:\\\/\\\/julienmarchal.fr\\\/#\\\/schema\\\/person\\\/9bad5d6d81f92720eaf6c4750c93b7c5\"},\"image\":{\"@id\":\"https:\\\/\\\/julienmarchal.fr\\\/resume-de-la-60eme-commission-baleiniere-internationale-iwc-2008\\\/#primaryimage\"},\"thumbnailUrl\":\"https:\\\/\\\/julienmarchal.fr\\\/wp-content\\\/uploads\\\/2008\\\/07\\\/baleine-filet.jpg\",\"articleSection\":[\"Blog g\u00e9n\u00e9ral\"],\"inLanguage\":\"en-US\"},{\"@type\":\"WebPage\",\"@id\":\"https:\\\/\\\/julienmarchal.fr\\\/resume-de-la-60eme-commission-baleiniere-internationale-iwc-2008\\\/\",\"url\":\"https:\\\/\\\/julienmarchal.fr\\\/resume-de-la-60eme-commission-baleiniere-internationale-iwc-2008\\\/\",\"name\":\"JULIEN MARCHAL &#8212; R\u00e9sum\u00e9 de la 60\u00e8me Commission Baleini\u00e8re Internationale (IWC) (2008)\",\"isPartOf\":{\"@id\":\"https:\\\/\\\/julienmarchal.fr\\\/#website\"},\"primaryImageOfPage\":{\"@id\":\"https:\\\/\\\/julienmarchal.fr\\\/resume-de-la-60eme-commission-baleiniere-internationale-iwc-2008\\\/#primaryimage\"},\"image\":{\"@id\":\"https:\\\/\\\/julienmarchal.fr\\\/resume-de-la-60eme-commission-baleiniere-internationale-iwc-2008\\\/#primaryimage\"},\"thumbnailUrl\":\"https:\\\/\\\/julienmarchal.fr\\\/wp-content\\\/uploads\\\/2008\\\/07\\\/baleine-filet.jpg\",\"datePublished\":\"2008-07-03T12:20:17+00:00\",\"dateModified\":\"2023-03-06T21:15:53+00:00\",\"breadcrumb\":{\"@id\":\"https:\\\/\\\/julienmarchal.fr\\\/resume-de-la-60eme-commission-baleiniere-internationale-iwc-2008\\\/#breadcrumb\"},\"inLanguage\":\"en-US\",\"potentialAction\":[{\"@type\":\"ReadAction\",\"target\":[\"https:\\\/\\\/julienmarchal.fr\\\/resume-de-la-60eme-commission-baleiniere-internationale-iwc-2008\\\/\"]}]},{\"@type\":\"ImageObject\",\"inLanguage\":\"en-US\",\"@id\":\"https:\\\/\\\/julienmarchal.fr\\\/resume-de-la-60eme-commission-baleiniere-internationale-iwc-2008\\\/#primaryimage\",\"url\":\"https:\\\/\\\/julienmarchal.fr\\\/wp-content\\\/uploads\\\/2008\\\/07\\\/baleine-filet.jpg\",\"contentUrl\":\"https:\\\/\\\/julienmarchal.fr\\\/wp-content\\\/uploads\\\/2008\\\/07\\\/baleine-filet.jpg\",\"width\":1000,\"height\":677},{\"@type\":\"BreadcrumbList\",\"@id\":\"https:\\\/\\\/julienmarchal.fr\\\/resume-de-la-60eme-commission-baleiniere-internationale-iwc-2008\\\/#breadcrumb\",\"itemListElement\":[{\"@type\":\"ListItem\",\"position\":1,\"name\":\"Accueil\",\"item\":\"https:\\\/\\\/julienmarchal.fr\\\/\"},{\"@type\":\"ListItem\",\"position\":2,\"name\":\"R\u00e9sum\u00e9 de la 60\u00e8me Commission Baleini\u00e8re Internationale (IWC) (2008)\"}]},{\"@type\":\"WebSite\",\"@id\":\"https:\\\/\\\/julienmarchal.fr\\\/#website\",\"url\":\"https:\\\/\\\/julienmarchal.fr\\\/\",\"name\":\"JULIEN MARCHAL, Observateur de mammif\u00e8res marins\",\"description\":\"Observateur Mammif\u00e8res marins\",\"publisher\":{\"@id\":\"https:\\\/\\\/julienmarchal.fr\\\/#\\\/schema\\\/person\\\/9bad5d6d81f92720eaf6c4750c93b7c5\"},\"potentialAction\":[{\"@type\":\"SearchAction\",\"target\":{\"@type\":\"EntryPoint\",\"urlTemplate\":\"https:\\\/\\\/julienmarchal.fr\\\/?s={search_term_string}\"},\"query-input\":{\"@type\":\"PropertyValueSpecification\",\"valueRequired\":true,\"valueName\":\"search_term_string\"}}],\"inLanguage\":\"en-US\"},{\"@type\":[\"Person\",\"Organization\"],\"@id\":\"https:\\\/\\\/julienmarchal.fr\\\/#\\\/schema\\\/person\\\/9bad5d6d81f92720eaf6c4750c93b7c5\",\"name\":\"Julien Marchal\",\"image\":{\"@type\":\"ImageObject\",\"inLanguage\":\"en-US\",\"@id\":\"https:\\\/\\\/julienmarchal.fr\\\/wp-content\\\/uploads\\\/2023\\\/02\\\/julien-marchal-debuts.png\",\"url\":\"https:\\\/\\\/julienmarchal.fr\\\/wp-content\\\/uploads\\\/2023\\\/02\\\/julien-marchal-debuts.png\",\"contentUrl\":\"https:\\\/\\\/julienmarchal.fr\\\/wp-content\\\/uploads\\\/2023\\\/02\\\/julien-marchal-debuts.png\",\"width\":1239,\"height\":711,\"caption\":\"Julien Marchal\"},\"logo\":{\"@id\":\"https:\\\/\\\/julienmarchal.fr\\\/wp-content\\\/uploads\\\/2023\\\/02\\\/julien-marchal-debuts.png\"},\"sameAs\":[\"https:\\\/\\\/www.instagram.com\\\/julienligniermarchal\\\/\",\"https:\\\/\\\/www.linkedin.com\\\/in\\\/julien-lignier-marchal\\\/\"]},{\"@type\":\"Person\",\"@id\":\"https:\\\/\\\/julienmarchal.fr\\\/#\\\/schema\\\/person\\\/666ce6402da97412a4009d2891d3cc1d\",\"name\":\"Julien Marchal\",\"image\":{\"@type\":\"ImageObject\",\"inLanguage\":\"en-US\",\"@id\":\"https:\\\/\\\/secure.gravatar.com\\\/avatar\\\/6ce4805ac055ef813258943a238453c65fb05242d1a5b34797c8fce2407e695b?s=96&r=g\",\"url\":\"https:\\\/\\\/secure.gravatar.com\\\/avatar\\\/6ce4805ac055ef813258943a238453c65fb05242d1a5b34797c8fce2407e695b?s=96&r=g\",\"contentUrl\":\"https:\\\/\\\/secure.gravatar.com\\\/avatar\\\/6ce4805ac055ef813258943a238453c65fb05242d1a5b34797c8fce2407e695b?s=96&r=g\",\"caption\":\"Julien Marchal\"},\"sameAs\":[\"https:\\\/\\\/julienmarchal.fr\\\/dev\"]}]}<\/script>\n<!-- \/ Yoast SEO plugin. -->","yoast_head_json":{"title":"JULIEN MARCHAL - Summary of the 60th International Whaling Commission (IWC) (2008)","robots":{"index":"index","follow":"follow","max-snippet":"max-snippet:-1","max-image-preview":"max-image-preview:large","max-video-preview":"max-video-preview:-1"},"canonical":"https:\/\/julienmarchal.fr\/en-us\/summary-of-the-60th-international-whaling-commission-iwc-2008\/","og_locale":"en_US","og_type":"article","og_title":"JULIEN MARCHAL &#8212; R\u00e9sum\u00e9 de la 60\u00e8me Commission Baleini\u00e8re Internationale (IWC) (2008)","og_description":"La Commission Baleini\u00e8re Internationale (CBI) a \u00e9t\u00e9 cr\u00e9\u00e9e par la Convention de Washington (1946) dans un contexte de surexploitation des grands c\u00e9tac\u00e9s. A l\u2019origine destin\u00e9e \u00e0 assurer \u00ab la conservation judicieuse de l\u2019esp\u00e8ce baleini\u00e8re et, partant, de rendre possible le d\u00e9veloppement ordonn\u00e9 de l\u2019industrie baleini\u00e8re \u00bb, la CBI s\u2019est progressivement donn\u00e9 pour mission la conservation des baleines.","og_url":"https:\/\/julienmarchal.fr\/en-us\/summary-of-the-60th-international-whaling-commission-iwc-2008\/","og_site_name":"JULIEN MARCHAL","article_published_time":"2008-07-03T12:20:17+00:00","article_modified_time":"2023-03-06T21:15:53+00:00","og_image":[{"width":1000,"height":677,"url":"https:\/\/julienmarchal.fr\/wp-content\/uploads\/2008\/07\/baleine-filet.jpg","type":"image\/jpeg"}],"author":"Julien Marchal","twitter_card":"summary_large_image","schema":{"@context":"https:\/\/schema.org","@graph":[{"@type":"Article","@id":"https:\/\/julienmarchal.fr\/resume-de-la-60eme-commission-baleiniere-internationale-iwc-2008\/#article","isPartOf":{"@id":"https:\/\/julienmarchal.fr\/resume-de-la-60eme-commission-baleiniere-internationale-iwc-2008\/"},"author":{"name":"Julien Marchal","@id":"https:\/\/julienmarchal.fr\/#\/schema\/person\/666ce6402da97412a4009d2891d3cc1d"},"headline":"R\u00e9sum\u00e9 de la 60\u00e8me Commission Baleini\u00e8re Internationale (IWC) (2008)","datePublished":"2008-07-03T12:20:17+00:00","dateModified":"2023-03-06T21:15:53+00:00","mainEntityOfPage":{"@id":"https:\/\/julienmarchal.fr\/resume-de-la-60eme-commission-baleiniere-internationale-iwc-2008\/"},"wordCount":542,"publisher":{"@id":"https:\/\/julienmarchal.fr\/#\/schema\/person\/9bad5d6d81f92720eaf6c4750c93b7c5"},"image":{"@id":"https:\/\/julienmarchal.fr\/resume-de-la-60eme-commission-baleiniere-internationale-iwc-2008\/#primaryimage"},"thumbnailUrl":"https:\/\/julienmarchal.fr\/wp-content\/uploads\/2008\/07\/baleine-filet.jpg","articleSection":["Blog g\u00e9n\u00e9ral"],"inLanguage":"en-US"},{"@type":"WebPage","@id":"https:\/\/julienmarchal.fr\/resume-de-la-60eme-commission-baleiniere-internationale-iwc-2008\/","url":"https:\/\/julienmarchal.fr\/resume-de-la-60eme-commission-baleiniere-internationale-iwc-2008\/","name":"JULIEN MARCHAL - Summary of the 60th International Whaling Commission (IWC) (2008)","isPartOf":{"@id":"https:\/\/julienmarchal.fr\/#website"},"primaryImageOfPage":{"@id":"https:\/\/julienmarchal.fr\/resume-de-la-60eme-commission-baleiniere-internationale-iwc-2008\/#primaryimage"},"image":{"@id":"https:\/\/julienmarchal.fr\/resume-de-la-60eme-commission-baleiniere-internationale-iwc-2008\/#primaryimage"},"thumbnailUrl":"https:\/\/julienmarchal.fr\/wp-content\/uploads\/2008\/07\/baleine-filet.jpg","datePublished":"2008-07-03T12:20:17+00:00","dateModified":"2023-03-06T21:15:53+00:00","breadcrumb":{"@id":"https:\/\/julienmarchal.fr\/resume-de-la-60eme-commission-baleiniere-internationale-iwc-2008\/#breadcrumb"},"inLanguage":"en-US","potentialAction":[{"@type":"ReadAction","target":["https:\/\/julienmarchal.fr\/resume-de-la-60eme-commission-baleiniere-internationale-iwc-2008\/"]}]},{"@type":"ImageObject","inLanguage":"en-US","@id":"https:\/\/julienmarchal.fr\/resume-de-la-60eme-commission-baleiniere-internationale-iwc-2008\/#primaryimage","url":"https:\/\/julienmarchal.fr\/wp-content\/uploads\/2008\/07\/baleine-filet.jpg","contentUrl":"https:\/\/julienmarchal.fr\/wp-content\/uploads\/2008\/07\/baleine-filet.jpg","width":1000,"height":677},{"@type":"BreadcrumbList","@id":"https:\/\/julienmarchal.fr\/resume-de-la-60eme-commission-baleiniere-internationale-iwc-2008\/#breadcrumb","itemListElement":[{"@type":"ListItem","position":1,"name":"Accueil","item":"https:\/\/julienmarchal.fr\/"},{"@type":"ListItem","position":2,"name":"R\u00e9sum\u00e9 de la 60\u00e8me Commission Baleini\u00e8re Internationale (IWC) (2008)"}]},{"@type":"WebSite","@id":"https:\/\/julienmarchal.fr\/#website","url":"https:\/\/julienmarchal.fr\/","name":"JULIEN MARCHAL, Marine mammal observer","description":"Marine Mammal Observer","publisher":{"@id":"https:\/\/julienmarchal.fr\/#\/schema\/person\/9bad5d6d81f92720eaf6c4750c93b7c5"},"potentialAction":[{"@type":"SearchAction","target":{"@type":"EntryPoint","urlTemplate":"https:\/\/julienmarchal.fr\/?s={search_term_string}"},"query-input":{"@type":"PropertyValueSpecification","valueRequired":true,"valueName":"search_term_string"}}],"inLanguage":"en-US"},{"@type":["Person","Organization"],"@id":"https:\/\/julienmarchal.fr\/#\/schema\/person\/9bad5d6d81f92720eaf6c4750c93b7c5","name":"Julien Marchal","image":{"@type":"ImageObject","inLanguage":"en-US","@id":"https:\/\/julienmarchal.fr\/wp-content\/uploads\/2023\/02\/julien-marchal-debuts.png","url":"https:\/\/julienmarchal.fr\/wp-content\/uploads\/2023\/02\/julien-marchal-debuts.png","contentUrl":"https:\/\/julienmarchal.fr\/wp-content\/uploads\/2023\/02\/julien-marchal-debuts.png","width":1239,"height":711,"caption":"Julien Marchal"},"logo":{"@id":"https:\/\/julienmarchal.fr\/wp-content\/uploads\/2023\/02\/julien-marchal-debuts.png"},"sameAs":["https:\/\/www.instagram.com\/julienligniermarchal\/","https:\/\/www.linkedin.com\/in\/julien-lignier-marchal\/"]},{"@type":"Person","@id":"https:\/\/julienmarchal.fr\/#\/schema\/person\/666ce6402da97412a4009d2891d3cc1d","name":"Julien Marchal","image":{"@type":"ImageObject","inLanguage":"en-US","@id":"https:\/\/secure.gravatar.com\/avatar\/6ce4805ac055ef813258943a238453c65fb05242d1a5b34797c8fce2407e695b?s=96&r=g","url":"https:\/\/secure.gravatar.com\/avatar\/6ce4805ac055ef813258943a238453c65fb05242d1a5b34797c8fce2407e695b?s=96&r=g","contentUrl":"https:\/\/secure.gravatar.com\/avatar\/6ce4805ac055ef813258943a238453c65fb05242d1a5b34797c8fce2407e695b?s=96&r=g","caption":"Julien Marchal"},"sameAs":["https:\/\/julienmarchal.fr\/dev"]}]}},"_links":{"self":[{"href":"https:\/\/julienmarchal.fr\/en-us\/wp-json\/wp\/v2\/posts\/7326","targetHints":{"allow":["GET"]}}],"collection":[{"href":"https:\/\/julienmarchal.fr\/en-us\/wp-json\/wp\/v2\/posts"}],"about":[{"href":"https:\/\/julienmarchal.fr\/en-us\/wp-json\/wp\/v2\/types\/post"}],"author":[{"embeddable":true,"href":"https:\/\/julienmarchal.fr\/en-us\/wp-json\/wp\/v2\/users\/1"}],"replies":[{"embeddable":true,"href":"https:\/\/julienmarchal.fr\/en-us\/wp-json\/wp\/v2\/comments?post=7326"}],"version-history":[{"count":0,"href":"https:\/\/julienmarchal.fr\/en-us\/wp-json\/wp\/v2\/posts\/7326\/revisions"}],"wp:featuredmedia":[{"embeddable":true,"href":"https:\/\/julienmarchal.fr\/en-us\/wp-json\/wp\/v2\/media\/7335"}],"wp:attachment":[{"href":"https:\/\/julienmarchal.fr\/en-us\/wp-json\/wp\/v2\/media?parent=7326"}],"wp:term":[{"taxonomy":"category","embeddable":true,"href":"https:\/\/julienmarchal.fr\/en-us\/wp-json\/wp\/v2\/categories?post=7326"},{"taxonomy":"post_tag","embeddable":true,"href":"https:\/\/julienmarchal.fr\/en-us\/wp-json\/wp\/v2\/tags?post=7326"}],"curies":[{"name":"wp","href":"https:\/\/api.w.org\/{rel}","templated":true}]}}